{"id":38764,"date":"2025-04-27T07:52:13","date_gmt":"2025-04-27T07:52:13","guid":{"rendered":"https:\/\/calatorinromania.com\/?p=38764"},"modified":"2025-04-27T07:52:13","modified_gmt":"2025-04-27T07:52:13","slug":"cand-am-luat-o-pe-mama-mea-in-varsta-sa-locuiasca-cu-mine-am-crezut-ca-va-fi-dificil-cum-mutarea-ei-mi-a-schimbat-viata","status":"publish","type":"post","link":"http:\/\/calatorinromania.com\/?p=38764","title":{"rendered":"C\u00e2nd am luat-o pe mama mea \u00een v\u00e2rst\u0103 s\u0103 locuiasc\u0103 cu mine, am crezut c\u0103 va fi dificil. Cum mutarea ei mi-a schimbat via\u021ba"},"content":{"rendered":"\n<h3>DISCLAIMER: Acest site este neutru din punct de vedere politic \u0219i nu sus\u021bine niciun partid sau ideologie politic\u0103.<\/h3>\n\n\n\n<p>Via\u021ba ne schimb\u0103 uneori planurile at\u00e2t de nea\u0219teptat, \u00eenc\u00e2t nici nu ne d\u0103m seama c\u00e2t de repede ne trezim \u00eentr-o realitate complet diferit\u0103. Exact asta mi s-a \u00eent\u00e2mplat mie. Eram obi\u0219nuit s\u0103 tr\u0103iesc singur \u00een ora\u0219, bucur\u00e2ndu-m\u0103 de independen\u021ba mea. Mama mea locuia la \u021bar\u0103 \u0219i, c\u00e2t timp tat\u0103l meu a fost \u00een via\u021b\u0103, totul p\u0103rea firesc. Dar dup\u0103 plecarea lui, lumea s-a schimbat.<\/p>\n\n\n\n<p>Prima dat\u0103 c\u00e2nd am sim\u021bit nelini\u0219te a fost \u00een timpul unei vizite la mama mea. Ea fusese mereu o femeie puternic\u0103 \u0219i independent\u0103, dar acum p\u0103rea pierdut\u0103 \u0219i speriat\u0103, ca un copil l\u0103sat f\u0103r\u0103 sprijin. Privirea ei trist\u0103 \u0219i modul \u00een care m-a rugat, cu vocea tremur\u00e2nd\u0103, s\u0103 mai r\u0103m\u00e2n o zi mi-au r\u0103mas \u00een minte mult timp dup\u0103 ce am plecat. Nu am mai putut s\u0103 o las singur\u0103.<\/p>\n\n\n\n<p>Am \u00een\u021beles c\u0103 mama mea avea nevoie de \u00eengrijire \u0219i aten\u021bie constant\u0103, a\u0219a c\u0103 am luat o decizie \u2013 o voi aduce la ora\u0219 s\u0103 locuiasc\u0103 cu mine. \u00cen acea zi, \u0219i-a \u00eempachetat o geant\u0103 mic\u0103. Ceea ce m-a surprins cel mai mult a fost c\u0103, printre pu\u021binele ei lucruri, se afla o pern\u0103 veche \u0219i un set de a\u0219ternuturi pe care i le d\u0103ruisem cu ani \u00een urm\u0103. \u201eDe ce tocmai acestea?\u201d m-am \u00eentrebat. Poate \u00eei aminteau de o vreme c\u00e2nd totul era \u00eenc\u0103 lini\u0219tit \u0219i familiar.<\/p>\n\n\n\n<p>Mama a plecat cu greu din casa unde \u00ee\u0219i tr\u0103ise \u00eentreaga via\u021b\u0103. Chiar \u0219i vizitele scurte \u00een ora\u0219 fuseser\u0103 \u00eentotdeauna o mare provocare pentru ea. Iar acum trebuia s\u0103 lase \u00een urm\u0103 tot ce cuno\u0219tea \u0219i iubea. Era dureros s\u0103-i v\u0103d triste\u021bea, dar speram c\u0103 al\u0103turi de mine va g\u0103si lini\u0219te.<\/p>\n\n\n\n<p>Primele zile au fost dificile \u2013 mama mea se obi\u0219nuia \u00eencet cu noul mediu. Se mi\u0219ca atent prin cas\u0103, de parc\u0103 se temea s\u0103 nu deranjeze ceva. Petrecea ore \u00een \u0219ir st\u00e2nd \u00een lini\u0219te \u00een camera ei, citind rug\u0103ciuni, f\u0103r\u0103 s\u0103 ias\u0103 aproape deloc. Dar dup\u0103 dou\u0103 s\u0103pt\u0103m\u00e2ni, am observat o schimbare. \u00cencet-\u00eencet, revenea la via\u021b\u0103. Ochii ei au \u00eenceput s\u0103 str\u0103luceasc\u0103 din nou atunci c\u00e2nd m\u0103 \u00eentorceam de la munc\u0103. M\u0103 a\u0219tepta la u\u0219\u0103, iar \u00een privirea ei vedeam c\u00e2t de mult se bucura s\u0103 m\u0103 revad\u0103.<\/p>\n\n\n\n<p>Am \u00eenceput s\u0103 preg\u0103tim cina \u00eempreun\u0103. O priveam cum lumina bl\u00e2nd\u0103 a serii se reflecta \u00een p\u0103rul ei c\u0103runt \u00een timp ce t\u0103ia legumele cu aten\u021bie. Uneori, \u00eei atingeam u\u0219or m\u00e2na ca s\u0103 o aduc \u00een conversa\u021bie, iar \u00een ochii ei vedeam o combina\u021bie de recuno\u0219tin\u021b\u0103 \u0219i afec\u021biune.<\/p>\n\n\n\n<p>Dar cel mai mult m-a surprins ceea ce s-a \u00eent\u00e2mplat cu mine. S-ar fi zis c\u0103 ar trebui s\u0103 m\u0103 simt mai obosit \u2013 munca, noile responsabilit\u0103\u021bi, grija pentru mama mea. \u0218i totu\u0219i, \u00een loc s\u0103 fiu epuizat, sim\u021beam cum via\u021ba mea \u00eencepea s\u0103 capete un nou sens, o c\u0103ldur\u0103 pe care o pierdusem \u00een singur\u0103tate. \u00cen fiecare sear\u0103, m\u0103 gr\u0103beam s\u0103 ajung acas\u0103, \u0219tiind c\u0103 nu m\u0103 a\u0219teapt\u0103 o camer\u0103 goal\u0103, ci o persoan\u0103 pentru care \u00eensemnam totul.<\/p>\n\n\n\n<p>Acum cred c\u0103 rug\u0103ciunile mamei mele au schimbat totul. T\u0103cute \u0219i sincere, au umplut casa mea cu pace \u0219i c\u0103ldur\u0103. S-a instalat o lini\u0219te at\u00e2t de profund\u0103, \u00eenc\u00e2t de multe ori m\u0103 trezeam pierdut \u00een amintiri din copil\u0103rie, dintr-o perioad\u0103 \u00een care totul p\u0103rea simplu \u0219i sigur.<\/p>\n\n\n\n<p>Nu \u0219tiu c\u00e2t timp ne-a mai r\u0103mas \u00eempreun\u0103, dar pre\u021buiesc fiecare zi pe care o petrecem unul l\u00e2ng\u0103 cel\u0103lalt. Mam\u0103, \u00ee\u021bi mul\u021bumesc c\u0103 e\u0219ti aici. Nu doar c\u0103 ai schimbat casa mea \u2013 mi-ai schimbat inima. <\/p>\n","protected":false},"excerpt":{"rendered":"<p>DISCLAIMER: Acest site este neutru din punct de vedere politic \u0219i nu sus\u021bine niciun partid sau ideologie politic\u0103. Via\u021ba ne schimb\u0103 uneori planurile at\u00e2t de<\/p>\n","protected":false},"author":1,"featured_media":38656,"comment_status":"closed","ping_status":"closed","sticky":false,"template":"","format":"standard","meta":[],"categories":[1],"tags":[],"_links":{"self":[{"href":"http:\/\/calatorinromania.com\/index.php?rest_route=\/wp\/v2\/posts\/38764"}],"collection":[{"href":"http:\/\/calatorinromania.com\/index.php?rest_route=\/wp\/v2\/posts"}],"about":[{"href":"http:\/\/calatorinromania.com\/index.php?rest_route=\/wp\/v2\/types\/post"}],"author":[{"embeddable":true,"href":"http:\/\/calatorinromania.com\/index.php?rest_route=\/wp\/v2\/users\/1"}],"replies":[{"embeddable":true,"href":"http:\/\/calatorinromania.com\/index.php?rest_route=%2Fwp%2Fv2%2Fcomments&post=38764"}],"version-history":[{"count":1,"href":"http:\/\/calatorinromania.com\/index.php?rest_route=\/wp\/v2\/posts\/38764\/revisions"}],"predecessor-version":[{"id":38765,"href":"http:\/\/calatorinromania.com\/index.php?rest_route=\/wp\/v2\/posts\/38764\/revisions\/38765"}],"wp:featuredmedia":[{"embeddable":true,"href":"http:\/\/calatorinromania.com\/index.php?rest_route=\/wp\/v2\/media\/38656"}],"wp:attachment":[{"href":"http:\/\/calatorinromania.com\/index.php?rest_route=%2Fwp%2Fv2%2Fmedia&parent=38764"}],"wp:term":[{"taxonomy":"category","embeddable":true,"href":"http:\/\/calatorinromania.com\/index.php?rest_route=%2Fwp%2Fv2%2Fcategories&post=38764"},{"taxonomy":"post_tag","embeddable":true,"href":"http:\/\/calatorinromania.com\/index.php?rest_route=%2Fwp%2Fv2%2Ftags&post=38764"}],"curies":[{"name":"wp","href":"https:\/\/api.w.org\/{rel}","templated":true}]}}