{"id":38743,"date":"2025-04-26T06:12:29","date_gmt":"2025-04-26T06:12:29","guid":{"rendered":"https:\/\/calatorinromania.com\/?p=38743"},"modified":"2025-04-26T06:12:29","modified_gmt":"2025-04-26T06:12:29","slug":"%f0%9f%9f%a2-comoara-verde-din-gradina-si-din-farfurie","status":"publish","type":"post","link":"http:\/\/calatorinromania.com\/?p=38743","title":{"rendered":"\ud83d\udfe2 <strong>Comoara verde din gr\u0103din\u0103 \u0219i din farfurie<\/strong>"},"content":{"rendered":"\n<h2><\/h2>\n\n\n\n<p>Este important s\u0103 incluzi o varietate de legume \u00een dieta ta pentru a asigura un aport diversificat de nutrien\u021bi. Dac\u0103 ai anumite condi\u021bii de s\u0103n\u0103tate sau preocup\u0103ri alimentare, este \u00eentotdeauna recomandat s\u0103 consul\u021bi un profesionist \u00een domeniul s\u0103n\u0103t\u0103\u021bii pentru sfaturi personalizate.<\/p>\n\n\n\n<p>Informa\u021biile prezentate \u00een acest website au caracter informativ \u0219i nu \u00eenlocuiesc diagnosticul medical sau prospectul produselor. Orice decizie privind s\u0103n\u0103tatea dumneavoastr\u0103 trebuie luat\u0103 doar \u00een urma consult\u0103rii medicului.<\/p>\n\n\n\n<p><strong>Portulaca (Purslane) \u2013 o minune ascuns\u0103 \u00een gr\u0103dina ta! \ud83c\udf31<\/strong><\/p>\n\n\n\n<p>De\u0219i mul\u021bi o consider\u0103 doar o buruian\u0103, <strong>portulaca<\/strong> este o <strong>plante comestibil\u0103 incredibil de valoroas\u0103<\/strong> \u2013 plin\u0103 de nutrien\u021bi, u\u0219or de crescut \u0219i absolut delicioas\u0103 \u00een salate! \ud83d\ude0b<\/p>\n\n\n\n<p>\u2728 <strong>Beneficii rapide:<\/strong><\/p>\n\n\n\n<ul>\n<li>Bogat\u0103 \u00een <strong>Omega-3<\/strong>, antioxidan\u021bi \u0219i vitamine<\/li>\n\n\n\n<li>\u00cembun\u0103t\u0103\u021be\u0219te <strong>calitatea solului<\/strong><\/li>\n\n\n\n<li>Atrag\u0103toare pentru <strong>albine \u0219i polenizatori<\/strong> \ud83d\udc1d<\/li>\n\n\n\n<li>U\u0219or de cultivat \u00een ghiveci sau gr\u0103din\u0103<\/li>\n<\/ul>\n\n\n\n<h2>\ud83e\udd57 <strong>Re\u021bet\u0103 rapid\u0103: Salat\u0103 proasp\u0103t\u0103 cu portulaca<\/strong><\/h2>\n\n\n\n<p>O salat\u0103 <strong>r\u0103coritoare, simpl\u0103 \u0219i extrem de s\u0103n\u0103toas\u0103<\/strong>, perfect\u0103 pentru var\u0103 sau o zi de detox \ud83c\udf3f<\/p>\n\n\n\n<h3>\ud83e\uddfe Ingrediente:<\/h3>\n\n\n\n<ul>\n<li>\ud83e\udd6c <strong>1 m\u00e2n\u0103 de frunze proaspete de portulaca<\/strong><\/li>\n\n\n\n<li>\ud83c\udf45 <strong>1 ro\u0219ie<\/strong> (t\u0103iat\u0103 cubule\u021be)<\/li>\n\n\n\n<li>\ud83e\udd52 <strong>1 castravete<\/strong> (cuburi mici)<\/li>\n\n\n\n<li>\ud83e\uded2 <strong>1 linguri\u021b\u0103 ulei de m\u0103sline extravirgin<\/strong><\/li>\n\n\n\n<li>\ud83c\udf4b <strong>Zeam\u0103 de l\u0103m\u00e2ie<\/strong> \u2013 dup\u0103 gust<\/li>\n\n\n\n<li>\ud83e\uddc2 <strong>Sare \u0219i piper<\/strong> \u2013 dup\u0103 preferin\u021b\u0103<\/li>\n<\/ul>\n\n\n\n<h3>\ud83d\udc69\u200d\ud83c\udf73 Mod de preparare:<\/h3>\n\n\n\n<ol>\n<li>Spal\u0103 bine frunzele de portulaca cu ap\u0103 rece \ud83d\udca7<\/li>\n\n\n\n<li>Taie ro\u0219ia \u0219i castravetele \u00een cubule\u021be mici<\/li>\n\n\n\n<li>Amestec\u0103 totul \u00eentr-un bol \u00eenc\u0103p\u0103tor \ud83e\udd57<\/li>\n\n\n\n<li>Adaug\u0103 uleiul de m\u0103sline \u0219i zeama de l\u0103m\u00e2ie<\/li>\n\n\n\n<li>Potrive\u0219te gustul cu sare \u0219i piper<\/li>\n\n\n\n<li>Las\u0103 salata s\u0103 stea <strong>5\u201310 minute<\/strong>, ca aromele s\u0103 se combine armonios<\/li>\n<\/ol>\n\n\n\n<h3>\ud83c\udf1f Sfaturi pentru servire:<\/h3>\n\n\n\n<ul>\n<li>Perfect\u0103 ca <strong>garnitur\u0103<\/strong> sau <strong>salat\u0103 principal\u0103<\/strong> \u00eentr-o mas\u0103 u\u0219oar\u0103<\/li>\n\n\n\n<li>Se p\u0103streaz\u0103 la frigider <strong>p\u00e2n\u0103 la 24h<\/strong> \u00eentr-un recipient \u00eenchis<\/li>\n\n\n\n<li>Po\u021bi ad\u0103uga <strong>br\u00e2nz\u0103 feta, semin\u021be de dovleac sau nuci crocante<\/strong> pentru extra savoare<\/li>\n<\/ul>\n\n\n\n<h3>\ud83d\udd04 Varia\u021bii delicioase:<\/h3>\n\n\n\n<ul>\n<li>\ud83e\udd51 <strong>Avocado<\/strong> \u2013 pentru o textur\u0103 fin\u0103 \u0219i cremoas\u0103<\/li>\n\n\n\n<li>\ud83c\udf57 <strong>Pui la gr\u0103tar<\/strong> sau tofu \u2013 pentru un plus de proteine<\/li>\n\n\n\n<li>\ud83c\udf73 <strong>Versiune cald\u0103<\/strong>: Soteaz\u0103 portulaca 2-3 minute cu pu\u021bin usturoi \u0219i ulei de m\u0103sline \u2013 iese o garnitur\u0103 cald\u0103 de nota 10!<\/li>\n<\/ul>\n\n\n\n<p><\/p>\n\n\n\n<p>De\u0219i <strong>portulaca<\/strong> (purslane) este extrem de s\u0103n\u0103toas\u0103 pentru majoritatea oamenilor, <strong>exist\u0103 c\u00e2teva categorii care ar trebui s\u0103 o evite sau s\u0103 o consume cu pruden\u021b\u0103<\/strong>:<\/p>\n\n\n\n<h2>\u2757\ufe0f <strong>Cine NU ar trebui s\u0103 consume portulaca:<\/strong><\/h2>\n\n\n\n<h3>1. \ud83e\uddc2 <strong>Persoanele cu predispozi\u021bie la pietre la rinichi<\/strong><\/h3>\n\n\n\n<p>Portulaca este <strong>bogat\u0103 \u00een oxala\u021bi<\/strong>, substan\u021be care pot contribui la formarea pietrelor la rinichi (\u00een special cele de tip oxalat de calciu).<br>\ud83d\udd38 Dac\u0103 ai <strong>antecedente de litiaz\u0103 renal\u0103<\/strong>, consult\u0103 un medic \u00eenainte de a consuma \u00een mod regulat.<\/p>\n\n\n\n<h3>2. \ud83d\udc76 <strong>Femeile \u00eens\u0103rcinate (cu pruden\u021b\u0103)<\/strong><\/h3>\n\n\n\n<p>De\u0219i nu este dovedit clar, unele surse sugereaz\u0103 c\u0103 <strong>\u00een cantit\u0103\u021bi mari<\/strong>, portulaca ar putea <strong>stimula contrac\u021biile uterine<\/strong>.<br>\ud83d\udd38 <strong>Consum ocazional, \u00een salate mici, este considerat sigur<\/strong>, dar e bine s\u0103 evi\u021bi consumul excesiv.<\/p>\n\n\n\n<h3>3. \ud83d\udc8a <strong>Persoanele care iau medicamente anticoagulante<\/strong><\/h3>\n\n\n\n<p>Portulaca con\u021bine <strong>vitamina K<\/strong>, care poate <strong>interfera cu tratamentele anticoagulante<\/strong> (cum ar fi warfarina).<br>\ud83d\udd38 Dac\u0103 iei astfel de tratamente, discut\u0103 cu medicul t\u0103u despre cantitatea permis\u0103.<\/p>\n\n\n\n<h3>4. \ud83d\udc67 <strong>Copii sub 1 an<\/strong><\/h3>\n\n\n\n<p>Nu este recomandat\u0103 pentru bebelu\u0219i, deoarece poate fi greu de digerat pentru sistemul lor digestiv fragil. \u00cen plus, exist\u0103 riscul unor alergii neidentificate.<\/p>\n\n\n\n<p><\/p>\n\n\n\n<h2>\u2753\u00centreb\u0103ri frecvente:<\/h2>\n\n\n\n<p>\ud83d\udd39 <strong>Are gust puternic?<\/strong><br>Nu, are un gust u\u0219or acri\u0219or \u0219i proasp\u0103t \u2013 se combin\u0103 excelent cu ingrediente mediteraneene.<\/p>\n\n\n\n<p>\ud83d\udd39 <strong>Este sigur\u0103 pentru to\u021bi?<\/strong><br>Da, dar dac\u0103 ai afec\u021biuni renale sau m\u0103n\u00e2nci mult\u0103 portulaca, consult\u0103 un nutri\u021bionist \u2013 e bogat\u0103 \u00een oxala\u021bi (ca spanacul).<\/p>\n\n\n\n<p>\ud83d\udd39 <strong>Unde o pot g\u0103si?<\/strong><br>O po\u021bi culege din gr\u0103din\u0103 (dac\u0103 \u0219tii sigur ce e) sau po\u021bi c\u0103uta \u00een pie\u021be locale, t\u00e2rguri eco sau magazine naturiste.<\/p>\n","protected":false},"excerpt":{"rendered":"<p>Este important s\u0103 incluzi o varietate de legume \u00een dieta ta pentru a asigura un aport diversificat de nutrien\u021bi. Dac\u0103 ai anumite condi\u021bii de s\u0103n\u0103tate<\/p>\n","protected":false},"author":1,"featured_media":38744,"comment_status":"closed","ping_status":"closed","sticky":false,"template":"","format":"standard","meta":[],"categories":[1],"tags":[],"_links":{"self":[{"href":"http:\/\/calatorinromania.com\/index.php?rest_route=\/wp\/v2\/posts\/38743"}],"collection":[{"href":"http:\/\/calatorinromania.com\/index.php?rest_route=\/wp\/v2\/posts"}],"about":[{"href":"http:\/\/calatorinromania.com\/index.php?rest_route=\/wp\/v2\/types\/post"}],"author":[{"embeddable":true,"href":"http:\/\/calatorinromania.com\/index.php?rest_route=\/wp\/v2\/users\/1"}],"replies":[{"embeddable":true,"href":"http:\/\/calatorinromania.com\/index.php?rest_route=%2Fwp%2Fv2%2Fcomments&post=38743"}],"version-history":[{"count":1,"href":"http:\/\/calatorinromania.com\/index.php?rest_route=\/wp\/v2\/posts\/38743\/revisions"}],"predecessor-version":[{"id":38745,"href":"http:\/\/calatorinromania.com\/index.php?rest_route=\/wp\/v2\/posts\/38743\/revisions\/38745"}],"wp:featuredmedia":[{"embeddable":true,"href":"http:\/\/calatorinromania.com\/index.php?rest_route=\/wp\/v2\/media\/38744"}],"wp:attachment":[{"href":"http:\/\/calatorinromania.com\/index.php?rest_route=%2Fwp%2Fv2%2Fmedia&parent=38743"}],"wp:term":[{"taxonomy":"category","embeddable":true,"href":"http:\/\/calatorinromania.com\/index.php?rest_route=%2Fwp%2Fv2%2Fcategories&post=38743"},{"taxonomy":"post_tag","embeddable":true,"href":"http:\/\/calatorinromania.com\/index.php?rest_route=%2Fwp%2Fv2%2Ftags&post=38743"}],"curies":[{"name":"wp","href":"https:\/\/api.w.org\/{rel}","templated":true}]}}