{"id":38740,"date":"2025-04-26T06:07:13","date_gmt":"2025-04-26T06:07:13","guid":{"rendered":"https:\/\/calatorinromania.com\/?p=38740"},"modified":"2025-04-26T06:07:13","modified_gmt":"2025-04-26T06:07:13","slug":"fantana-care-nu-seaca-niciodata-izvorul-tamaduirii-din-romania-unde-oamenii-spun-ca-au-fost-salvati","status":"publish","type":"post","link":"http:\/\/calatorinromania.com\/?p=38740","title":{"rendered":"F\u00e2nt\u00e2na care nu seac\u0103 niciodat\u0103: Izvorul T\u0103m\u0103duirii din Rom\u00e2nia unde oamenii spun c\u0103 au fost salva\u021bi"},"content":{"rendered":"\n<p>Cuvintele cheie \u201eIzvorul T\u0103m\u0103duirii\u201d evoc\u0103 una dintre cele mai puternice simboluri ale credin\u021bei ortodoxe, dar \u0219i una dintre cele mai profunde tradi\u021bii legate de miracolul vindec\u0103rii trupe\u0219ti \u0219i suflete\u0219ti. \u00cen inima jude\u021bului Buz\u0103u, f\u00e2nt\u00e2na din satul Smeeni este cunoscut\u0103 \u00een toat\u0103 \u021bara ca fiind \u201eF\u00e2nt\u00e2na T\u0103m\u0103duirii\u201d, loc unde legenda \u0219i credin\u021ba se \u00eempreun\u0103 pentru a crea un punct unic de pelerinaj, speran\u021b\u0103 \u0219i vindecare.<\/p>\n\n\n\n<p><\/p>\n\n\n\n<h2>Povestea care a pornit legenda<\/h2>\n\n\n\n<p>Totul a \u00eenceput \u00een anul 1926, atunci c\u00e2nd un t\u00e2n\u0103r din Smeeni, orb din na\u0219tere, a povestit c\u0103 \u0219i-a rec\u0103p\u0103tat vederea dup\u0103 ce s-a sp\u0103lat cu ap\u0103 dintr-o f\u00e2nt\u00e2n\u0103 p\u0103r\u0103s\u0103. Vestea s-a r\u0103sp\u00e2ndit cu repeziciune \u00een satele din jur, iar cur\u00e2nd \u00eenv\u0103\u021buiala a cuprins \u00eentreg jude\u021bul. Zeci, apoi sute de oameni au venit s\u0103 se spele cu acea ap\u0103, iar relat\u0103rile despre vindec\u0103ri miraculoase au \u00eenceput s\u0103 curg\u0103.<\/p>\n\n\n\n<p><a href=\"https:\/\/usd24.ro\/fericit-fiind-si-a-anuntat-consatenii-ca-nevasta-sa-a-nascut-a-doua-zi-a-primit-o-veste-teribila\/\" target=\"_blank\" rel=\"noreferrer noopener\"><\/a><\/p>\n\n\n\n<p><\/p>\n\n\n\n<h2>Un loc al credin\u021bei vii<\/h2>\n\n\n\n<p>Ast\u0103zi, F\u00e2nt\u00e2na T\u0103m\u0103duirii din Smeeni este \u00eenc\u0103 activ\u0103, iar localnicii au grij\u0103 s\u0103 o \u00eentre\u021bin\u0103 cu respect \u0219i credin\u021b\u0103. Apa este rece, curat\u0103 \u0219i, spun ei, nu a secat niciodat\u0103, indiferent de seceta care a b\u0103tut regiunea de-a lungul deceniilor. \u00cen fiecare an, de Izvorul T\u0103m\u0103duirii (Vinerea Luminat\u0103), credincio\u0219ii vin cu canistre, sticle \u0219i rug\u0103ciuni, convin\u0219i c\u0103 apa are darul de a vindeca bolile trupului \u0219i sufletului.<\/p>\n\n\n\n<h2>M\u0103rturii tulbur\u0103toare<\/h2>\n\n\n\n<p>Un fost cadru militar poveste\u0219te c\u0103, dup\u0103 un accident grav suferit \u00een misiune, medicii nu-i mai d\u0103deau \u0219anse de recuperare complet\u0103. Sora lui l-a dus la Smeeni, unde a b\u0103ut din ap\u0103 \u0219i s-a uns pe trupul r\u0103nit. Dup\u0103 c\u00e2teva luni de rug\u0103ciuni \u0219i tratamente paralele, \u0219i-a rec\u0103p\u0103tat mobilitatea. Un alt pelerin, o femeie din C\u0103l\u0103ra\u0219i, a declarat c\u0103 s-a vindecat de o eczem\u0103 persistent\u0103 care nu r\u0103spundea la tratamente dermatologice. \u201eDup\u0103 ce m-am sp\u0103lat cu acea ap\u0103, parc\u0103 m-a \u00eenv\u0103luit o lumin\u0103, o stare de lini\u0219te. Pielea mea s-a cur\u0103\u021bat treptat.\u201d<\/p>\n\n\n\n<p><a href=\"https:\/\/usd24.ro\/cosmarul-s-a-incheiat-simona-halep-a-facut-un-anunt\/\" target=\"_blank\" rel=\"noreferrer noopener\"><\/a><\/p>\n\n\n\n<p><\/p>\n\n\n\n<h2>Tradi\u021bii, rug\u0103ciuni \u0219i ritualuri<\/h2>\n\n\n\n<p>Credincio\u0219ii care vin la F\u00e2nt\u00e2na T\u0103m\u0103duirii nu se mul\u021bumesc doar s\u0103 ia ap\u0103 acas\u0103. Mul\u021bi rostesc rug\u0103ciuni \u00een genunchi, \u00eenconjoar\u0103 f\u00e2nt\u00e2na de trei ori \u0219i ating zidul cu icoane. Se spune c\u0103 o rug\u0103ciune rostit\u0103 cu inima curat\u0103, direct la f\u00e2nt\u00e2n\u0103, are puterea de a schimba destine. Printre cele mai folosite rug\u0103ciuni este cea c\u0103tre Maica Domnului: \u201ePreasf\u00e2nt\u0103 N\u0103sc\u0103toare de Dumnezeu, vindec\u0103-m\u0103 de boala mea \u0219i d\u0103-mi pacea sufletului.\u201d<\/p>\n\n\n\n<h2>Misterul apei care nu seac\u0103<\/h2>\n\n\n\n<p>Geologii care au analizat zona spun c\u0103 izvorul f\u00e2nt\u00e2nii ar fi alimentat de o surs\u0103 subteran\u0103 stabil\u0103, ceea ce explic\u0103 lipsa varia\u021biei nivelului apei. Cu toate acestea, oamenii din Smeeni \u0219i pelerinii care revin an de an cred c\u0103 este vorba despre mai mult dec\u00e2t un fenomen natural. Ei vorbesc despre energie, despre har, despre o protec\u021bie divin\u0103 care a transformat un simplu col\u021b de p\u0103m\u00e2nt \u00eentr-un sanctuar al credin\u021bei vii.<\/p>\n\n\n\n<p><a href=\"https:\/\/usd24.ro\/in-mijlocul-slujbei-copilul-s-a-ridicat-tacut-s-a-dus-la-sicriul-mamei-si-a-lipit-urechea-de-el\/\" target=\"_blank\" rel=\"noreferrer noopener\"><\/a><\/p>\n\n\n\n<p><\/p>\n\n\n\n<h2>Un punct pe harta miracolelor din Rom\u00e2nia<\/h2>\n\n\n\n<p>F\u00e2nt\u00e2na T\u0103m\u0103duirii din Smeeni nu este singurul loc de acest fel din \u021bar\u0103. M\u0103n\u0103stirile Ghighiu (Prahova) \u0219i Dervent (Constan\u021ba) g\u0103zduiesc izvoare considerate t\u0103m\u0103duitoare. Dar ceea ce face ca Smeeni s\u0103 fie unic este tocmai simplitatea locului \u0219i for\u021ba cu care comunitatea \u00eemp\u0103rt\u0103\u0219e\u0219te legenda. Fiecare vizitator las\u0103 o rug\u0103ciune, un suspin sau o speran\u021b\u0103, iar f\u00e2nt\u00e2na continu\u0103 s\u0103 le adune, ca un altar al speran\u021bei.<\/p>\n\n\n\n<p>Acest loc r\u0103m\u00e2ne o punte \u00eentre divin \u0219i omenesc, \u00eentre durere \u0219i vindecare, \u00eentre ceea ce \u0219tiin\u021ba poate explica \u0219i ceea ce doar credin\u021ba poate cuprinde.<\/p>\n","protected":false},"excerpt":{"rendered":"<p>Cuvintele cheie \u201eIzvorul T\u0103m\u0103duirii\u201d evoc\u0103 una dintre cele mai puternice simboluri ale credin\u021bei ortodoxe, dar \u0219i una dintre cele mai profunde tradi\u021bii legate de miracolul<\/p>\n","protected":false},"author":1,"featured_media":38741,"comment_status":"closed","ping_status":"closed","sticky":false,"template":"","format":"standard","meta":[],"categories":[1],"tags":[],"_links":{"self":[{"href":"http:\/\/calatorinromania.com\/index.php?rest_route=\/wp\/v2\/posts\/38740"}],"collection":[{"href":"http:\/\/calatorinromania.com\/index.php?rest_route=\/wp\/v2\/posts"}],"about":[{"href":"http:\/\/calatorinromania.com\/index.php?rest_route=\/wp\/v2\/types\/post"}],"author":[{"embeddable":true,"href":"http:\/\/calatorinromania.com\/index.php?rest_route=\/wp\/v2\/users\/1"}],"replies":[{"embeddable":true,"href":"http:\/\/calatorinromania.com\/index.php?rest_route=%2Fwp%2Fv2%2Fcomments&post=38740"}],"version-history":[{"count":1,"href":"http:\/\/calatorinromania.com\/index.php?rest_route=\/wp\/v2\/posts\/38740\/revisions"}],"predecessor-version":[{"id":38742,"href":"http:\/\/calatorinromania.com\/index.php?rest_route=\/wp\/v2\/posts\/38740\/revisions\/38742"}],"wp:featuredmedia":[{"embeddable":true,"href":"http:\/\/calatorinromania.com\/index.php?rest_route=\/wp\/v2\/media\/38741"}],"wp:attachment":[{"href":"http:\/\/calatorinromania.com\/index.php?rest_route=%2Fwp%2Fv2%2Fmedia&parent=38740"}],"wp:term":[{"taxonomy":"category","embeddable":true,"href":"http:\/\/calatorinromania.com\/index.php?rest_route=%2Fwp%2Fv2%2Fcategories&post=38740"},{"taxonomy":"post_tag","embeddable":true,"href":"http:\/\/calatorinromania.com\/index.php?rest_route=%2Fwp%2Fv2%2Ftags&post=38740"}],"curies":[{"name":"wp","href":"https:\/\/api.w.org\/{rel}","templated":true}]}}