{"id":38738,"date":"2025-04-26T06:05:15","date_gmt":"2025-04-26T06:05:15","guid":{"rendered":"https:\/\/calatorinromania.com\/?p=38738"},"modified":"2025-04-26T06:05:15","modified_gmt":"2025-04-26T06:05:15","slug":"fiul-meu-mi-a-spus-ca-mi-a-oferit-o-casa-la-tara-dar-cand-am-ajuns-am-simtit-ca-pamantul-imi-fuge-de-sub-picioare","status":"publish","type":"post","link":"http:\/\/calatorinromania.com\/?p=38738","title":{"rendered":"Fiul meu mi-a spus c\u0103 mi-a oferit o cas\u0103 la \u021bar\u0103 \u2013 dar c\u00e2nd am ajuns, am sim\u021bit c\u0103 p\u0103m\u00e2ntul \u00eemi fuge de sub picioare"},"content":{"rendered":"\n<p>M\u0103 numesc Radu \u0219i am 78 de ani.<\/p>\n\n\n\n<p>Nu m-am g\u00e2ndit niciodat\u0103 c\u0103 voi cere sfaturi de la str\u0103ini, dar iat\u0103-m\u0103 aici. Am nevoie de perspectiva voastr\u0103.<\/p>\n\n\n\n<p>Am petrecut cea mai mare parte a vie\u021bii mele adulte ca tat\u0103 singur. So\u021bia mea, Emilia, a murit de cancer c\u00e2nd fiul nostru, Mihai (acum are 35 de ani), avea doar zece ani.<\/p>\n\n\n\n<p>A fost o perioad\u0103 dificil\u0103 pentru am\u00e2ndoi, dar am trecut \u00eempreun\u0103 prin asta. De atunci, am fost doar noi doi \u00eempotriva lumii. Am \u00eencercat s\u0103 fiu pentru el \u0219i mam\u0103, \u0219i tat\u0103, muncind din greu pentru a-i oferi toate oportunit\u0103\u021bile posibile \u00een via\u021b\u0103.<\/p>\n\n\n\n<p>Mihai a crescut \u0219i a devenit un b\u0103iat bun. Desigur, a avut momentele sale de rebeliune, dar, \u00een general, era amabil, harnic \u0219i p\u0103rea un t\u00e2n\u0103r ra\u021bional. A avut rezultate bune la \u0219coal\u0103, a intrat la universitate cu o burs\u0103 par\u021bial\u0103 \u0219i, dup\u0103 absolvire, \u0219i-a g\u0103sit un loc de munc\u0103 bun \u00een sectorul financiar.<\/p>\n\n\n\n<p>Am fost mereu extrem de m\u00e2ndru de el \u0219i l-am urm\u0103rit cum a devenit un adult de succes. Am r\u0103mas apropia\u021bi chiar \u0219i dup\u0103 ce s-a mutat \u2013 ne sunam regulat \u0219i luam cina \u00eempreun\u0103 cel pu\u021bin o dat\u0103 pe s\u0103pt\u0103m\u00e2n\u0103.<\/p>\n\n\n\n<p>\u2014 Tat\u0103, \u2014 a spus el, dar nici m\u0103car nu putea s\u0103 m\u0103 priveasc\u0103 \u00een ochi. \u2014 \u00cemi pare r\u0103u. \u0218tiu c\u0103 \u021bi-am spus c\u0103 este o c\u0103su\u021b\u0103, dar\u2026 va fi mai bine pentru tine. Aici vor avea grij\u0103 de tine.<\/p>\n\n\n\n<p>\u2014 S\u0103 aib\u0103 grij\u0103 de mine? Nu am nevoie ca cineva s\u0103 aib\u0103 grij\u0103 de mine! Sunt complet independent. De ce m-ai min\u021bit?<\/p>\n\n\n\n<p>\u2014 Tat\u0103, te rog. \u2014 \u00cen cele din urm\u0103, Mihai m-a privit \u00een ochi, iar privirea lui era plin\u0103 de rug\u0103min\u021bi.<\/p>\n\n\n\n<p>\u2014 \u00cen ultima vreme, ui\u021bi lucruri. Mi-e team\u0103 c\u0103 tr\u0103ie\u0219ti singur. Acest loc are facilit\u0103\u021bi excelente \u0219i va fi mereu cineva aproape dac\u0103 vei avea nevoie de ajutor.<\/p>\n\n\n\n<p>\u2014 S\u0103 uit lucruri? Toat\u0103 lumea uit\u0103 lucruri uneori! \u2014 am strigat, cu lacrimi de furie curg\u00e2ndu-mi pe obraji.<\/p>\n\n\n\n<p>\u2014 Nu este adev\u0103rat, Mihai. Du-m\u0103 imediat acas\u0103.<\/p>\n\n\n\n<p>Mihai a cl\u0103tinat din cap \u0219i apoi mi-a dat cea mai \u0219ocant\u0103 veste a zilei:<\/p>\n\n\n\n<p>\u2014 Nu pot face asta, tat\u0103. Eu\u2026 am v\u00e2ndut deja casa.<\/p>\n\n\n\n<p>Am sim\u021bit c\u0103 p\u0103m\u00e2ntul \u00eemi fuge de sub picioare.<\/p>\n\n\n\n<p>\u0218tiam c\u0103 am fost de acord s\u0103 o v\u00e2nd, dar credeam c\u0103 mai am mult timp. Voiam s\u0103 \u00eent\u00e2lnesc noii proprietari, s\u0103 aleg o familie bun\u0103 \u0219i s\u0103 m\u0103 asigur c\u0103 le explic cum s\u0103 \u00eengrijeasc\u0103 stejarul b\u0103tr\u00e2n din curte.<\/p>\n\n\n\n<p>De aceea, ceea ce s-a \u00eent\u00e2mplat acum pu\u021bin mai mult de un an m-a \u0219ocat. Era o sear\u0103 de mar\u021bi c\u00e2nd Mihai a venit la casa mea, vizibil entuziasmat.<\/p>\n\n\n\n<p>\u2014 Tat\u0103, \u2014 a spus el, \u2014 am o veste grozav\u0103! \u021ai-am cump\u0103rat o c\u0103su\u021b\u0103 la \u021bar\u0103!<\/p>\n\n\n\n<p>\u2014 O c\u0103su\u021b\u0103? Mihai, despre ce vorbe\u0219ti?<\/p>\n\n\n\n<p>\u2014 Este locul perfect, tat\u0103. Lini\u0219tit, calm \u2013 exact de ce ai nevoie. \u00ce\u021bi va pl\u0103cea!<\/p>\n\n\n\n<p>Am fost surprins. S\u0103 m\u0103 mut \u00eentr-o cas\u0103 departe de aici? Mi se p\u0103rea un pas prea mare.<\/p>\n\n\n\n<p>\u2014 Mihai, nu trebuia s\u0103 faci asta. Sunt bine aici.<\/p>\n\n\n\n<p>Dar el a insistat!<\/p>\n\n\n\n<p>\u2014 Nu, tat\u0103, meri\u021bi asta. Casa \u00een care locuie\u0219ti acum este prea mare pentru tine singur. Este timpul pentru o schimbare. Crede-m\u0103, va fi minunat pentru tine.<\/p>\n\n\n\n<p>Trebuie s\u0103 recunosc c\u0103 eram sceptic. Casa \u00een care locuiam fusese c\u0103minul nostru de familie timp de peste 30 de ani. Acolo a crescut Mihai, acolo eu \u0219i Emilia ne-am construit via\u021ba \u00eempreun\u0103. Dar fiul meu p\u0103rea at\u00e2t de entuziasmat, at\u00e2t de convins c\u0103 era decizia corect\u0103. \u0218i aveam \u00eencredere deplin\u0103 \u00een el.<\/p>\n\n\n\n<p>La urma urmei, \u00eentotdeauna am fost sinceri unul cu cel\u0103lalt.<\/p>\n\n\n\n<p>A\u0219a c\u0103, \u00een ciuda \u00eendoielilor mele, am fost de acord s\u0103 m\u0103 mut \u0219i s\u0103 v\u00e2nd casa. \u00cen zilele urm\u0103toare, mi-am \u00eempachetat lucrurile \u0219i m-am preg\u0103tit s\u0103 plec, \u00een timp ce Mihai se ocupa de majoritatea detaliilor. M-a asigurat c\u0103 totul era planificat. Era at\u00e2t de atent, \u00eenc\u00e2t mi-am l\u0103sat deoparte grijile.<\/p>\n\n\n\n<p>\u00cen cele din urm\u0103, a venit ziua s\u0103 plec spre noua mea cas\u0103. C\u00e2nd ne-am urcat \u00een ma\u0219in\u0103, Mihai vorbea despre toate facilit\u0103\u021bile pe care le oferea noul loc. Dar, pe m\u0103sur\u0103 ce ne \u00eendep\u0103rtam de ora\u0219, m\u0103 sim\u021beam din ce \u00een ce mai nelini\u0219tit.<\/p>\n\n\n\n<p>\u00cemprejurimile deveneau din ce \u00een ce mai pustii. Nu era \u021bara pitoreasc\u0103 pe care mi-o imaginasem \u2013 nu erau coline verzi sau peisaje atr\u0103g\u0103toare. \u00cen locul vecinilor familiari \u0219i al str\u0103zilor animate ale ora\u0219ului, erau c\u00e2mpuri goale, monotone, \u0219i chiar o ferm\u0103 abandonat\u0103.<\/p>\n\n\n\n<p>C\u0103su\u021bele pe care le admirasem \u0219i pe care le luasem \u00een considerare c\u00e2ndva, c\u00e2nd Emilia era \u00eenc\u0103 cu noi, erau primitoare, calde \u0219i \u00eenconjurate de natur\u0103. Dar acest loc era complet diferit.<\/p>\n\n\n\n<p>\u2014 Mihai, \u2014 l-am \u00eentrebat, \u2014 e\u0219ti sigur c\u0103 mergem \u00een direc\u021bia corect\u0103? Nu pare s\u0103 fie \u021bara pe care mi-am imaginat-o.<\/p>\n\n\n\n<p>M-a asigurat c\u0103 eram pe drumul cel bun, dar am observat c\u0103 evita s\u0103 m\u0103 priveasc\u0103 \u00een ochi.<\/p>\n\n\n\n<p>Dup\u0103 aproximativ o or\u0103, am intrat pe un drum lung \u0219i sinuos. La cap\u0103tul acestuia se afla o cl\u0103dire mare \u0219i mohor\u00e2t\u0103. Inima mi s-a oprit c\u00e2nd am citit semnul: \u201eSunset Haven.\u201d<\/p>\n\n\n\n<p>Nu era o c\u0103su\u021b\u0103. Era un azil de b\u0103tr\u00e2ni.<\/p>\n","protected":false},"excerpt":{"rendered":"<p>M\u0103 numesc Radu \u0219i am 78 de ani. Nu m-am g\u00e2ndit niciodat\u0103 c\u0103 voi cere sfaturi de la str\u0103ini, dar iat\u0103-m\u0103 aici. Am nevoie de<\/p>\n","protected":false},"author":1,"featured_media":38656,"comment_status":"closed","ping_status":"closed","sticky":false,"template":"","format":"standard","meta":[],"categories":[1],"tags":[],"_links":{"self":[{"href":"http:\/\/calatorinromania.com\/index.php?rest_route=\/wp\/v2\/posts\/38738"}],"collection":[{"href":"http:\/\/calatorinromania.com\/index.php?rest_route=\/wp\/v2\/posts"}],"about":[{"href":"http:\/\/calatorinromania.com\/index.php?rest_route=\/wp\/v2\/types\/post"}],"author":[{"embeddable":true,"href":"http:\/\/calatorinromania.com\/index.php?rest_route=\/wp\/v2\/users\/1"}],"replies":[{"embeddable":true,"href":"http:\/\/calatorinromania.com\/index.php?rest_route=%2Fwp%2Fv2%2Fcomments&post=38738"}],"version-history":[{"count":1,"href":"http:\/\/calatorinromania.com\/index.php?rest_route=\/wp\/v2\/posts\/38738\/revisions"}],"predecessor-version":[{"id":38739,"href":"http:\/\/calatorinromania.com\/index.php?rest_route=\/wp\/v2\/posts\/38738\/revisions\/38739"}],"wp:featuredmedia":[{"embeddable":true,"href":"http:\/\/calatorinromania.com\/index.php?rest_route=\/wp\/v2\/media\/38656"}],"wp:attachment":[{"href":"http:\/\/calatorinromania.com\/index.php?rest_route=%2Fwp%2Fv2%2Fmedia&parent=38738"}],"wp:term":[{"taxonomy":"category","embeddable":true,"href":"http:\/\/calatorinromania.com\/index.php?rest_route=%2Fwp%2Fv2%2Fcategories&post=38738"},{"taxonomy":"post_tag","embeddable":true,"href":"http:\/\/calatorinromania.com\/index.php?rest_route=%2Fwp%2Fv2%2Ftags&post=38738"}],"curies":[{"name":"wp","href":"https:\/\/api.w.org\/{rel}","templated":true}]}}