{"id":38734,"date":"2025-04-26T05:47:08","date_gmt":"2025-04-26T05:47:08","guid":{"rendered":"https:\/\/calatorinromania.com\/?p=38734"},"modified":"2025-04-26T05:47:08","modified_gmt":"2025-04-26T05:47:08","slug":"i-am-adus-sotului-meu-pranzul-iar-el-a-deschis-usa-in-prosop-si-nu-era-singur","status":"publish","type":"post","link":"http:\/\/calatorinromania.com\/?p=38734","title":{"rendered":"I-AM ADUS SO\u021aULUI MEU PR\u00c2NZUL. IAR EL A DESCHIS U\u0218A\u2026 \u00ceN PROSOP. \u0218I NU ERA SINGUR\u2026"},"content":{"rendered":"\n<p>Am r\u0103mas \u00eencremenit\u0103, str\u00e2ng\u00e2nd pung\u0103 cu pr\u00e2nzul la piept ca pe un scut. \u00cenainte s\u0103 pot r\u0103spunde, o voce feminin\u0103 a r\u0103sunat din interiorul apartamentului:<\/p>\n\n\n\n<p>\u2014 Cine e, Adrian? Au sosit documentele?<\/p>\n\n\n\n<p>Expresia de panic\u0103 de pe fa\u021ba lui a confirmat ce b\u0103nuiam deja. Sim\u021beam cum tot s\u00e2ngele \u00eemi dispare din fa\u021b\u0103, dar am reu\u0219it cumva s\u0103-mi p\u0103strez calmul.<\/p>\n\n\n\n<p>\u2014 \u021ai-ai uitat pr\u00e2nzul acas\u0103, \u2014 am spus, \u00eentinz\u00e2ndu-i pung\u0103. \u2014 \u0218tiu c\u00e2t de important e ast\u0103zi pentru tine.<\/p>\n\n\n\n<p>A ezitat, apoi a luat-o cu m\u00e2ini tremur\u00e2nde. Auzeam fo\u0219net de haine \u00een spatele lui.<\/p>\n\n\n\n<p>\u2014 Elena, nu e ce crezi\u2026 Investitorii\u2026 Aveam nevoie de un loc pentru\u2026 discu\u021bii informale.<\/p>\n\n\n\n<p>\u00cen acel moment, u\u0219a s-a deschis complet. O femeie blond\u0103, elegant\u0103, \u00eembr\u0103cat\u0103 \u00eentr-o bluz\u0103 scump\u0103 \u0219i fust\u0103, st\u0103tea l\u00e2ng\u0103 el. F\u0103r\u0103 urm\u0103 de jen\u0103.<\/p>\n\n\n\n<p>\u2014 Bun\u0103 ziua, \u2014 a spus ea cu accent u\u0219or german. \u2014 Sunt Kristina, de la departamentul de marketing din Munchen.<\/p>\n\n\n\n<p>Adrian a \u00eenghi\u021bit \u00een sec, privirile alerg\u00e2nd \u00eentre noi dou\u0103. Dou\u0103zeci de ani de c\u0103snicie se pr\u0103bu\u0219eau \u00een t\u0103cere.<\/p>\n\n\n\n<p>\u2014 E so\u021bia mea, \u2014 a morm\u0103it el. \u2014 A venit s\u0103-mi aduc\u0103 pr\u00e2nzul.<\/p>\n\n\n\n<p>Am observat rapid detaliile care mi-au sc\u0103pat ini\u021bial: sticla de \u0219ampanie pe m\u0103su\u021ba din hol, dou\u0103 pahare, geanta feminin\u0103 de designer aruncat\u0103 neglijent pe un scaun. Parfumul ei \u2014 acela\u0219i pe care \u00eel sim\u021bisem pe hainele lui.<\/p>\n\n\n\n<p>\u2014 \u00cemi pare bine, \u2014 am r\u0103spuns cu demnitate. \u2014 Sper c\u0103 negocierile decurg bine.<\/p>\n\n\n\n<p>M-am \u00eentors \u0219i am plecat, pa\u0219ii mei r\u0103sun\u00e2nd pe coridorul pustiu. \u00cen lift, am l\u0103sat \u00een sf\u00e2r\u0219it lacrimile s\u0103 curg\u0103. Nu eram furioas\u0103 \u2014 doar incredibil de dezam\u0103git\u0103 \u0219i epuizat\u0103. Ca \u0219i cum ultimele dou\u0103 decenii fusese doar un preludiu pentru acest moment de claritate dureroas\u0103.<\/p>\n\n\n\n<p>\u00cen seara aceea, c\u00e2nd Adrian a venit acas\u0103, valiza lui era deja \u00eempachetat\u0103, a\u0219ezat\u0103 l\u00e2ng\u0103 u\u0219\u0103. L-am privit \u00een ochi \u0219i am spus simplu:<\/p>\n\n\n\n<p>\u2014 Negocierile s-au \u00eencheiat.<\/p>\n\n\n\n<p><strong>Dac\u0103 \u021bi-a pl\u0103cut povestea, nu uita s\u0103 o distribui cu prietenii t\u0103i! \u00cempreun\u0103 putem duce mai departe emo\u021bia \u0219i inspira\u021bia.<\/strong> <\/p>\n","protected":false},"excerpt":{"rendered":"<p>Am r\u0103mas \u00eencremenit\u0103, str\u00e2ng\u00e2nd pung\u0103 cu pr\u00e2nzul la piept ca pe un scut. \u00cenainte s\u0103 pot r\u0103spunde, o voce feminin\u0103 a r\u0103sunat din interiorul apartamentului:<\/p>\n","protected":false},"author":1,"featured_media":38656,"comment_status":"closed","ping_status":"closed","sticky":false,"template":"","format":"standard","meta":[],"categories":[1],"tags":[],"_links":{"self":[{"href":"http:\/\/calatorinromania.com\/index.php?rest_route=\/wp\/v2\/posts\/38734"}],"collection":[{"href":"http:\/\/calatorinromania.com\/index.php?rest_route=\/wp\/v2\/posts"}],"about":[{"href":"http:\/\/calatorinromania.com\/index.php?rest_route=\/wp\/v2\/types\/post"}],"author":[{"embeddable":true,"href":"http:\/\/calatorinromania.com\/index.php?rest_route=\/wp\/v2\/users\/1"}],"replies":[{"embeddable":true,"href":"http:\/\/calatorinromania.com\/index.php?rest_route=%2Fwp%2Fv2%2Fcomments&post=38734"}],"version-history":[{"count":1,"href":"http:\/\/calatorinromania.com\/index.php?rest_route=\/wp\/v2\/posts\/38734\/revisions"}],"predecessor-version":[{"id":38735,"href":"http:\/\/calatorinromania.com\/index.php?rest_route=\/wp\/v2\/posts\/38734\/revisions\/38735"}],"wp:featuredmedia":[{"embeddable":true,"href":"http:\/\/calatorinromania.com\/index.php?rest_route=\/wp\/v2\/media\/38656"}],"wp:attachment":[{"href":"http:\/\/calatorinromania.com\/index.php?rest_route=%2Fwp%2Fv2%2Fmedia&parent=38734"}],"wp:term":[{"taxonomy":"category","embeddable":true,"href":"http:\/\/calatorinromania.com\/index.php?rest_route=%2Fwp%2Fv2%2Fcategories&post=38734"},{"taxonomy":"post_tag","embeddable":true,"href":"http:\/\/calatorinromania.com\/index.php?rest_route=%2Fwp%2Fv2%2Ftags&post=38734"}],"curies":[{"name":"wp","href":"https:\/\/api.w.org\/{rel}","templated":true}]}}