{"id":38726,"date":"2025-04-26T05:29:44","date_gmt":"2025-04-26T05:29:44","guid":{"rendered":"https:\/\/calatorinromania.com\/?p=38726"},"modified":"2025-04-26T05:29:44","modified_gmt":"2025-04-26T05:29:44","slug":"dupa-ce-si-a-ispasit-toata-pedeapsa-barbatul-a-iesit-din-inchisoare-si-s-a-grabit-la-mormantul-logodnicei-sale","status":"publish","type":"post","link":"http:\/\/calatorinromania.com\/?p=38726","title":{"rendered":"Dup\u0103 ce \u0219i-a isp\u0103\u0219it toat\u0103 pedeapsa, b\u0103rbatul a ie\u0219it din \u00eenchisoare \u0219i s-a gr\u0103bit la morm\u00e2ntul logodnicei sale"},"content":{"rendered":"\n<h3>DISCLAIMER: Acest site este neutru din punct de vedere politic \u0219i nu sus\u021bine niciun partid sau ideologie politic\u0103.<\/h3>\n\n\n\n<p>Dup\u0103 ce \u0219i-a isp\u0103\u0219it toat\u0103 pedeapsa, b\u0103rbatul a ie\u0219it din \u00eenchisoare \u0219i s-a gr\u0103bit la morm\u00e2ntul logodnicei sale. Dar abia s-a aplecat spre piatra funerar\u0103, c\u00e2nd a auzit o voce de copil \u00een spate: \u201eAcolo nu e nimeni, dar \u0219tiu unde este\u201d. S-a \u00eentors \u0219i A \u00ceNCREMENIT\u2026\u2026\u2026\u2026\u2026<\/p>\n\n\n\n<p>\u00cen sf\u00e2r\u0219it sosise ziua c\u00e2nd Victor s-a aflat \u00een libertate. \u00cen lungii ani petrecu\u021bi \u00een \u00eenchisoare, via\u021ba lui se redusese la pere\u021bii limita\u021bi ai celulei, lipsi\u021bi de orice contact uman. C\u00e2nd gardienii i-au deschis por\u021bile, Victor a sim\u021bit cum aerul de dincolo de \u00eenchisoare devenea imediat mai proasp\u0103t, de parc\u0103 ar fi inhalat o via\u021b\u0103 nou\u0103.<\/p>\n\n\n\n<p>A p\u0103\u0219it pe p\u0103m\u00e2nt, privind \u00een jur, \u0219i a sim\u021bit cum \u00eel atrage cimitirul natal. Primul s\u0103u obiectiv era clar \u2013 s\u0103 viziteze morm\u00e2ntul Paulei. Mergea cu pa\u0219i rapizi, f\u0103r\u0103 s\u0103 acorde aten\u021bie lucrurilor din jur.<\/p>\n\n\n\n<p>Cerul era jos, acoperit de nori, \u0219i doar raze rare de soare str\u0103pungeau prin ei, dar Victor nu observa asta. C\u00e2nd s-a apropiat de piatra funerar\u0103 a Paulei, m\u00e2na i s-a \u00eentins involuntar spre piatra rece.<\/p>\n\n\n\n<p>Privirea i s-a oprit pe monument, dar \u00eenainte s\u0103 apuce s\u0103 \u00een\u021beleag\u0103 ceva, s-a auzit o voce de copil. \u201eAcolo nu e nimeni, dar \u0219tiu unde este\u2026\u201d Victor a \u00eenghe\u021bat, ne\u00een\u021beleg\u00e2nd de unde vine aceast\u0103 voce. S-a \u00eentors \u0219i A \u00ceNCREMENIT\u2026.<\/p>\n\n\n\n<hr class=\"wp-block-separator has-alpha-channel-opacity\"\/>\n\n\n\n<h2>Continuare<\/h2>\n\n\n\n<p>\u00cen fa\u021ba lui st\u0103tea o feti\u021b\u0103 de vreo \u0219apte ani, cu ochii mari, alba\u0219tri, \u0219i p\u0103rul blond prins \u00een dou\u0103 codi\u021be. Dar nu prezen\u021ba nea\u0219teptat\u0103 a copilului l-a f\u0103cut pe Victor s\u0103 \u00eencremeneasc\u0103, ci faptul c\u0103 privea \u00een ochii Paulei \u2013 aceia\u0219i ochi care \u00eel urm\u0103riser\u0103 \u00een visele lui timp de cincisprezece ani de deten\u021bie.<\/p>\n\n\n\n<p>\u201eCine e\u0219ti tu?\u201d a \u00eentrebat el cu voce r\u0103gu\u0219it\u0103, sim\u021bind cum inima \u00eei bate s\u0103-i sparg\u0103 pieptul.<\/p>\n\n\n\n<p>\u201eM\u0103 numesc Maria,\u201d a r\u0103spuns feti\u021ba, privindu-l cu o curiozitate lini\u0219tit\u0103. \u201eIar tu e\u0219ti Victor, nu-i a\u0219a? Mama mi-a ar\u0103tat poze cu tine.\u201d<\/p>\n\n\n\n<p>Victor s-a sprijinit de piatra funerar\u0103, sim\u021bind c\u0103 picioarele nu-l mai \u021bin. \u201eMama ta\u2026 cine este mama ta?\u201d<\/p>\n\n\n\n<p>\u201ePaula,\u201d a spus feti\u021ba simplu. \u201eMama mi-a spus c\u0103 vei veni aici c\u00e2nd vei ie\u0219i. M-a trimis s\u0103 te a\u0219tept.\u201d<\/p>\n\n\n\n<p>Lumea lui Victor se pr\u0103bu\u0219ea \u0219i se reconstruia \u00een acela\u0219i timp. \u201eDar\u2026 morm\u00e2ntul acesta\u2026\u201d<\/p>\n\n\n\n<p>\u201eE gol,\u201d a explicat Maria. \u201eMama a trebuit s\u0103 dispar\u0103. A spus c\u0103 e singurul mod \u00een care putea fi \u00een siguran\u021b\u0103, dup\u0103 ce ai fost arestat.\u201d<\/p>\n\n\n\n<p>Amintirile au n\u0103v\u0103lit peste Victor. Acuza\u021bia fals\u0103 de jaf armat, procesul manipulat, condamnarea la cincisprezece ani f\u0103r\u0103 posibilitatea de eliberare condi\u021bionat\u0103. Cineva \u00eel \u00eencadrase perfect, dar niciodat\u0103 nu \u00een\u021belesese de ce.<\/p>\n\n\n\n<p>\u201eUnde e mama ta acum?\u201d a \u00eentrebat el, \u00eenc\u0103 nevenindu-i s\u0103 cread\u0103.<\/p>\n\n\n\n<p>\u201eTe a\u0219tept\u0103m la cabana din p\u0103dure. Mama a spus c\u0103 \u0219tii locul.\u201d<\/p>\n\n\n\n<p>Desigur c\u0103 \u0219tia. Era refugiul lor secret, unde pl\u0103nuiser\u0103 s\u0103 se c\u0103s\u0103toreasc\u0103 \u00eenainte ca via\u021ba lui s\u0103 fie distrus\u0103. Dar ceva nu se potrivea. De ce Paula simulase propria moarte? De ce \u00eel l\u0103sase s\u0103 sufere cincisprezece ani, crez\u00e2nd-o moart\u0103?<\/p>\n\n\n\n<p>\u00cen drum spre caban\u0103, Maria i-a povestit tot ce \u0219tia. Paula descoperise cine era \u00een spatele \u00eenscen\u0103rii \u2013 Teodor Dima, primarul ora\u0219ului, care condusese o re\u021bea de trafic de droguri. Victor, pe atunci poli\u021bist, se apropiase prea mult de adev\u0103r.<\/p>\n\n\n\n<p>\u201eMama a aflat totul \u0219i a adunat dovezi \u00eempotriva lui. Dar c\u00e2nd ai fost arestat, a \u00een\u021beles c\u0103 el are oameni peste tot. A simulat un accident de ma\u0219in\u0103 \u0219i a fugit, \u00eens\u0103rcinat\u0103 cu mine.\u201d<\/p>\n\n\n\n<p>La caban\u0103, timpul parc\u0103 se oprise. Paula st\u0103tea pe verand\u0103, mai matur\u0103, dar la fel de frumoas\u0103 ca \u00een amintirile lui. C\u00e2nd privirile lor s-au \u00eent\u00e2lnit, cincisprezece ani de durere s-au topit \u00eentr-o secund\u0103.<\/p>\n\n\n\n<p>\u201eIart\u0103-m\u0103,\u201d a \u0219optit ea. \u201eNu am avut de ales. Dima ar fi ucis pe oricine ar fi \u0219tiut c\u0103 sunt \u00een via\u021b\u0103. Dar acum, el e cel dup\u0103 gratii.\u201d<\/p>\n\n\n\n<p>Victor a aflat c\u0103 \u00een ultimul an, Paula reu\u0219ise s\u0103 trimit\u0103 dovezile c\u0103tre Procuratura Anticorup\u021bie, folosind un avocat de \u00eencredere. Dima fusese arestat cu o lun\u0103 \u00eenainte ca Victor s\u0103 fie eliberat.<\/p>\n\n\n\n<p>\u201eAm vrut s\u0103-\u021bi spun, dar era prea riscant p\u00e2n\u0103 nu eram sigur\u0103 c\u0103 Dima nu mai poate face r\u0103u,\u201d a explicat Paula, cu lacrimi \u00een ochi. \u201eAcum putem fi din nou o familie.\u201d<\/p>\n\n\n\n<p>C\u00e2nd Maria s-a cuib\u0103rit \u00eentre ei, Victor a sim\u021bit c\u0103, \u00een sf\u00e2r\u0219it, via\u021ba lui re\u00eencepea. Cincisprezece ani pierdu\u021bi, dar un viitor \u00eentreg \u00eenainte. \u0218i dac\u0103 \u00eenchi\u0219i fuseser\u0103 \u00eentre pere\u021bii celulei, liberi erau s\u0103 construiasc\u0103 ceva ce nimeni nu le mai putea lua: o familie.<\/p>\n\n\n\n<p>\u201eBun\u0103, tat\u0103,\u201d a \u0219optit Maria, lu\u00e2ndu-l de m\u00e2n\u0103. \u201eTe-am a\u0219teptat toat\u0103 via\u021ba mea.\u201d<\/p>\n\n\n\n<p>Victor a str\u00e2ns-o \u00een bra\u021be, realiz\u00e2nd c\u0103 nu pierduse totul \u00een \u00eenchisoare \u2013 c\u00e2\u0219tigase o fiic\u0103. \u0218i pentru prima dat\u0103 \u00een cincisprezece ani, a pl\u00e2ns. Nu de durere, ci de bucurie.<\/p>\n\n\n\n<p><strong>Dac\u0103 \u021bi-a pl\u0103cut povestea, nu uita s\u0103 o distribui cu prietenii t\u0103i! \u00cempreun\u0103 putem duce mai departe emo\u021bia \u0219i inspira\u021bia.<\/strong><\/p>\n","protected":false},"excerpt":{"rendered":"<p>DISCLAIMER: Acest site este neutru din punct de vedere politic \u0219i nu sus\u021bine niciun partid sau ideologie politic\u0103. Dup\u0103 ce \u0219i-a isp\u0103\u0219it toat\u0103 pedeapsa, b\u0103rbatul<\/p>\n","protected":false},"author":1,"featured_media":38656,"comment_status":"closed","ping_status":"closed","sticky":false,"template":"","format":"standard","meta":[],"categories":[1],"tags":[],"_links":{"self":[{"href":"http:\/\/calatorinromania.com\/index.php?rest_route=\/wp\/v2\/posts\/38726"}],"collection":[{"href":"http:\/\/calatorinromania.com\/index.php?rest_route=\/wp\/v2\/posts"}],"about":[{"href":"http:\/\/calatorinromania.com\/index.php?rest_route=\/wp\/v2\/types\/post"}],"author":[{"embeddable":true,"href":"http:\/\/calatorinromania.com\/index.php?rest_route=\/wp\/v2\/users\/1"}],"replies":[{"embeddable":true,"href":"http:\/\/calatorinromania.com\/index.php?rest_route=%2Fwp%2Fv2%2Fcomments&post=38726"}],"version-history":[{"count":1,"href":"http:\/\/calatorinromania.com\/index.php?rest_route=\/wp\/v2\/posts\/38726\/revisions"}],"predecessor-version":[{"id":38727,"href":"http:\/\/calatorinromania.com\/index.php?rest_route=\/wp\/v2\/posts\/38726\/revisions\/38727"}],"wp:featuredmedia":[{"embeddable":true,"href":"http:\/\/calatorinromania.com\/index.php?rest_route=\/wp\/v2\/media\/38656"}],"wp:attachment":[{"href":"http:\/\/calatorinromania.com\/index.php?rest_route=%2Fwp%2Fv2%2Fmedia&parent=38726"}],"wp:term":[{"taxonomy":"category","embeddable":true,"href":"http:\/\/calatorinromania.com\/index.php?rest_route=%2Fwp%2Fv2%2Fcategories&post=38726"},{"taxonomy":"post_tag","embeddable":true,"href":"http:\/\/calatorinromania.com\/index.php?rest_route=%2Fwp%2Fv2%2Ftags&post=38726"}],"curies":[{"name":"wp","href":"https:\/\/api.w.org\/{rel}","templated":true}]}}