{"id":38717,"date":"2025-04-25T08:40:52","date_gmt":"2025-04-25T08:40:52","guid":{"rendered":"https:\/\/calatorinromania.com\/?p=38717"},"modified":"2025-04-25T08:40:52","modified_gmt":"2025-04-25T08:40:52","slug":"sotul-meu-m-a-bagat-la-psihiatrie-ca-sa-mi-ia-banii-si-fiicele-relatare","status":"publish","type":"post","link":"http:\/\/calatorinromania.com\/?p=38717","title":{"rendered":"So\u021bul meu m-a b\u0103gat la psihiatrie ca s\u0103-mi ia banii \u0219i fiicele. Relatare."},"content":{"rendered":"\n<p>Ne-am \u00eent\u00e2lnit cu Alina, fiica mea cea mare, \u00eentr-o cafenea discret\u0103 din centru. Avea cearc\u0103ne \u0219i m\u00e2inile \u00eei tremurau u\u0219or pe cea\u0219ca de ceai.<\/p>\n\n\n\n<p>\u201eTata spune c\u0103 ai avut un episod psihotic,\u201d a murmurat ea, evit\u00e2ndu-mi privirea. \u201eC\u0103 ai \u00eencercat s\u0103\u2026 s\u0103 te r\u0103ne\u0219ti.\u201d<\/p>\n\n\n\n<p>Am z\u00e2mbit calm, de\u0219i inima \u00eemi b\u0103tea s\u0103-mi sparg\u0103 pieptul.<\/p>\n\n\n\n<p>\u201eAlina, uit\u0103-te la mine. Ar\u0103t ca o persoan\u0103 care ar face asta? Ai v\u0103zut vreodat\u0103 vreun semn \u00eenainte?\u201d<\/p>\n\n\n\n<p>A cl\u0103tinat din cap, confuz\u0103. I-am ar\u0103tat apoi documentele medicale pe care le ob\u021binusem prin avocat \u2013 rapoarte f\u0103r\u0103 diagnostic clar, semnate de un psihiatru prieten cu Mihai, so\u021bul meu. Alina le-a citit \u00een t\u0103cere, iar realitatea \u00eencepea s\u0103 se a\u0219eze \u00een ochii ei ca un film care devine clar.<\/p>\n\n\n\n<p>\u201eDe ce ar face asta?\u201d a \u00eentrebat, vocea fr\u00e2ng\u00e2ndu-i-se.<\/p>\n\n\n\n<p>\u201eContractul cu firma din Spania,\u201d am r\u0103spuns. \u201eEra pe numele meu. Afacerea vie\u021bii lui. Dar eu am vrut s\u0103 divor\u021bez c\u00e2nd am descoperit aventura cu secretara.\u201d<\/p>\n\n\n\n<p>Zilele urm\u0103toare au fost intense. Avocatul meu a depus pl\u00e2ngere pentru internare abuziv\u0103, iar sora mea mai mic\u0103, Andreea, \u00een sf\u00e2r\u0219it a rupt t\u0103cerea despre cum Mihai o convinsese s\u0103 semneze ca martor c\u0103 m\u0103 v\u0103zuse \u201eagitat\u0103 \u0219i periculoas\u0103\u201d.<\/p>\n\n\n\n<p>\u00centre timp, Mihai a \u00eenceput s\u0103 simt\u0103 presiunea. Partenerii de afaceri \u00eel priveau diferit. Ziarele locale au preluat povestea. Un judec\u0103tor a ordonat evaluarea mea de c\u0103tre o comisie independent\u0103.<\/p>\n\n\n\n<p>Seara t\u00e2rziu, telefonul a sunat.<\/p>\n\n\n\n<p>\u201eTe rog,\u201d vocea lui Mihai suna \u00eenfr\u00e2nt\u0103, \u201ehai s\u0103 oprim asta. Te faci de r\u00e2s.\u201d<\/p>\n\n\n\n<p>\u201eNu eu,\u201d am r\u0103spuns, \u201enoi ne facem de r\u00e2s. Ce le vei spune fetelor peste zece ani c\u00e2nd vor \u00eentreba de ce mama lor a disp\u0103rut din via\u021ba lor pentru trei luni?\u201d<\/p>\n\n\n\n<p>Am c\u00e2\u0219tigat custodia partajat\u0103 dup\u0103 o lupt\u0103 de \u0219ase s\u0103pt\u0103m\u00e2ni. Diana, fiica cea mic\u0103, \u00eenc\u0103 ezit\u0103 s\u0103 vorbeasc\u0103 cu mine, dar Alina vine \u00een fiecare weekend.<\/p>\n\n\n\n<p>Ieri, c\u00e2nd am intrat \u00een biroul avocatului pentru ultimele formalit\u0103\u021bi, Mihai era acolo, cu privirea goal\u0103 a unui om care pierduse nu doar bani, ci \u0219i respectul familiei sale. M-a privit \u0219i, pentru o clip\u0103, am v\u0103zut recunoa\u0219terea \u00een ochii lui \u2013 \u00een\u021belegea \u00een sf\u00e2r\u0219it c\u0103 femeia pe care \u00eencercase s\u0103 o \u0219tearg\u0103 era mai puternic\u0103 dec\u00e2t \u00ee\u0219i imaginase vreodat\u0103.<\/p>\n\n\n\n<p>Nu am s\u0103rb\u0103torit victoria. Sunt prea ocupat\u0103 reconstruindu-mi via\u021ba. Dar \u00een fiecare sear\u0103 c\u00e2nd m\u0103 uit \u00een oglind\u0103, v\u0103d o femeie care nu va mai fi niciodat\u0103 redus\u0103 la t\u0103cere.<\/p>\n\n\n\n<p>Pentru c\u0103 adev\u0103rata r\u0103zbunare nu este s\u0103-i distrugi pe al\u021bii, ci s\u0103 refuzi s\u0103 fii distrus\u0103.<\/p>\n\n\n\n<p><strong>Dac\u0103 \u021bi-a pl\u0103cut povestea, nu uita s\u0103 o distribui cu prietenii t\u0103i! \u00cempreun\u0103 putem duce mai departe emo\u021bia \u0219i inspira\u021bia.<\/strong> <\/p>\n","protected":false},"excerpt":{"rendered":"<p>Ne-am \u00eent\u00e2lnit cu Alina, fiica mea cea mare, \u00eentr-o cafenea discret\u0103 din centru. Avea cearc\u0103ne \u0219i m\u00e2inile \u00eei tremurau u\u0219or pe cea\u0219ca de ceai. \u201eTata<\/p>\n","protected":false},"author":1,"featured_media":38649,"comment_status":"closed","ping_status":"closed","sticky":false,"template":"","format":"standard","meta":[],"categories":[1],"tags":[],"_links":{"self":[{"href":"http:\/\/calatorinromania.com\/index.php?rest_route=\/wp\/v2\/posts\/38717"}],"collection":[{"href":"http:\/\/calatorinromania.com\/index.php?rest_route=\/wp\/v2\/posts"}],"about":[{"href":"http:\/\/calatorinromania.com\/index.php?rest_route=\/wp\/v2\/types\/post"}],"author":[{"embeddable":true,"href":"http:\/\/calatorinromania.com\/index.php?rest_route=\/wp\/v2\/users\/1"}],"replies":[{"embeddable":true,"href":"http:\/\/calatorinromania.com\/index.php?rest_route=%2Fwp%2Fv2%2Fcomments&post=38717"}],"version-history":[{"count":1,"href":"http:\/\/calatorinromania.com\/index.php?rest_route=\/wp\/v2\/posts\/38717\/revisions"}],"predecessor-version":[{"id":38718,"href":"http:\/\/calatorinromania.com\/index.php?rest_route=\/wp\/v2\/posts\/38717\/revisions\/38718"}],"wp:featuredmedia":[{"embeddable":true,"href":"http:\/\/calatorinromania.com\/index.php?rest_route=\/wp\/v2\/media\/38649"}],"wp:attachment":[{"href":"http:\/\/calatorinromania.com\/index.php?rest_route=%2Fwp%2Fv2%2Fmedia&parent=38717"}],"wp:term":[{"taxonomy":"category","embeddable":true,"href":"http:\/\/calatorinromania.com\/index.php?rest_route=%2Fwp%2Fv2%2Fcategories&post=38717"},{"taxonomy":"post_tag","embeddable":true,"href":"http:\/\/calatorinromania.com\/index.php?rest_route=%2Fwp%2Fv2%2Ftags&post=38717"}],"curies":[{"name":"wp","href":"https:\/\/api.w.org\/{rel}","templated":true}]}}