{"id":38709,"date":"2025-04-25T08:30:35","date_gmt":"2025-04-25T08:30:35","guid":{"rendered":"https:\/\/calatorinromania.com\/?p=38709"},"modified":"2025-04-25T08:30:35","modified_gmt":"2025-04-25T08:30:35","slug":"la-62-de-ani-am-cunoscut-un-barbat-si-am-fost-fericiti-pana-cand-am-auzit-conversatia-lui-cu-sora-lui","status":"publish","type":"post","link":"http:\/\/calatorinromania.com\/?p=38709","title":{"rendered":"La 62 de ani, am cunoscut un b\u0103rbat \u0219i am fost ferici\u021bi, p\u00e2n\u0103 c\u00e2nd am auzit conversa\u021bia lui cu sora lui."},"content":{"rendered":"\n<p>Nu mi-am imaginat niciodat\u0103 c\u0103 la 62 de ani m\u0103 voi \u00eendr\u0103gosti din nou at\u00e2t de profund cum am f\u0103cut-o \u00een tinere\u021be.<\/p>\n\n\n\n<p>Prietenele mele r\u00e2deau, dar eu radiaam de fericire.<\/p>\n\n\n\n<p>Numele lui era Alexandru \u0219i era pu\u021bin mai \u00een v\u00e2rst\u0103 dec\u00e2t mine.<\/p>\n\n\n\n<p>Ne-am cunoscut la un concert de muzic\u0103 clasic\u0103 \u2013 \u00een pauz\u0103 am \u00eenceput \u00eent\u00e2mpl\u0103tor o conversa\u021bie \u0219i am descoperit c\u0103 aveam interese comune.<\/p>\n\n\n\n<p>\u00cen acea sear\u0103 ploua u\u0219or, aerul mirosea a prospe\u021bime \u0219i asfalt \u00eencins de soare, iar brusc m-am sim\u021bit din nou t\u00e2n\u0103r\u0103 \u0219i deschis\u0103 lumii.<\/p>\n\n\n\n<p>Alexandru era politicos, atent \u0219i avea un sim\u021b minunat al umorului \u2013 r\u00e2deam de acelea\u0219i pove\u0219ti vechi.<\/p>\n\n\n\n<p>\u00cen prezen\u021ba lui aveam senza\u021bia c\u0103 redescop\u0103r bucuria de a tr\u0103i.<\/p>\n\n\n\n<p>Dar acest iunie, care \u00eemi adusese at\u00e2ta fericire, urma s\u0103 fie umbrit de o realitate tulbur\u0103toare pe care nu o cuno\u0219team.<\/p>\n\n\n\n<p>Am \u00eenceput s\u0103 ne vedem din ce \u00een ce mai des \u2013 mergeam \u00eempreun\u0103 la cinema, discutam despre c\u0103r\u021bi \u0219i despre anii de singur\u0103tate la care m\u0103 obi\u0219nuisem.<\/p>\n\n\n\n<p>\u00centr-o zi m-a invitat la casa lui de l\u00e2ng\u0103 lac \u2013 un loc absolut idilic.<\/p>\n\n\n\n<p>Aerul era plin de mirosul pinilor \u0219i soarele apunea, reflect\u00e2ndu-se auriu pe suprafa\u021ba apei.<\/p>\n\n\n\n<p>\u00centr-o sear\u0103, c\u00e2nd am r\u0103mas peste noapte, Alexandru a plecat \u00een ora\u0219 \u201es\u0103 rezolve c\u00e2teva lucruri\u201d.<\/p>\n\n\n\n<p>\u00cen timp ce era plecat, i-a sunat telefonul.<\/p>\n\n\n\n<p>Pe ecran ap\u0103rea numele Maria.<\/p>\n\n\n\n<p>Nu am vrut s\u0103 fiu nepoliticoas\u0103 \u0219i nu am r\u0103spuns, dar ceva \u00een mine s-a nelini\u0219tit \u2013 cine era acea femeie?<\/p>\n\n\n\n<p>C\u00e2nd s-a \u00eentors, mi-a spus c\u0103 Maria este sora lui \u0219i c\u0103 are probleme de s\u0103n\u0103tate.<\/p>\n\n\n\n<p>Tonul lui era sincer, a\u0219a c\u0103 m-am lini\u0219tit.<\/p>\n\n\n\n<p>Dar \u00een urm\u0103toarele zile a \u00eenceput s\u0103 dispar\u0103 din ce \u00een ce mai des \u0219i Maria \u00eel suna regulat.<\/p>\n\n\n\n<p>Nu puteam sc\u0103pa de senza\u021bia c\u0103 \u00eemi ascundea ceva.<\/p>\n\n\n\n<p>Eram at\u00e2t de aproape unul de cel\u0103lalt, dar p\u0103rea c\u0103 exist\u0103 un secret \u00eentre noi.<\/p>\n\n\n\n<p>\u00centr-o noapte m-am trezit \u0219i am constatat c\u0103 nu era l\u00e2ng\u0103 mine.<\/p>\n\n\n\n<p>Prin pere\u021bii sub\u021biri ai casei, am auzit vocea lui, amortizat\u0103, vorbind la telefon:<\/p>\n\n\n\n<p>\u2014 Maria, a\u0219teapt\u0103 \u00eenc\u0103\u2026 Nu, nu \u0219tie \u00eenc\u0103\u2026 Da, \u00een\u021beleg\u2026 Dar am nevoie de pu\u021bin timp\u2026<\/p>\n\n\n\n<p>M\u00e2inile mi-au \u00eenceput s\u0103 tremure: \u201eNu \u0219tie \u00eenc\u0103\u201d \u2013 era clar c\u0103 vorba era despre mine.<\/p>\n\n\n\n<p>M-am \u00eentins din nou \u0219i am f\u0103cut ca \u0219i cum a\u0219 fi dormit, c\u00e2nd a intrat \u00een camer\u0103.<\/p>\n\n\n\n<p>Dar \u00een mintea mea se rotea sute de \u00eentreb\u0103ri.<\/p>\n\n\n\n<p>Ce secret ascundea?<\/p>\n\n\n\n<p>De ce avea nevoie de mai mult timp?<\/p>\n\n\n\n<p>Diminea\u021ba i-am spus c\u0103 vreau s\u0103 ies la o plimbare, sub pretextul c\u0103 vreau s\u0103 cump\u0103r fructe proaspete de pe pia\u021b\u0103.<\/p>\n\n\n\n<p>\u00cen realitate, m-am dus \u00eentr-un loc lini\u0219tit \u00een gr\u0103din\u0103 \u0219i am sunat-o pe prietena mea:<\/p>\n\n\n\n<p>\u2014 Elena, nu \u0219tiu ce s\u0103 fac.<\/p>\n\n\n\n<p>Am senza\u021bia c\u0103 \u00eentre Alexandru \u0219i sora lui se \u00eent\u00e2mpl\u0103 ceva serios.<\/p>\n\n\n\n<p>Poate au datorii sau\u2026 nu vreau s\u0103 m\u0103 g\u00e2ndesc la cel mai r\u0103u.<\/p>\n\n\n\n<p>Abia am \u00eenceput s\u0103 am \u00eencredere \u00een el.<\/p>\n\n\n\n<p>Elena a oftat la cap\u0103tul cel\u0103lalt al firului:<\/p>\n\n\n\n<p>\u2014 Trebuie s\u0103 vorbe\u0219ti cu el, altfel o s\u0103 te rozi cu b\u0103nuieli.<\/p>\n\n\n\n<p>\u00cen seara aceea nu am mai putut s\u0103 m\u0103 ab\u021bin.<\/p>\n\n\n\n<p>C\u00e2nd Alexandru s-a \u00eentors de la o alt\u0103 excursie, l-am \u00eentrebat cu voce tremur\u00e2nd\u0103:<\/p>\n\n\n\n<p>\u2014 Alexandru, am auzit \u00eent\u00e2mpl\u0103tor conversa\u021bia ta cu Maria.<\/p>\n\n\n\n<p>Ai spus c\u0103 eu nu \u0219tiu \u00eenc\u0103.<\/p>\n\n\n\n<p>Te rog, explic\u0103-mi despre ce e vorba.<\/p>\n\n\n\n<p>Fa\u021ba lui a devenit palid\u0103 \u0219i a cobor\u00e2t privirea:<\/p>\n\n\n\n<p>\u2014 \u00cemi pare r\u0103u\u2026 Am vrut s\u0103-\u021bi spun.<\/p>\n\n\n\n<p>Da, Maria este sora mea, dar are probleme financiare serioase \u2013 are datorii uria\u0219e \u0219i risc\u0103 s\u0103 \u00ee\u0219i piard\u0103 casa.<\/p>\n\n\n\n<p>M-a rugat s\u0103 o ajut \u0219i eu\u2026 am cheltuit aproape toate economiile mele.<\/p>\n\n\n\n<p>Mi-a fost team\u0103 c\u0103, dac\u0103 vei afla despre situa\u021bia mea, vei crede c\u0103 nu sunt stabil financiar \u0219i nu sunt potrivit pentru o rela\u021bie serioas\u0103.<\/p>\n\n\n\n<p>Am vrut s\u0103 rezolv totul \u00eenainte s\u0103-\u021bi spun, s\u0103 negociez cu banca\u2026<\/p>\n\n\n\n<p>\u2014 Dar de ce ai spus c\u0103 eu nu \u0219tiu \u00eenc\u0103?<\/p>\n\n\n\n<p>\u2014 Pentru c\u0103 mi-a fost fric\u0103 s\u0103 nu pleci c\u00e2nd vei afla\u2026 Abia am \u00eenceput ceva frumos \u00eempreun\u0103.<\/p>\n\n\n\n<p>Nu voiam s\u0103 te \u00eencarc cu problemele mele.<\/p>\n\n\n\n<p>Am sim\u021bit o durere \u00een inim\u0103, dar \u00een acela\u0219i timp \u0219i o u\u0219urare.<\/p>\n\n\n\n<p>Nu era nicio alt\u0103 femeie, nu era o via\u021b\u0103 dubl\u0103, nu era o tr\u0103dare din interes \u2013 doar frica de a m\u0103 pierde \u0219i dorin\u021ba de a-\u0219i ajuta sora.<\/p>\n\n\n\n<p>Lacrimile mi-au urcat \u00een ochi.<\/p>\n\n\n\n<p>Am respirat ad\u00e2nc, amintindu-mi de to\u021bi anii de singur\u0103tate care m\u0103 ap\u0103saser\u0103, \u0219i brusc mi-am dat seama \u2013 nu voiam s\u0103 pierd din nou pe cineva care \u00eemi era drag din cauza unui ne\u00een\u021beles.<\/p>\n\n\n\n<p>I-am luat m\u00e2na lui Alexandru:<\/p>\n\n\n\n<p>\u2014 Am 62 de ani \u0219i vreau s\u0103 fiu fericit\u0103.<\/p>\n\n\n\n<p>Dac\u0103 avem probleme, le rezolv\u0103m \u00eempreun\u0103.<\/p>\n\n\n\n<p>Alexandru a oftat ad\u00e2nc \u0219i m-a tras str\u00e2ns \u00een bra\u021bele lui.<\/p>\n\n\n\n<p>\u00cen lumina lunii, am v\u0103zut lacrimi de u\u0219urare \u00een ochii lui.<\/p>\n\n\n\n<p>\u00cen jurul nostru, greierii c\u00e2ntau \u00eenc\u0103, iar aerul cald de noapte adia mirosul de r\u0103\u0219in\u0103 de pin, umpl\u00e2nd lini\u0219tea cu un \u0219optit delicat al naturii.<\/p>\n\n\n\n<p>A doua zi diminea\u021b\u0103, am sunat-o pe Maria \u0219i i-am oferit chiar eu ajutorul pentru negocierile cu banca \u2013 am avut \u00eentotdeauna o \u00eenclina\u021bie pentru lucruri organizatorice \u0219i c\u00e2\u021biva contacte utile.<\/p>\n\n\n\n<p>\u00cen timpul conversa\u021biei noastre, am sim\u021bit c\u0103 am g\u0103sit familia la care am visat mult timp \u2013 nu doar un b\u0103rbat pe care \u00eel iubeam, ci \u0219i rude apropiate pe care eram dispus\u0103 s\u0103 le sprijin.<\/p>\n\n\n\n<p>C\u00e2nd m-am uitat \u00eenapoi la toate \u00eendoielile \u0219i fricile noastre, mi-am dat seama c\u00e2t de important este s\u0103 nu fugim de probleme, ci s\u0103 le \u00eenfrunt\u0103m \u00eempreun\u0103 \u2013 m\u00e2n\u0103 \u00een m\u00e2n\u0103 cu persoana iubit\u0103.<\/p>\n\n\n\n<p>Da, 62 de ani poate nu este v\u00e2rsta cea mai romantic\u0103 pentru o iubire nou\u0103, dar se pare c\u0103 via\u021ba poate aduce un dar minunat \u0219i atunci \u2013 dac\u0103 e\u0219ti preg\u0103tit s\u0103 \u00eel prime\u0219ti cu inima deschis\u0103.<\/p>\n\n\n\n<p>Dac\u0103 \u021bi-a pl\u0103cut povestea, nu uita s\u0103 o \u00eemp\u0103rt\u0103\u0219e\u0219ti cu prietenii t\u0103i!<\/p>\n\n\n\n<p>\u00cempreun\u0103 putem r\u0103sp\u00e2ndi emo\u021biile \u0219i inspira\u021bia mai departe.<\/p>\n","protected":false},"excerpt":{"rendered":"<p>Nu mi-am imaginat niciodat\u0103 c\u0103 la 62 de ani m\u0103 voi \u00eendr\u0103gosti din nou at\u00e2t de profund cum am f\u0103cut-o \u00een tinere\u021be. Prietenele mele r\u00e2deau,<\/p>\n","protected":false},"author":1,"featured_media":38649,"comment_status":"closed","ping_status":"closed","sticky":false,"template":"","format":"standard","meta":[],"categories":[1],"tags":[],"_links":{"self":[{"href":"http:\/\/calatorinromania.com\/index.php?rest_route=\/wp\/v2\/posts\/38709"}],"collection":[{"href":"http:\/\/calatorinromania.com\/index.php?rest_route=\/wp\/v2\/posts"}],"about":[{"href":"http:\/\/calatorinromania.com\/index.php?rest_route=\/wp\/v2\/types\/post"}],"author":[{"embeddable":true,"href":"http:\/\/calatorinromania.com\/index.php?rest_route=\/wp\/v2\/users\/1"}],"replies":[{"embeddable":true,"href":"http:\/\/calatorinromania.com\/index.php?rest_route=%2Fwp%2Fv2%2Fcomments&post=38709"}],"version-history":[{"count":1,"href":"http:\/\/calatorinromania.com\/index.php?rest_route=\/wp\/v2\/posts\/38709\/revisions"}],"predecessor-version":[{"id":38710,"href":"http:\/\/calatorinromania.com\/index.php?rest_route=\/wp\/v2\/posts\/38709\/revisions\/38710"}],"wp:featuredmedia":[{"embeddable":true,"href":"http:\/\/calatorinromania.com\/index.php?rest_route=\/wp\/v2\/media\/38649"}],"wp:attachment":[{"href":"http:\/\/calatorinromania.com\/index.php?rest_route=%2Fwp%2Fv2%2Fmedia&parent=38709"}],"wp:term":[{"taxonomy":"category","embeddable":true,"href":"http:\/\/calatorinromania.com\/index.php?rest_route=%2Fwp%2Fv2%2Fcategories&post=38709"},{"taxonomy":"post_tag","embeddable":true,"href":"http:\/\/calatorinromania.com\/index.php?rest_route=%2Fwp%2Fv2%2Ftags&post=38709"}],"curies":[{"name":"wp","href":"https:\/\/api.w.org\/{rel}","templated":true}]}}