{"id":38707,"date":"2025-04-25T08:27:42","date_gmt":"2025-04-25T08:27:42","guid":{"rendered":"https:\/\/calatorinromania.com\/?p=38707"},"modified":"2025-04-25T08:27:42","modified_gmt":"2025-04-25T08:27:42","slug":"prietena-care-mi-a-furat-lumina-reflectoarelor-pana-cand-am-stralucit-mai-tare-ca-niciodata","status":"publish","type":"post","link":"http:\/\/calatorinromania.com\/?p=38707","title":{"rendered":"Prietena care mi-a furat lumina reflectoarelor \u2014 P\u00e2n\u0103 c\u00e2nd am str\u0103lucit mai tare ca niciodat\u0103"},"content":{"rendered":"\n<p>De c\u00e2nd m\u0103 \u0219tiu, Celeste avea mereu un mod de a atrage toat\u0103 aten\u021bia.<\/p>\n\n\n\n<p>Fie c\u0103 era la spectacolele de talente de la \u0219coal\u0103, la petreceri de ziua cuiva sau doar la un brunch cu prietenii \u2014 cumva, reu\u0219ea s\u0103 devin\u0103 centrul tuturor lucrurilor.<\/p>\n\n\n\n<p>\u0218i tot de at\u00e2t timp, i-am permis asta.<\/p>\n\n\n\n<p>Ne-am cunoscut la facultate.<\/p>\n\n\n\n<p>Eu studiam produc\u021bia media, Celeste era la comunicare.<\/p>\n\n\n\n<p>Avea un r\u00e2s magnetic \u0219i un stil vestimentar care o f\u0103cea s\u0103 par\u0103 c\u0103 a ie\u0219it dintr-o campanie de mod\u0103.<\/p>\n\n\n\n<p>Eu eram mai t\u0103cut\u0103, mai observatoare.<\/p>\n\n\n\n<p>\u00cemi pl\u0103ceau pove\u0219tile \u2014 s\u0103 le spun, s\u0103 le filmez, s\u0103 g\u0103sesc sensuri \u00een momentele pe care al\u021bii le treceau cu vederea.<\/p>\n\n\n\n<p>Ei \u00eei pl\u0103cea s\u0103 fie povestea.<\/p>\n\n\n\n<p>Ne-am \u00eemprietenit repede.<\/p>\n\n\n\n<p>Ea m\u0103 tr\u0103gea \u00een lumea ei, \u0219i o l\u0103sam s\u0103 preia conducerea \u2014 la petreceri, \u00een conversa\u021bii, chiar \u0219i \u00een proiectele creative.<\/p>\n\n\n\n<p>Nu m\u0103 deranja.<\/p>\n\n\n\n<p>La \u00eenceput.<\/p>\n\n\n\n<p>M\u0103 g\u00e2ndeam: \u201eA\u0219a e ea. Str\u0103luce\u0219te.\u201d<\/p>\n\n\n\n<p>Dar cu timpul, am \u00eenceput s\u0103 v\u0103d fisurile.<\/p>\n\n\n\n<p>C\u00e2nd am propus o idee de scurtmetraj la curs, care mai t\u00e2rziu a fost selectat\u0103 pentru un festival, Celeste s-a oferit s\u0103 m\u0103 ajute s\u0103 \u201eformez viziunea.\u201d<\/p>\n\n\n\n<p>\u00cen c\u00e2teva s\u0103pt\u0103m\u00e2ni, numele ei era cel pe care \u00eel men\u021bionau profesorii.<\/p>\n\n\n\n<p>\u201eFilmul lui Celeste e genial!\u201d<\/p>\n\n\n\n<p>\u201eCeleste are o voce at\u00e2t de unic\u0103!\u201d<\/p>\n\n\n\n<p>Eu eram cea care st\u0103tea treaz\u0103 toat\u0103 noaptea edit\u00e2nd, rescriind scenariul, regiz\u00e2nd fiecare cadru.<\/p>\n\n\n\n<p>Ea venea t\u00e2rziu pe platou \u0219i pleca devreme \u2014 dar \u0219tia cum s\u0103 vorbeasc\u0103 despre proiect.<\/p>\n\n\n\n<p>Cum s\u0103-l v\u00e2nd\u0103.<\/p>\n\n\n\n<p>Asta era superputerea ei.<\/p>\n\n\n\n<p>Mi-am spus c\u0103 nu conteaz\u0103.<\/p>\n\n\n\n<p>Eram prietene.<\/p>\n\n\n\n<p>Dac\u0103 ea c\u00e2\u0219tiga, c\u00e2\u0219tigam \u0219i eu\u2026 nu?<\/p>\n\n\n\n<p>Apoi a venit Momentul.<\/p>\n\n\n\n<p>\u00cen ultimul semestru, am trimis un documentar scurt numit \u00cenc\u0103 \u00eenflore\u0219te \u2014 o lucrare profund personal\u0103 despre lupta mamei mele cu depresia \u0219i puterea lini\u0219tit\u0103 a femeilor care \u00ee\u0219i duc familiile prin durere.<\/p>\n\n\n\n<p>A fost selectat pentru o competi\u021bie na\u021bional\u0103 de filme studen\u021be\u0219ti.<\/p>\n\n\n\n<p>Un mare eveniment.<\/p>\n\n\n\n<p>Eram uluit\u0103.<\/p>\n\n\n\n<p>\u00cen sf\u00e2r\u0219it, eram v\u0103zut\u0103.<\/p>\n\n\n\n<p>Proiec\u021bia a fost la Lisabona.<\/p>\n\n\n\n<p>Cu o sear\u0103 \u00eenainte, Celeste s-a oferit s\u0103 zboare cu mine.<\/p>\n\n\n\n<p>\u201eS\u0103 te sus\u021bin,\u201d a spus ea.<\/p>\n\n\n\n<p>A ap\u0103rut \u00eentr-o rochie ro\u0219ie \u0219i cu o \u00eencredere care o \u00eenv\u0103luia ca un parfum.<\/p>\n\n\n\n<p>Eu purtam un salopet\u0103 neagr\u0103 \u0219i o speran\u021b\u0103 tremur\u00e2nd\u0103.<\/p>\n\n\n\n<p>Dup\u0103 proiec\u021bie, un mic juriu a \u021binut interviuri cu realizatorii selecta\u021bi.<\/p>\n\n\n\n<p>M-am retras pu\u021bin s\u0103 iau ap\u0103 \u2014 \u0219i m-am \u00eentors s\u0103 o g\u0103sesc pe Celeste vorbind cu jura\u021bii.<\/p>\n\n\n\n<p>F\u0103r\u0103 s\u0103 m\u0103 prezinte.<\/p>\n\n\n\n<p>F\u0103r\u0103 s\u0103 m\u0103 indice.<\/p>\n\n\n\n<p>Vorbind despre \u201eviziunea noastr\u0103.\u201d<\/p>\n\n\n\n<p>\u201eAlegerile noastre.\u201d<\/p>\n\n\n\n<p>\u201ePovestea noastr\u0103.\u201d<\/p>\n\n\n\n<p>Mi s-a str\u00e2ns stomacul.<\/p>\n\n\n\n<p>\u00cen acea noapte, \u00een camera de hotel, am confruntat-o.<\/p>\n\n\n\n<p>\u201eTot faci asta,\u201d i-am spus.<\/p>\n\n\n\n<p>\u201e\u00ce\u021bi \u00eensu\u0219e\u0219ti spa\u021biul care nu-\u021bi apar\u021bine.\u201d<\/p>\n\n\n\n<p>Ea a dat ochii peste cap.<\/p>\n\n\n\n<p>\u201eKiara, dac\u0103 nu po\u021bi s\u0103 te aperi singur\u0103, nu da vina pe mine c\u0103 umplu t\u0103cerea.\u201d<\/p>\n\n\n\n<p>A fost ca o palm\u0103 f\u0103r\u0103 sunet.<\/p>\n\n\n\n<p>Am plecat din Lisabona mai devreme.<\/p>\n\n\n\n<p>Singur\u0103.<\/p>\n\n\n\n<p>Am mers acas\u0103, am pl\u00e2ns dou\u0103 zile \u00eencontinuu \u0219i m-am g\u00e2ndit serios s\u0103 nu mai fac niciodat\u0103 film.<\/p>\n\n\n\n<p>Dar apoi s-a \u00eent\u00e2mplat ceva ciudat.<\/p>\n\n\n\n<p>Unul dintre jura\u021bi \u2014 Ana Ribeiro, o regizoare portughez\u0103 cunoscut\u0103 \u2014 m-a contactat.<\/p>\n\n\n\n<p>A spus: \u201eVocea ta a trecut prin ecran. Vreau s\u0103 te \u00eendrum.\u201d<\/p>\n\n\n\n<p>Nu pe tine \u0219i Celeste.<\/p>\n\n\n\n<p>Doar pe mine.<\/p>\n\n\n\n<p>Sub \u00eendrumarea Anei, am dezvoltat un nou proiect.<\/p>\n\n\n\n<p>O docu-serie despre femei povestitoare subreprezentate din diverse culturi.<\/p>\n\n\n\n<p>Pentru prima dat\u0103, nu m\u0103 mai ascundeam \u00een spatele reflectoarelor altcuiva \u2014 \u00eemi cream propriile reflectoare.<\/p>\n\n\n\n<p>\u0218i a func\u021bionat.<\/p>\n\n\n\n<p>Seria a fost preluat\u0103 de o platform\u0103 independent\u0103.<\/p>\n\n\n\n<p>A c\u00e2\u0219tigat un premiu la Festivalul European de Arte Digitale.<\/p>\n\n\n\n<p>Dintr-o dat\u0103, nu mai eram doar o creativ\u0103 t\u0103cut\u0103 \u00een fundal.<\/p>\n\n\n\n<p>Conduceam.<\/p>\n\n\n\n<p>\u0218i oamenii au observat.<\/p>\n\n\n\n<p>Celeste a revenit.<\/p>\n\n\n\n<p>M-a felicitat public pe Instagram \u0219i \u00een privat m-a \u00eentrebat dac\u0103 am nevoie de ajutor pentru \u201ea-mi curatoria imaginea public\u0103.\u201d<\/p>\n\n\n\n<p>Nu i-am r\u0103spuns.<\/p>\n\n\n\n<p>Nu pentru c\u0103 eram sup\u0103rat\u0103 \u2014 ci pentru c\u0103 am \u00eenv\u0103\u021bat ceva esen\u021bial:<\/p>\n\n\n\n<p>Un prieten adev\u0103rat nu-\u021bi stinge lumina ca s\u0103 par\u0103 el mai str\u0103lucitor.<\/p>\n\n\n\n<p>Un prieten adev\u0103rat te ajut\u0103 s\u0103 str\u0103luce\u0219ti \u2014 \u0219i se bucur\u0103 c\u00e2nd reu\u0219e\u0219ti.<\/p>\n\n\n\n<p>Celeste m-a \u00eenv\u0103\u021bat ceva, chiar dac\u0103 nu asta inten\u021biona: C\u0103 s\u0103 r\u0103m\u00e2i mic\u0103 pentru confortul altora e o alt\u0103 form\u0103 de tr\u0103dare de sine.<\/p>\n\n\n\n<p>C\u0103 t\u0103cerea nu e modestie atunci c\u00e2nd te cost\u0103 vocea.<\/p>\n\n\n\n<p>C\u0103 uneori, cea mai bun\u0103 r\u0103zbunare nu e deloc r\u0103zbunarea \u2014 ci succesul, autenticitatea \u0219i lini\u0219tea.<\/p>\n\n\n\n<p>Acum, \u021bin ateliere pentru tinere femei din domeniul filmului \u2014 mai ales pentru cele care nu vorbesc cel mai tare.<\/p>\n\n\n\n<p>Le reamintesc: Nu ai nevoie de permisiune ca s\u0103 fii v\u0103zut\u0103.<\/p>\n\n\n\n<p>Nu ai nevoie de cineva mai vocal s\u0103-\u021bi spun\u0103 povestea.<\/p>\n\n\n\n<p>Vocea ta conteaz\u0103 \u2014 chiar dac\u0103 tremur\u0103.<\/p>\n\n\n\n<p>Celeste e \u00eenc\u0103 pe undeva.<\/p>\n\n\n\n<p>\u00cenc\u0103 face networking, \u00eenc\u0103 e fermec\u0103toare, \u00eenc\u0103 \u00ee\u0219i asum\u0103 meritele altora.<\/p>\n\n\n\n<p>Dar nu m\u0103 mai \u00eengrijoreaz\u0103.<\/p>\n\n\n\n<p>Pentru c\u0103, \u00een timp ce ea era ocupat\u0103 s\u0103 ocupe spa\u021biu \u2014 eu \u00eel construiam pe al meu.<\/p>\n\n\n\n<p>\u0218i acum c\u0103 am p\u0103\u0219it \u00een el?<\/p>\n\n\n\n<p>Nu voi mai face niciodat\u0103 un pas \u00eenapoi.<\/p>\n","protected":false},"excerpt":{"rendered":"<p>De c\u00e2nd m\u0103 \u0219tiu, Celeste avea mereu un mod de a atrage toat\u0103 aten\u021bia. Fie c\u0103 era la spectacolele de talente de la \u0219coal\u0103, la<\/p>\n","protected":false},"author":1,"featured_media":38649,"comment_status":"closed","ping_status":"closed","sticky":false,"template":"","format":"standard","meta":[],"categories":[1],"tags":[],"_links":{"self":[{"href":"http:\/\/calatorinromania.com\/index.php?rest_route=\/wp\/v2\/posts\/38707"}],"collection":[{"href":"http:\/\/calatorinromania.com\/index.php?rest_route=\/wp\/v2\/posts"}],"about":[{"href":"http:\/\/calatorinromania.com\/index.php?rest_route=\/wp\/v2\/types\/post"}],"author":[{"embeddable":true,"href":"http:\/\/calatorinromania.com\/index.php?rest_route=\/wp\/v2\/users\/1"}],"replies":[{"embeddable":true,"href":"http:\/\/calatorinromania.com\/index.php?rest_route=%2Fwp%2Fv2%2Fcomments&post=38707"}],"version-history":[{"count":1,"href":"http:\/\/calatorinromania.com\/index.php?rest_route=\/wp\/v2\/posts\/38707\/revisions"}],"predecessor-version":[{"id":38708,"href":"http:\/\/calatorinromania.com\/index.php?rest_route=\/wp\/v2\/posts\/38707\/revisions\/38708"}],"wp:featuredmedia":[{"embeddable":true,"href":"http:\/\/calatorinromania.com\/index.php?rest_route=\/wp\/v2\/media\/38649"}],"wp:attachment":[{"href":"http:\/\/calatorinromania.com\/index.php?rest_route=%2Fwp%2Fv2%2Fmedia&parent=38707"}],"wp:term":[{"taxonomy":"category","embeddable":true,"href":"http:\/\/calatorinromania.com\/index.php?rest_route=%2Fwp%2Fv2%2Fcategories&post=38707"},{"taxonomy":"post_tag","embeddable":true,"href":"http:\/\/calatorinromania.com\/index.php?rest_route=%2Fwp%2Fv2%2Ftags&post=38707"}],"curies":[{"name":"wp","href":"https:\/\/api.w.org\/{rel}","templated":true}]}}