{"id":38701,"date":"2025-04-25T08:17:59","date_gmt":"2025-04-25T08:17:59","guid":{"rendered":"https:\/\/calatorinromania.com\/?p=38701"},"modified":"2025-04-25T08:17:59","modified_gmt":"2025-04-25T08:17:59","slug":"am-adoptat-o-fetita-de-4-ani-un-luna-mai-tarziu-a-venit-la-mine-si-mi-a-spus-mami-nu-avea-incredere-in-tati","status":"publish","type":"post","link":"http:\/\/calatorinromania.com\/?p=38701","title":{"rendered":"Am adoptat o feti\u021b\u0103 de 4 ani \u2013 un lun\u0103 mai t\u00e2rziu, a venit la mine \u0219i mi-a spus: \u2018mami, nu avea \u00eencredere \u00een tati."},"content":{"rendered":"\n<h3>DISCLAIMER: Acest site este neutru din punct de vedere politic \u0219i nu sus\u021bine niciun partid sau ideologie politic\u0103.<\/h3>\n\n\n\n<p><strong>\u201eAM ADOPTAT O FETI\u021a\u0102 DE 4 ANI \u2013 DUP\u0102 O LUN\u0102, MI-A SPUS: \u2018MAMI, NU AVEA \u00ceNCREDERE \u00ceN TATI.\u2019\u201d<\/strong><\/p>\n\n\n\n<p>Trecuse o lun\u0103 de c\u00e2nd Jennifer devenise oficial parte din familia noastr\u0103. Era o perioad\u0103 plin\u0103 de speran\u021be \u0219i adapt\u0103ri. Dup\u0103 ani de \u00eencerc\u0103ri, eu \u0219i Richard sim\u021beam c\u0103, \u00een sf\u00e2r\u0219it, via\u021ba noastr\u0103 era complet\u0103.<\/p>\n\n\n\n<p>Jennifer era timid\u0103, dar deja emanase acea sc\u00e2nteie care promitea c\u0103 \u00een cur\u00e2nd se va deschide mai mult.<\/p>\n\n\n\n<p><strong>Primele semne<\/strong><\/p>\n\n\n\n<p>Richard era entuziasmat. \u201eE perfect\u0103,\u201d \u00eemi spusese, cu ochii str\u0103lucind de emo\u021bie. \u00cel credeam. Totu\u0219i, la scurt timp dup\u0103 ce Jennifer s-a mutat cu noi, am \u00eenceput s\u0103 observ ceva ciudat.<\/p>\n\n\n\n<p>Jennifer p\u0103rea s\u0103 se apropie de mine foarte repede, dar r\u0103m\u00e2nea rezervat\u0103 fa\u021b\u0103 de Richard. \u00cei urm\u0103rea fiecare mi\u0219care cu o pruden\u021b\u0103 care m-a tulburat. \u00cemi spuneam c\u0103 probabil avea nevoie de mai mult timp pentru a se adapta.<\/p>\n\n\n\n<p>Apoi, \u00eentr-o sear\u0103, \u00een timp ce o preg\u0103team de culcare, Jennifer mi-a \u0219optit: \u201eMami, nu avea \u00eencredere \u00een tati.\u201d<\/p>\n\n\n\n<p><strong>Ceva nu p\u0103rea \u00een regul\u0103<\/strong><\/p>\n\n\n\n<p>Cuvintele ei m-au l\u0103sat f\u0103r\u0103 suflare. Am privit-o, \u00eencerc\u00e2nd s\u0103-mi p\u0103strez calmul.<br>\u201eDe ce spui asta, iubita mea?\u201d am \u00eentrebat bl\u00e2nd.<\/p>\n\n\n\n<p>Jennifer s-a ghemuit sub p\u0103tur\u0103, evit\u00e2ndu-mi privirea. \u201eVorbe\u0219te ciudat,\u201d a spus, aproape \u00een \u0219oapt\u0103. \u201eCa \u0219i cum ascunde ceva.\u201d<\/p>\n\n\n\n<p>Am \u00eencercat s\u0103 o lini\u0219tesc, spun\u00e2ndu-i c\u0103 Richard ne iubea pe am\u00e2ndou\u0103 \u0219i c\u0103 probabil \u00eencerca doar s\u0103 fie dr\u0103gu\u021b. Dar pe m\u0103sur\u0103 ce o priveam, sim\u021beam cum un sentiment de nelini\u0219te \u00ee\u0219i f\u0103cea loc \u00een mine.<\/p>\n\n\n\n<p><strong>Descoperiri nea\u0219teptate<\/strong><\/p>\n\n\n\n<p>A doua zi, \u00een timp ce g\u0103team, l-am auzit pe Richard vorbind la telefon. Tonul lui era sc\u0103zut \u0219i tensionat.<br>\u201eE mai greu dec\u00e2t am crezut,\u201d spunea. \u201eJennifer observ\u0103 mai mult dec\u00e2t m\u0103 a\u0219teptam. Mi-e team\u0103 c\u0103 i-ar putea spune Marlei.\u201d<\/p>\n\n\n\n<p>Inima mi-a \u00eenceput s\u0103 bat\u0103 cu putere. \u201eCe ar putea s\u0103-mi spun\u0103 Jennifer?\u201d m\u0103 \u00eentrebam, \u00eencerc\u00e2nd s\u0103 \u00een\u021beleg.<\/p>\n\n\n\n<p>Am ascultat mai departe, dar vocea lui a sc\u0103zut \u0219i nu am reu\u0219it s\u0103 \u00een\u021beleg mai mult. C\u00e2nd a intrat \u00een buc\u0103t\u0103rie, am \u00eencercat s\u0103 m\u0103 port normal, de\u0219i \u00eentreb\u0103rile \u00eemi invadau mintea.<\/p>\n\n\n\n<p><strong>Confruntarea<\/strong><\/p>\n\n\n\n<p>Mai t\u00e2rziu, \u00een acea sear\u0103, nu am mai putut s\u0103 m\u0103 ab\u021bin. \u201eRichard,\u201d i-am spus ferm, \u201ete-am auzit vorbind la telefon. Ce ai vrut s\u0103 spui cu \u2018Jennifer ar putea s\u0103-mi spun\u0103 ceva?\u2019 Ce ascunzi?\u201d<\/p>\n\n\n\n<p>Richard a ezitat, surprins de \u00eentrebarea mea. Apoi, z\u00e2mbind timid, a spus: \u201eNu ascund nimic r\u0103u, Marla. Planificam o surpriz\u0103 pentru ziua de na\u0219tere a lui Jennifer. Am vrut s\u0103 fie ceva special.\u201d<\/p>\n\n\n\n<p><strong>Un final lini\u0219titor<\/strong><\/p>\n\n\n\n<p>Explica\u021bia lui m-a surprins. \u201eO surpriz\u0103 pentru Jennifer?\u201d am \u00eentrebat, \u00eencerc\u00e2nd s\u0103 procesez totul.<\/p>\n\n\n\n<p>\u201eDa,\u201d a spus el, vizibil u\u0219urat. \u201eVreau s\u0103-i ar\u0103t\u0103m c\u00e2t de mult o iubim. \u0218tiam c\u0103 Jennifer ar putea s\u0103 scape ceva \u0219i nu voiam s\u0103 stric\u0103m surpriza.\u201d<\/p>\n\n\n\n<p>M-am sim\u021bit u\u0219urat\u0103, dar \u0219i vinovat\u0103 pentru suspiciunile mele. Richard mi-a z\u00e2mbit. \u201eE o perioad\u0103 de adaptare pentru to\u021bi. Dar vom fi bine, Marla. \u0218tiu asta.\u201d<\/p>\n\n\n\n<p><strong>O familie \u00een devenire<\/strong><\/p>\n\n\n\n<p>\u00cen diminea\u021ba urm\u0103toare, am privit cum Richard o ajuta pe Jennifer s\u0103-\u0219i aleag\u0103 cerealele. Ea \u00eenc\u0103 era rezervat\u0103, dar am v\u0103zut cum \u00eencepea, \u00eencet-\u00eencet, s\u0103-i accepte afec\u021biunea.<\/p>\n\n\n\n<p>M-am al\u0103turat lor la mas\u0103, pun\u00e2nd o m\u00e2n\u0103 pe um\u0103rul lui Jennifer. Mi-a oferit un z\u00e2mbet mic, dar sincer. Era \u00eenceputul unei \u00eencrederi care avea nevoie de timp s\u0103 creasc\u0103.<\/p>\n\n\n\n<p>\u00cen cele din urm\u0103, am \u00een\u021beles c\u0103 drumul nostru ca familie nu va fi lipsit de provoc\u0103ri, dar cu r\u0103bdare \u0219i dragoste, aveam toate \u0219ansele s\u0103 reu\u0219im.<\/p>\n","protected":false},"excerpt":{"rendered":"<p>DISCLAIMER: Acest site este neutru din punct de vedere politic \u0219i nu sus\u021bine niciun partid sau ideologie politic\u0103. \u201eAM ADOPTAT O FETI\u021a\u0102 DE 4 ANI<\/p>\n","protected":false},"author":1,"featured_media":38656,"comment_status":"closed","ping_status":"closed","sticky":false,"template":"","format":"standard","meta":[],"categories":[1],"tags":[],"_links":{"self":[{"href":"http:\/\/calatorinromania.com\/index.php?rest_route=\/wp\/v2\/posts\/38701"}],"collection":[{"href":"http:\/\/calatorinromania.com\/index.php?rest_route=\/wp\/v2\/posts"}],"about":[{"href":"http:\/\/calatorinromania.com\/index.php?rest_route=\/wp\/v2\/types\/post"}],"author":[{"embeddable":true,"href":"http:\/\/calatorinromania.com\/index.php?rest_route=\/wp\/v2\/users\/1"}],"replies":[{"embeddable":true,"href":"http:\/\/calatorinromania.com\/index.php?rest_route=%2Fwp%2Fv2%2Fcomments&post=38701"}],"version-history":[{"count":1,"href":"http:\/\/calatorinromania.com\/index.php?rest_route=\/wp\/v2\/posts\/38701\/revisions"}],"predecessor-version":[{"id":38702,"href":"http:\/\/calatorinromania.com\/index.php?rest_route=\/wp\/v2\/posts\/38701\/revisions\/38702"}],"wp:featuredmedia":[{"embeddable":true,"href":"http:\/\/calatorinromania.com\/index.php?rest_route=\/wp\/v2\/media\/38656"}],"wp:attachment":[{"href":"http:\/\/calatorinromania.com\/index.php?rest_route=%2Fwp%2Fv2%2Fmedia&parent=38701"}],"wp:term":[{"taxonomy":"category","embeddable":true,"href":"http:\/\/calatorinromania.com\/index.php?rest_route=%2Fwp%2Fv2%2Fcategories&post=38701"},{"taxonomy":"post_tag","embeddable":true,"href":"http:\/\/calatorinromania.com\/index.php?rest_route=%2Fwp%2Fv2%2Ftags&post=38701"}],"curies":[{"name":"wp","href":"https:\/\/api.w.org\/{rel}","templated":true}]}}