{"id":38699,"date":"2025-04-25T08:16:14","date_gmt":"2025-04-25T08:16:14","guid":{"rendered":"https:\/\/calatorinromania.com\/?p=38699"},"modified":"2025-04-25T08:16:14","modified_gmt":"2025-04-25T08:16:14","slug":"o-fata-schioapa-a-venit-sa-se-angajeze-ca-femeie-de-serviciu-intr-o-cafenea","status":"publish","type":"post","link":"http:\/\/calatorinromania.com\/?p=38699","title":{"rendered":"O fat\u0103 \u0219chioap\u0103 a venit s\u0103 se angajeze ca femeie de serviciu \u00eentr-o cafenea"},"content":{"rendered":"\n<h3>DISCLAIMER: Acest site este neutru din punct de vedere politic \u0219i nu sus\u021bine niciun partid sau ideologie politic\u0103.<\/h3>\n\n\n\n<p>Dintr-o \u00eenc\u0103pere din spate a ap\u0103rut un b\u0103rbat de vreo patruzeci de ani, cu p\u0103r castaniu \u0219i ochi verzi p\u0103trunz\u0103tori. Purta o c\u0103ma\u0219\u0103 alb\u0103 impecabil\u0103 \u0219i un \u0219or\u021b negru. C\u00e2nd \u0219i-a \u00eendreptat privirea spre Maria, chipul i s-a transformat pentru o frac\u021biune de secund\u0103.<\/p>\n\n\n\n<p>\u2014 Bun\u0103 ziua, eu sunt proprietarul. Andrei Vasilescu, spuse el, studiind-o atent. Te rog, vino \u00een birou s\u0103 discut\u0103m.<\/p>\n\n\n\n<p>Maria l-a urmat \u0219chiop\u0103t\u00e2nd u\u0219or, con\u0219tient\u0103 de privirea lui asupra mersului ei. Biroul era o \u00eenc\u0103pere mic\u0103, dar elegant\u0103, cu un pian vechi \u00eentr-un col\u021b. V\u0103z\u00e2nd instrumentul, inima i s-a str\u00e2ns dureros.<\/p>\n\n\n\n<p>\u2014 Te rog, ia loc, i-a spus Andrei, indic\u00e2ndu-i un scaun. Cum te nume\u0219ti?<\/p>\n\n\n\n<p>\u2014 Maria Ionescu.<\/p>\n\n\n\n<p>B\u0103rbatul a \u00eenlemnit. A privit-o lung, apoi s-a a\u0219ezat greoi pe scaunul s\u0103u.<\/p>\n\n\n\n<p>\u2014 Maria Ionescu\u2026 pianista? a \u00eentrebat el cu voce tremur\u00e2nd\u0103.<\/p>\n\n\n\n<p>Ea a \u00eencuviin\u021bat u\u0219or din cap, jenat\u0103 c\u0103 fusese recunoscut\u0103 \u00een aceast\u0103 postur\u0103 umil\u0103.<\/p>\n\n\n\n<p>\u2014 Nu se poate, a \u0219optit el. Te-am v\u0103zut c\u00e2nt\u00e2nd acum \u0219apte ani la Ateneu. Aveai un talent extraordinar! Toat\u0103 lumea vorbea despre tine ca despre viitoarea mare speran\u021b\u0103 a pianului rom\u00e2nesc. Apoi ai disp\u0103rut.<\/p>\n\n\n\n<p>Maria a \u00eenghi\u021bit \u00een sec, lupt\u00e2ndu-se cu lacrimile.<\/p>\n\n\n\n<p>\u2014 Via\u021ba s-a schimbat dup\u0103 accident, a r\u0103spuns ea simplu.<\/p>\n\n\n\n<p>\u2014 \u00cemi pare nespus de r\u0103u, a spus el, privind-o cu compasiune. Dar nu pot s\u0103 te angajez ca femeie de serviciu.<\/p>\n\n\n\n<p>Inima Mariei s-a pr\u0103bu\u0219it. \u00cenc\u0103 o u\u0219\u0103 \u00eenchis\u0103.<\/p>\n\n\n\n<p>\u2014 V\u0103 rog, am nevoie disperat\u0103 de acest loc de munc\u0103. Bunica mea\u2026<\/p>\n\n\n\n<p>\u2014 Nu m\u0103 \u00een\u021belegi, a \u00eentrerupt-o Andrei cu bl\u00e2nde\u021be. Nu te pot angaja ca femeie de serviciu pentru c\u0103 am nevoie de cineva care s\u0103 c\u00e2nte la pianul acela.<\/p>\n\n\n\n<p>Maria a r\u0103mas cu gura \u00eentredeschis\u0103, privind ne\u00eencrez\u0103toare c\u00e2nd la Andrei, c\u00e2nd la pianul din col\u021b.<\/p>\n\n\n\n<p>\u2014 Dar eu\u2026 eu nu am mai c\u00e2ntat de ani de zile.<\/p>\n\n\n\n<p>\u2014 Degetele nu uit\u0103 niciodat\u0103, a z\u00e2mbit el. Cafeneaua aceasta am deschis-o cu un vis: s\u0103 fie un loc unde muzica bun\u0103 s\u0103 \u00eenso\u021beasc\u0103 conversa\u021biile. Pianistul care urma s\u0103 c\u00e2nte aici ne-a anun\u021bat ieri c\u0103 a primit o ofert\u0103 \u00een str\u0103in\u0103tate. Iar acum, ca prin minune, apari tu.<\/p>\n\n\n\n<p>\u2014 Nu \u0219tiu dac\u0103 mai pot, a \u0219optit Maria, cople\u0219it\u0103 de emo\u021bii contradictorii.<\/p>\n\n\n\n<p>\u2014 \u00cencearc\u0103, te rog.<\/p>\n\n\n\n<p>Cu pa\u0219i \u0219ov\u0103ielnici, Maria s-a apropiat de pian. A m\u00e2ng\u00e2iat clapele cu v\u00e2rful degetelor, apoi s-a a\u0219ezat. A \u00eenchis ochii \u0219i, pentru prima dat\u0103 \u00een \u0219apte ani, a \u00eenceput s\u0103 c\u00e2nte. Notele Sonatei Lunii de Beethoven au umplut \u00eenc\u0103perea, purt\u00e2nd cu ele toat\u0103 durerea, dar \u0219i toat\u0103 speran\u021ba din sufletul ei.<\/p>\n\n\n\n<p>C\u00e2nd a terminat, a deschis ochii. Andrei o privea cu lacrimi \u0219iroind pe obraji.<\/p>\n\n\n\n<p>\u2014 \u0218tii de ce am deschis aceast\u0103 cafenea? a \u00eentrebat el \u00eencet. Pentru c\u0103 \u00een urm\u0103 cu \u0219apte ani, dup\u0103 concertul t\u0103u, am promis c\u0103 \u00eentr-o zi voi crea un loc unde talentul autentic s\u0103 fie apreciat. Nu mi-am imaginat niciodat\u0103 c\u0103 tu vei fi cea care va c\u00e2nta aici.<\/p>\n\n\n\n<p>Maria a z\u00e2mbit prin lacrimi, sim\u021bind pentru prima dat\u0103 dup\u0103 mul\u021bi ani c\u0103, poate, via\u021ba ei nu se terminase \u00een ziua accidentului. Poate c\u0103 era doar \u00eenceputul unui nou capitol.<\/p>\n\n\n\n<p>Dac\u0103 \u021bi-a pl\u0103cut povestea, nu uita s\u0103 o distribui cu prietenii t\u0103i! \u00cempreun\u0103 putem duce mai departe emo\u021bia \u0219i inspira\u021bia.<\/p>\n","protected":false},"excerpt":{"rendered":"<p>DISCLAIMER: Acest site este neutru din punct de vedere politic \u0219i nu sus\u021bine niciun partid sau ideologie politic\u0103. Dintr-o \u00eenc\u0103pere din spate a ap\u0103rut un<\/p>\n","protected":false},"author":1,"featured_media":38649,"comment_status":"closed","ping_status":"closed","sticky":false,"template":"","format":"standard","meta":[],"categories":[1],"tags":[],"_links":{"self":[{"href":"http:\/\/calatorinromania.com\/index.php?rest_route=\/wp\/v2\/posts\/38699"}],"collection":[{"href":"http:\/\/calatorinromania.com\/index.php?rest_route=\/wp\/v2\/posts"}],"about":[{"href":"http:\/\/calatorinromania.com\/index.php?rest_route=\/wp\/v2\/types\/post"}],"author":[{"embeddable":true,"href":"http:\/\/calatorinromania.com\/index.php?rest_route=\/wp\/v2\/users\/1"}],"replies":[{"embeddable":true,"href":"http:\/\/calatorinromania.com\/index.php?rest_route=%2Fwp%2Fv2%2Fcomments&post=38699"}],"version-history":[{"count":1,"href":"http:\/\/calatorinromania.com\/index.php?rest_route=\/wp\/v2\/posts\/38699\/revisions"}],"predecessor-version":[{"id":38700,"href":"http:\/\/calatorinromania.com\/index.php?rest_route=\/wp\/v2\/posts\/38699\/revisions\/38700"}],"wp:featuredmedia":[{"embeddable":true,"href":"http:\/\/calatorinromania.com\/index.php?rest_route=\/wp\/v2\/media\/38649"}],"wp:attachment":[{"href":"http:\/\/calatorinromania.com\/index.php?rest_route=%2Fwp%2Fv2%2Fmedia&parent=38699"}],"wp:term":[{"taxonomy":"category","embeddable":true,"href":"http:\/\/calatorinromania.com\/index.php?rest_route=%2Fwp%2Fv2%2Fcategories&post=38699"},{"taxonomy":"post_tag","embeddable":true,"href":"http:\/\/calatorinromania.com\/index.php?rest_route=%2Fwp%2Fv2%2Ftags&post=38699"}],"curies":[{"name":"wp","href":"https:\/\/api.w.org\/{rel}","templated":true}]}}