{"id":38695,"date":"2025-04-25T08:10:14","date_gmt":"2025-04-25T08:10:14","guid":{"rendered":"https:\/\/calatorinromania.com\/?p=38695"},"modified":"2025-04-25T08:10:14","modified_gmt":"2025-04-25T08:10:14","slug":"barbatul-a-adus-acasa-o-creatura-ciudata-din-padure-dupa-un-an-a-fost-socat-de-ceea-ce-crescuse-din-ea","status":"publish","type":"post","link":"http:\/\/calatorinromania.com\/?p=38695","title":{"rendered":"B\u0103rbatul a adus acas\u0103 o creatur\u0103 ciudat\u0103 din p\u0103dure. Dup\u0103 un an, a fost \u0219ocat de ceea ce crescuse din ea"},"content":{"rendered":"\n<h3>DISCLAIMER: Acest site este neutru din punct de vedere politic \u0219i nu sus\u021bine niciun partid sau ideologie politic\u0103.<\/h3>\n\n\n\n<p>\u201eNu e \u0219oricel, nu e broscu\u021b\u0103, ci o vietate necunoscut\u0103\u201d \u2013 a\u0219a au descris activi\u0219tii centrului \u201eInima P\u0103durii\u201d imaginile cu micul animal cu blan\u0103 neagr\u0103, pe care l-au g\u0103sit. Centrul se ocup\u0103 cu ajutorarea animalelor s\u0103lbatice.<\/p>\n\n\n\n<p>Fotografiile au fost publicate pe re\u021belele de socializare, iar utilizatorii de internet au \u00eenceput s\u0103 ghiceasc\u0103 ce ar putea fi aceast\u0103 creatur\u0103.<\/p>\n\n\n\n<p>Au fost lansate tot felul de ipoteze: pisoi, pui de veveri\u021b\u0103, iepura\u0219, c\u0103\u021belu\u0219, pui de dihor sau de nurc\u0103\u2026<\/p>\n\n\n\n<figure class=\"wp-block-image\"><img decoding=\"async\" src=\"https:\/\/stiricalitative.ro\/wp-content\/uploads\/2025\/04\/97-1024x538-1.jpg\" alt=\"\" class=\"wp-image-33576\"\/><\/figure>\n\n\n\n<p>Au existat chiar \u0219i variante care sugerau c\u0103 ar fi un ursule\u021b minuscul sau chiar un extraterestru.<\/p>\n\n\n\n<p>Protectorii animalelor au scris c\u0103 este o feti\u021b\u0103, \u00een v\u00e2rst\u0103 de 3-4 zile, \u0219i c\u0103 micu\u021ba are c\u00e2teva r\u0103ni mici.<\/p>\n\n\n\n<p>Aceast\u0103 fiin\u021b\u0103 vie a fost adus\u0103\u2026 \u00een gur\u0103 de o c\u0103\u021bea.<\/p>\n\n\n\n<figure class=\"wp-block-image\"><img decoding=\"async\" src=\"https:\/\/stiricalitative.ro\/wp-content\/uploads\/2025\/04\/98.jpg\" alt=\"\" class=\"wp-image-33575\"\/><\/figure>\n\n\n\n<p>Iat\u0103 \u0219i dezlegarea misterului \u2014 este un nou-n\u0103scut\u2026 iepura\u0219 de cas\u0103! Se spune c\u0103 \u00een acea zon\u0103 nici m\u0103car nu sunt cresc\u0103tori de iepuri. A\u0219a c\u0103 nu se \u0219tie de unde a luat c\u00e2inele puiul.<\/p>\n\n\n\n<p>Centrul \u201eInima P\u0103durii\u201d a explicat c\u0103 iepura\u0219ii s\u0103lbatici se nasc cu ochii deschi\u0219i \u0219i acoperi\u021bi cu blan\u0103.<\/p>\n\n\n\n<p>\u00cen schimb, iepura\u0219ii domestici se nasc orbi \u0219i f\u0103r\u0103 p\u0103r\u2026<\/p>\n\n\n\n<p>Pentru compara\u021bie, o imagine cu un iepura\u0219 s\u0103lbatic nou-n\u0103scut.<\/p>\n\n\n\n<figure class=\"wp-block-image\"><img decoding=\"async\" src=\"https:\/\/stiricalitative.ro\/wp-content\/uploads\/2025\/04\/103-1-1024x683-1.jpg\" alt=\"\" class=\"wp-image-33577\"\/><\/figure>\n\n\n\n<p><strong>Dac\u0103 \u021bi-a pl\u0103cut povestea, nu uita s\u0103 o distribui cu prietenii t\u0103i! \u00cempreun\u0103 putem duce mai departe emo\u021bia \u0219i inspira\u021bia.<\/strong><\/p>\n","protected":false},"excerpt":{"rendered":"<p>DISCLAIMER: Acest site este neutru din punct de vedere politic \u0219i nu sus\u021bine niciun partid sau ideologie politic\u0103. \u201eNu e \u0219oricel, nu e broscu\u021b\u0103, ci<\/p>\n","protected":false},"author":1,"featured_media":38649,"comment_status":"closed","ping_status":"closed","sticky":false,"template":"","format":"standard","meta":[],"categories":[1],"tags":[],"_links":{"self":[{"href":"http:\/\/calatorinromania.com\/index.php?rest_route=\/wp\/v2\/posts\/38695"}],"collection":[{"href":"http:\/\/calatorinromania.com\/index.php?rest_route=\/wp\/v2\/posts"}],"about":[{"href":"http:\/\/calatorinromania.com\/index.php?rest_route=\/wp\/v2\/types\/post"}],"author":[{"embeddable":true,"href":"http:\/\/calatorinromania.com\/index.php?rest_route=\/wp\/v2\/users\/1"}],"replies":[{"embeddable":true,"href":"http:\/\/calatorinromania.com\/index.php?rest_route=%2Fwp%2Fv2%2Fcomments&post=38695"}],"version-history":[{"count":1,"href":"http:\/\/calatorinromania.com\/index.php?rest_route=\/wp\/v2\/posts\/38695\/revisions"}],"predecessor-version":[{"id":38696,"href":"http:\/\/calatorinromania.com\/index.php?rest_route=\/wp\/v2\/posts\/38695\/revisions\/38696"}],"wp:featuredmedia":[{"embeddable":true,"href":"http:\/\/calatorinromania.com\/index.php?rest_route=\/wp\/v2\/media\/38649"}],"wp:attachment":[{"href":"http:\/\/calatorinromania.com\/index.php?rest_route=%2Fwp%2Fv2%2Fmedia&parent=38695"}],"wp:term":[{"taxonomy":"category","embeddable":true,"href":"http:\/\/calatorinromania.com\/index.php?rest_route=%2Fwp%2Fv2%2Fcategories&post=38695"},{"taxonomy":"post_tag","embeddable":true,"href":"http:\/\/calatorinromania.com\/index.php?rest_route=%2Fwp%2Fv2%2Ftags&post=38695"}],"curies":[{"name":"wp","href":"https:\/\/api.w.org\/{rel}","templated":true}]}}