{"id":38690,"date":"2025-04-24T08:28:18","date_gmt":"2025-04-24T08:28:18","guid":{"rendered":"https:\/\/calatorinromania.com\/?p=38690"},"modified":"2025-04-24T08:28:19","modified_gmt":"2025-04-24T08:28:19","slug":"chirurgul-concediat-cu-rusine-a-aruncat-o-bancnota-cersetoarei-de-pe-strada","status":"publish","type":"post","link":"http:\/\/calatorinromania.com\/?p=38690","title":{"rendered":"Chirurgul concediat cu ru\u0219ine a aruncat o bancnot\u0103 cer\u0219etoarei de pe strad\u0103"},"content":{"rendered":"\n<p>Ioan r\u0103mase \u00een loc, privind nedumerit \u00een urma b\u0103tr\u00e2nei care se \u00eendep\u0103rta \u0219chiop\u0103t\u00e2nd. Nu era sigur ce s\u0103 cread\u0103 despre sfatul ei ciudat. \u201ePune o camer\u0103 \u00een salonul paralizatei\u201d? La ce se referea?<\/p>\n\n\n\n<p><\/p>\n\n\n\n<p>\u201eParalizata\u201d era doamna Mariana Vasilescu, o femeie bogat\u0103 din capital\u0103, venit\u0103 special pentru opera\u021bia de hernie de disc. Opera\u021bia executat\u0103 perfect de Ioan dusese la o complica\u021bie nea\u0219teptat\u0103 \u2013 pacient\u0103 paralizat\u0103 de la br\u00e2u \u00een jos. Familia o mutase \u00eentr-un salon privat \u0219i intentase proces spitalului. \u00cen urma scandalului, directorul spitalului, Dr. Munteanu, \u00eel concediase pe Ioan \u00een fa\u021ba \u00eentregului personal, acuz\u00e2ndu-l de incompeten\u021b\u0103 \u0219i neglijen\u021b\u0103.<\/p>\n\n\n\n<p>Un fior \u00eei trecu prin corp. Cum \u0219tia b\u0103tr\u00e2na despre pacienta paralizat\u0103? \u0218i de ce i-ar sugera s\u0103 monteze o camer\u0103?<\/p>\n\n\n\n<p>\u00cen loc s\u0103 mearg\u0103 la sta\u021bia de autobuz, Ioan se \u00eentoarse \u0219i o urm\u0103 pe b\u0103tr\u00e2n\u0103. O g\u0103si a\u0219ezat\u0103 pe o banc\u0103 \u00een parcul din apropierea spitalului.<\/p>\n\n\n\n<p>\u201eBunico, despre ce vorbeai adineauri? De unde \u0219tii despre pacient\u0103?\u201d<\/p>\n\n\n\n<p>B\u0103tr\u00e2na \u00eel privi cu ochi p\u0103trunz\u0103tori, surprinz\u0103tor de limpezi pentru v\u00e2rsta ei.<\/p>\n\n\n\n<p>\u201eFiul meu lucreaz\u0103 la cur\u0103\u021benie \u00een spital. Aude \u0219i vede multe. Dar nu poate vorbi, pentru c\u0103 are nevoie de slujb\u0103. Eu nu am nimic de pierdut.\u201d<\/p>\n\n\n\n<p>\u201eCe anume a v\u0103zut fiul t\u0103u?\u201d<\/p>\n\n\n\n<p>B\u0103tr\u00e2na se aplec\u0103 spre el. \u201eDoctorul Munteanu intr\u0103 noaptea \u00een salonul pacientei. Singur. \u0218i st\u0103 c\u00e2te dou\u0103zeci de minute. De c\u00e2nd e paralizat\u0103.\u201d<\/p>\n\n\n\n<p>Ioan sim\u021bi un nod \u00een stomac. \u201eCe insinuezi?\u201d<\/p>\n\n\n\n<p>\u201eNu insinuez nimic. \u00ce\u021bi spun doar s\u0103 montezi o camer\u0103. Restul vei vedea singur.\u201d<\/p>\n\n\n\n<p>Dup\u0103 o noapte de fr\u0103m\u00e2nt\u0103ri, Ioan lu\u0103 o decizie. Nu avea nimic de pierdut \u2013 deja fusese concediat, iar reputa\u021bia sa profesional\u0103 era distrus\u0103. Contact\u0103 un prieten care lucra \u00een sisteme de securitate \u0219i ob\u021binu o mini-camer\u0103 ascuns\u0103, nu mai mare dec\u00e2t un nasture.<\/p>\n\n\n\n<p><a rel=\"noreferrer noopener\" href=\"https:\/\/usd24.ro\/esti-foarte-draguta-veronica-i-am-raspuns-esti-sigura-2\/\" target=\"_blank\"><\/a><\/p>\n\n\n\n<p>Intrarea \u00een spital fu mai u\u0219oar\u0103 dec\u00e2t se a\u0219teptase. \u00cenc\u0103 avea halatul \u0219i legitima\u021bia, iar portarul \u00eel \u0219tia. \u201eAm venit s\u0103-mi iau ni\u0219te lucruri din dulap,\u201d min\u021bi el.<\/p>\n\n\n\n<p>Cu ajutorul unui asistent medical care \u00eei era prieten \u0219i care nu credea \u00een vinov\u0103\u021bia lui, Ioan reu\u0219it s\u0103 intre \u00een salonul doamnei Vasilescu \u00een timpul vizitei medicale. Instalarea camerei \u00een vaza de flori de l\u00e2ng\u0103 pat fu o chestiune de secunde.<\/p>\n\n\n\n<p>Camera transmitea imaginile direct pe telefonul lui Ioan. Trei zile nu se \u00eent\u00e2mpl\u0103 nimic neobi\u0219nuit. \u00cen a patra noapte, la ora 23:30, u\u0219a salonului se deschise \u00eencet. Era Dr. Munteanu.<\/p>\n\n\n\n<p>Ioan, care urm\u0103rea transmisiunea din ma\u0219ina sa parcat\u0103 l\u00e2ng\u0103 spital, sim\u021bi cum i se accelereaz\u0103 pulsul. Directorul verific\u0103 holul, apoi \u00eenchise u\u0219a cu grij\u0103. Se apropie de patul pacientei \u0219i \u00eei vorbi \u00eencet. Doamna Vasilescu p\u0103rea speriat\u0103.<\/p>\n\n\n\n<p>Apoi Dr. Munteanu scoase o sering\u0103 din buzunar. Inima lui Ioan aproape se opri. Dar \u00een loc s\u0103-i administreze ceva pacientei, doctorul \u00eei spuse: \u201eHai, ridic\u0103-te!\u201d<\/p>\n\n\n\n<p>Spre uimirea lui Ioan, femeia \u201eparalizat\u0103\u201d se ridic\u0103 \u00een capul oaselor, apoi cobor\u00ee din pat, mi\u0219c\u00e2ndu-se perfect normal. Munteanu \u00eei administr\u0103 o injec\u021bie \u00een coaps\u0103.<\/p>\n\n\n\n<p>\u201eAsta te va men\u021bine \u00een continuare \u2018paralizat\u0103\u2019 pentru urm\u0103toarele 24 de ore,\u201d spuse el. \u201eAvocatul spune c\u0103 procesul merge bine. Spitalul va pl\u0103ti cel pu\u021bin dou\u0103 milioane. Iar eu voi primi partea mea pentru c\u0103 te-am ajutat.\u201d<\/p>\n\n\n\n<p><a rel=\"noreferrer noopener\" href=\"https:\/\/usd24.ro\/adevarul-despre-etnia-lui-stefan-banica-jr-artistul-nu-a-vorbit-niciodata-despre-asta\/\" target=\"_blank\"><\/a><\/p>\n\n\n\n<p>Ioan \u00ceNGHE\u021aASE, privind imaginile de pe telefon. Totul fusese o \u00eenscenare! Opera\u021bia lui fusese perfect\u0103, iar pacienta nu suferise nicio complica\u021bie. Ea \u0219i directorul spitalului puneau la cale o escrocherie de propor\u021bii pentru a ob\u021bine bani de la asigurare \u0219i de la spital.<\/p>\n\n\n\n<p>Cu m\u00e2ini tremur\u00e2nde, Ioan salv\u0103 \u00eenregistrarea \u0219i trimise imediat copii avocatului s\u0103u, consiliului medical \u0219i chiar poli\u021biei. Apoi intr\u0103 \u00een spital cu capul sus, \u00eendrept\u00e2ndu-se direct spre salonul doamnei Vasilescu.<\/p>\n\n\n\n<p>C\u00e2nd deschise u\u0219a, \u00eei g\u0103si pe am\u00e2ndoi acolo \u2013 directorul tocmai \u00eei administra o nou\u0103 injec\u021bie.<\/p>\n\n\n\n<p>\u201eBun\u0103 seara, doctore Munteanu. Doamn\u0103 Vasilescu. Sper c\u0103 picioarele v\u0103 servesc bine \u00een aceast\u0103 sear\u0103.\u201d<\/p>\n\n\n\n<p>Cei doi \u00eenlemnir\u0103. Fa\u021ba directorului se albise ca varul.<\/p>\n\n\n\n<p>\u201eCe\u2026 ce faci aici? E\u0219ti concediat!\u201d<\/p>\n\n\n\n<p>Ioan z\u00e2mbi, ridic\u00e2nd telefonul. \u201eAm venit s\u0103 v\u0103 anun\u021b c\u0103 tocmai a\u021bi fost live pe Internet \u0219i c\u0103 poli\u021bia e \u00een drum spre spital. Avocatul meu are deja o copie a \u00eenregistr\u0103rii, la fel \u0219i consiliul medical.\u201d<\/p>\n\n\n\n<p>Trei luni mai t\u00e2rziu, Ioan st\u0103tea \u00een biroul nou al directorului de spital \u2013 biroul s\u0103u. Dup\u0103 ce scandalul a explodat \u00een pres\u0103, iar Munteanu \u0219i doamna Vasilescu au fost aresta\u021bi pentru fraud\u0103, consiliul de administra\u021bie al spitalului i-a oferit lui Ioan nu doar reabilitarea complet\u0103, ci \u0219i postul de director.<\/p>\n\n\n\n<p>Prima sa decizie ca director a fost s\u0103 angajeze un nou portar \u2013 fiul b\u0103tr\u00e2nei care \u00eel ajutase, un b\u0103rbat \u00een v\u00e2rst\u0103 de 50 de ani cu dizabilit\u0103\u021bi de vorbire, dar cu o inim\u0103 mare \u0219i ochi la fel de p\u0103trunz\u0103tori ca ai mamei sale.<\/p>\n\n\n\n<p><a rel=\"noreferrer noopener\" href=\"https:\/\/usd24.ro\/vestea-soc-a-momentului-in-romania-din-pacate-e-vorba-despre-firicel-din-las-fierbinti\/\" target=\"_blank\"><\/a><\/p>\n\n\n\n<p>A doua sa decizie a fost s\u0103 creeze un fond special pentru pacien\u021bii nevoia\u0219i, pe care l-a numit \u201eFondul Bunica\u201d, \u00een onoarea b\u0103tr\u00e2nei care-i salvase cariera \u0219i demnitatea.<\/p>\n\n\n\n<p>\u00centr-o dup\u0103-amiaz\u0103, c\u00e2nd ie\u0219ea din spital, o v\u0103zu pe b\u0103tr\u00e2n\u0103 pe aceea\u0219i banc\u0103 din parc. Se a\u0219ez\u0103 l\u00e2ng\u0103 ea \u0219i-i \u00eentinse un plic.<\/p>\n\n\n\n<p>\u201eNu e nevoie, tinere,\u201d z\u00e2mbi ea. \u201eFiul meu lucreaz\u0103 acum, iar eu am tot ce-mi trebuie.\u201d<\/p>\n\n\n\n<p>\u201eNu e pentru tine,\u201d r\u0103spunse Ioan. \u201eE pentru al\u021bii ca tine. A\u0219 dori s\u0103 m\u0103 aju\u021bi s\u0103-i g\u0103sesc pe cei care au cu adev\u0103rat nevoie.\u201d<\/p>\n\n\n\n<p>B\u0103tr\u00e2na \u00eel privi lung, apoi deschise plicul. \u00cen el era o legitima\u021bie de voluntar al spitalului \u0219i o not\u0103 pe care scria: \u201eConsilier pentru Fondul Bunica\u201d.<\/p>\n\n\n\n<p>\u201eC\u00e2nd m-ai ajutat,\u201d spuse Ioan, \u201em-ai \u00eenv\u0103\u021bat c\u0103 uneori trebuie s\u0103 prive\u0219ti dincolo de aparen\u021be pentru a g\u0103si adev\u0103rul. E o lec\u021bie pe care vreau s-o aplic \u00een tot ce fac de acum \u00eenainte.\u201d<\/p>\n\n\n\n<p>B\u0103tr\u00e2na z\u00e2mbi, iar ochii ei p\u0103trunz\u0103tori str\u0103lucir\u0103 \u00een lumina apusului. \u201eFiecare dintre noi are un dar, tinere doctor. Al meu e s\u0103 v\u0103d adev\u0103rul. Al t\u0103u e s\u0103 vindeci. \u00cempreun\u0103, poate vom face aceast\u0103 lume pu\u021bin mai bun\u0103.\u201d<\/p>\n\n\n\n<p>\u00cen acea sear\u0103, c\u00e2nd Ioan se \u00eentoarse acas\u0103, pentru prima dat\u0103 \u00een multe luni sim\u021bi un sentiment de pace. \u00ce\u0219i rec\u00e2\u0219tigase nu doar cariera, ci descoperise \u0219i un nou scop \u2013 s\u0103 vad\u0103 dincolo de suprafa\u021b\u0103, s\u0103 caute adev\u0103rul \u0219i s\u0103 aduc\u0103 vindecare acolo unde era cu adev\u0103rat nevoie.<\/p>\n\n\n\n<p>Dac\u0103 \u021bi-a pl\u0103cut povestea, nu uita s\u0103 o distribui cu prietenii t\u0103i! \u00cempreun\u0103 putem duce mai departe emo\u021bia \u0219i inspira\u021bia.<\/p>\n","protected":false},"excerpt":{"rendered":"<p>Ioan r\u0103mase \u00een loc, privind nedumerit \u00een urma b\u0103tr\u00e2nei care se \u00eendep\u0103rta \u0219chiop\u0103t\u00e2nd. Nu era sigur ce s\u0103 cread\u0103 despre sfatul ei ciudat. \u201ePune o<\/p>\n","protected":false},"author":1,"featured_media":38656,"comment_status":"closed","ping_status":"closed","sticky":false,"template":"","format":"standard","meta":[],"categories":[1],"tags":[],"_links":{"self":[{"href":"http:\/\/calatorinromania.com\/index.php?rest_route=\/wp\/v2\/posts\/38690"}],"collection":[{"href":"http:\/\/calatorinromania.com\/index.php?rest_route=\/wp\/v2\/posts"}],"about":[{"href":"http:\/\/calatorinromania.com\/index.php?rest_route=\/wp\/v2\/types\/post"}],"author":[{"embeddable":true,"href":"http:\/\/calatorinromania.com\/index.php?rest_route=\/wp\/v2\/users\/1"}],"replies":[{"embeddable":true,"href":"http:\/\/calatorinromania.com\/index.php?rest_route=%2Fwp%2Fv2%2Fcomments&post=38690"}],"version-history":[{"count":1,"href":"http:\/\/calatorinromania.com\/index.php?rest_route=\/wp\/v2\/posts\/38690\/revisions"}],"predecessor-version":[{"id":38691,"href":"http:\/\/calatorinromania.com\/index.php?rest_route=\/wp\/v2\/posts\/38690\/revisions\/38691"}],"wp:featuredmedia":[{"embeddable":true,"href":"http:\/\/calatorinromania.com\/index.php?rest_route=\/wp\/v2\/media\/38656"}],"wp:attachment":[{"href":"http:\/\/calatorinromania.com\/index.php?rest_route=%2Fwp%2Fv2%2Fmedia&parent=38690"}],"wp:term":[{"taxonomy":"category","embeddable":true,"href":"http:\/\/calatorinromania.com\/index.php?rest_route=%2Fwp%2Fv2%2Fcategories&post=38690"},{"taxonomy":"post_tag","embeddable":true,"href":"http:\/\/calatorinromania.com\/index.php?rest_route=%2Fwp%2Fv2%2Ftags&post=38690"}],"curies":[{"name":"wp","href":"https:\/\/api.w.org\/{rel}","templated":true}]}}