{"id":38688,"date":"2025-04-24T08:23:07","date_gmt":"2025-04-24T08:23:07","guid":{"rendered":"https:\/\/calatorinromania.com\/?p=38688"},"modified":"2025-04-24T08:23:07","modified_gmt":"2025-04-24T08:23:07","slug":"abandonat-la-nastere-povestea-nevazuta-a-lui-vlad","status":"publish","type":"post","link":"http:\/\/calatorinromania.com\/?p=38688","title":{"rendered":"Abandonat la na\u0219tere: Povestea nev\u0103zut\u0103 a lui Vlad"},"content":{"rendered":"\n<p>\u2014 Nu-l atinge, Irina! Nu vezi ce scrie pe fi\u0219a lui? murmura asistenta, \u00een timp ce m\u0103 privea ca pe un obiect stricat. Aveam doar c\u00e2teva ore de via\u021b\u0103 \u0219i deja eram o povar\u0103. Mama nu a vrut s\u0103 m\u0103 \u021bin\u0103 \u00een bra\u021be. Tata nici nu a venit la spital. Am aflat toate astea mult mai t\u00e2rziu, dintr-un dosar pr\u0103fuit pe care l-am descoperit la 16 ani, c\u00e2nd am \u00eenceput s\u0103-mi caut r\u0103d\u0103cinile.<\/p>\n\n\n\n<p>Am crescut \u00eentr-un centru de plasament dintr-un sat uitat de lume, l\u00e2ng\u0103 Pa\u0219cani. Acolo, fiecare copil avea povestea lui trist\u0103, dar parc\u0103 niciuna nu era ca a mea. Eu eram \u201eb\u0103iatul bolnav\u201d, cel pe care nimeni nu-l voia cu adev\u0103rat. Aveam sindromul Marfan, o boal\u0103 care \u00eemi f\u0103cea oasele fragile \u0219i inima slab\u0103. Educatoarele m\u0103 priveau cu mil\u0103, iar ceilal\u021bi copii m\u0103 evitau, de parc\u0103 boala mea era contagioas\u0103.<\/p>\n\n\n\n<p>\u2014 Vlad, nu te mai juca cu mingea! Dac\u0103 p\u0103\u021be\u0219ti ceva, cine r\u0103spunde? \u021bipa doamna Mariana, mereu nervoas\u0103.<\/p>\n\n\n\n<p>A\u0219a am \u00eenv\u0103\u021bat s\u0103 stau deoparte. S\u0103 privesc via\u021ba de pe margine. S\u0103-mi ascund lacrimile sub pern\u0103 noaptea \u0219i s\u0103-mi imaginez c\u0103 \u00eentr-o zi, cineva va veni s\u0103 m\u0103 ia acas\u0103. Dar anii treceau \u0219i nimeni nu venea. La fiecare Cr\u0103ciun, c\u00e2nd al\u021bi copii primeau vizite sau erau lua\u021bi \u00een plasament familial, eu r\u0103m\u00e2neam singur cu bradul din hol \u0219i cu mirosul de portocale ieftine.<\/p>\n\n\n\n<p>La \u0219coal\u0103, colegii r\u00e2deau de mine.<\/p>\n\n\n\n<p>\u2014 Uite-l pe Vlad! Are m\u00e2inile ca ni\u0219te be\u021be! striga Radu, b\u0103iatul cel mai popular din clas\u0103.<\/p>\n\n\n\n<p>\u00cencercam s\u0103 nu-i bag \u00een seam\u0103, dar fiecare cuv\u00e2nt era ca o lovitur\u0103 \u00een pieptul meu deja bolnav. Doar profesoara de rom\u00e2n\u0103, doamna Dobre, p\u0103rea s\u0103 m\u0103 vad\u0103 altfel.<\/p>\n\n\n\n<p>\u2014 Vlad, ai un talent rar la scris. De ce nu participi la concursul jude\u021bean? m-a \u00eentrebat \u00eentr-o zi.<\/p>\n\n\n\n<p>Am z\u00e2mbit timid. Era prima dat\u0103 c\u00e2nd cineva \u00eemi spunea c\u0103 sunt bun la ceva. Am \u00eenceput s\u0103 scriu poezii despre dor, despre lipsa unei mame care s\u0103 m\u0103 str\u00e2ng\u0103 \u00een bra\u021be c\u00e2nd mi-e fric\u0103. Scrisul a devenit refugiul meu.<\/p>\n\n\n\n<p>La 14 ani, am fost mutat \u00eentr-o familie de plasament din Boto\u0219ani. O familie simpl\u0103: domnul Ilie \u0219i so\u021bia lui, Viorica. Aveau deja doi copii mari pleca\u021bi la munc\u0103 \u00een Italia \u0219i au acceptat s\u0103 m\u0103 ia doar pentru c\u0103 primeau o indemniza\u021bie lunar\u0103.<\/p>\n\n\n\n<p>\u2014 S\u0103 nu faci prostii prin cas\u0103! \u0218i ai grij\u0103 s\u0103 nu spargi nimic! \u00eemi spunea Viorica aproape zilnic.<\/p>\n\n\n\n<p>Nu era iubire acolo, doar toleran\u021b\u0103 \u0219i reguli stricte. M\u00e2ncam separat, dormeam \u00eentr-o camer\u0103 mic\u0103 \u0219i rece, iar serile le petreceam singur cu c\u0103r\u021bile mele. \u00centr-o noapte, am auzit-o pe Viorica vorbind la telefon:<\/p>\n\n\n\n<p>\u2014 Nu \u0219tiu c\u00e2t mai rezist cu b\u0103iatul \u0103sta bolnav\u2026 Dac\u0103 ar fi dup\u0103 mine, l-a\u0219 da \u00eenapoi!<\/p>\n\n\n\n<p>Atunci am sim\u021bit c\u0103 nu mai pot. Am fugit din cas\u0103 \u0219i m-am ascuns \u00een parcul ora\u0219ului. Era frig \u0219i ploua m\u0103runt. M-am ghemuit sub o banc\u0103 \u0219i am pl\u00e2ns p\u00e2n\u0103 diminea\u021ba. A doua zi m-au g\u0103sit poli\u021bi\u0219tii \u0219i m-au dus \u00eenapoi la centru.<\/p>\n\n\n\n<p>Anii au trecut greu. La 18 ani am fost nevoit s\u0103 plec din sistem. Nu aveam pe nimeni, niciun sprijin. Am g\u0103sit o camer\u0103 \u00eentr-un c\u0103min social din Ia\u0219i \u0219i un job part-time la o libr\u0103rie. \u00cencercam s\u0103-mi fac un rost, dar boala \u00eemi punea mereu piedici. Uneori nu puteam merge la munc\u0103 din cauza durerilor de spate sau a oboselii cronice.<\/p>\n\n\n\n<p>\u00centr-o zi, am primit un mesaj pe Facebook de la o fat\u0103 pe nume Ana. Era voluntar\u0103 la un ONG care ajuta tinerii ie\u0219i\u021bi din sistemul de protec\u021bie.<\/p>\n\n\n\n<p>\u2014 Vlad, vrei s\u0103 ne \u00eent\u00e2lnim? Poate g\u0103sim \u00eempreun\u0103 solu\u021bii pentru problemele tale medicale \u0219i sociale.<\/p>\n\n\n\n<p>Am acceptat cu inima str\u00e2ns\u0103. Ana era prima persoan\u0103 care m\u0103 asculta cu adev\u0103rat. M-a ajutat s\u0103 ob\u021bin consulta\u021bii gratuite la spital \u0219i s\u0103 aplic pentru o burs\u0103 social\u0103 la facultate.<\/p>\n\n\n\n<p>Dar chiar \u0219i a\u0219a, stigmatul abandonului nu disp\u0103ruse. La fiecare interviu de angajare sim\u021beam privirile curioase ale angajatorilor c\u00e2nd le spuneam c\u0103 nu am familie.<\/p>\n\n\n\n<p>\u2014 \u0218i p\u0103rin\u021bii t\u0103i? Unde sunt? m\u0103 \u00eentreba mereu cineva.<\/p>\n\n\n\n<p>Nu \u0219tiam ce s\u0103 r\u0103spund. De multe ori min\u021beam c\u0103 sunt pleca\u021bi \u00een str\u0103in\u0103tate sau c\u0103 au murit \u00eentr-un accident. Adev\u0103rul era prea greu de spus.<\/p>\n\n\n\n<p>\u00centr-o sear\u0103, dup\u0103 o zi lung\u0103 la munc\u0103, am g\u0103sit curajul s\u0103-mi caut mama biologic\u0103 pe internet. Am g\u0103sit un profil cu numele ei \u2013 Elena Popescu \u2013 \u0219i i-am scris un mesaj scurt: \u201eSunt Vlad\u2026 b\u0103iatul pe care l-ai n\u0103scut acum 22 de ani.\u201d<\/p>\n\n\n\n<p>A trecut o lun\u0103 p\u00e2n\u0103 mi-a r\u0103spuns:<\/p>\n\n\n\n<p>\u2014 \u00cemi pare r\u0103u\u2026 Nu pot da timpul \u00eenapoi. Am f\u0103cut ce am crezut c\u0103 e mai bine pentru tine.<\/p>\n\n\n\n<p>At\u00e2t. F\u0103r\u0103 explica\u021bii, f\u0103r\u0103 regrete adev\u0103rate. Am sim\u021bit cum tot universul meu se pr\u0103bu\u0219e\u0219te din nou.<\/p>\n\n\n\n<p>Ast\u0103zi am 25 de ani \u0219i \u00eenc\u0103 lupt cu demonii abandonului \u0219i ai bolii mele rare. Dar am \u00eenv\u0103\u021bat c\u0103 nu trebuie s\u0103 fii definit de trecutul t\u0103u sau de gre\u0219elile altora. Scriu pove\u0219ti pentru al\u021bi copii ca mine \u0219i \u00eencerc s\u0103 le spun c\u0103 exist\u0103 speran\u021b\u0103 chiar \u0219i atunci c\u00e2nd lumea te respinge.<\/p>\n\n\n\n<p>M\u0103 \u00eentreb adesea: Ce-ar fi fost dac\u0103 mama m-ar fi \u021binut \u00een bra\u021be m\u0103car o dat\u0103? Oare c\u00e2t valoreaz\u0103 o \u00eembr\u0103\u021bi\u0219are atunci c\u00e2nd tot ce ai cunoscut e respingerea? Voi ce crede\u021bi \u2013 putem ierta vreodat\u0103 cu adev\u0103rat abandonul?<\/p>\n","protected":false},"excerpt":{"rendered":"<p>\u2014 Nu-l atinge, Irina! Nu vezi ce scrie pe fi\u0219a lui? murmura asistenta, \u00een timp ce m\u0103 privea ca pe un obiect stricat. Aveam doar<\/p>\n","protected":false},"author":1,"featured_media":38656,"comment_status":"closed","ping_status":"closed","sticky":false,"template":"","format":"standard","meta":[],"categories":[1],"tags":[],"_links":{"self":[{"href":"http:\/\/calatorinromania.com\/index.php?rest_route=\/wp\/v2\/posts\/38688"}],"collection":[{"href":"http:\/\/calatorinromania.com\/index.php?rest_route=\/wp\/v2\/posts"}],"about":[{"href":"http:\/\/calatorinromania.com\/index.php?rest_route=\/wp\/v2\/types\/post"}],"author":[{"embeddable":true,"href":"http:\/\/calatorinromania.com\/index.php?rest_route=\/wp\/v2\/users\/1"}],"replies":[{"embeddable":true,"href":"http:\/\/calatorinromania.com\/index.php?rest_route=%2Fwp%2Fv2%2Fcomments&post=38688"}],"version-history":[{"count":1,"href":"http:\/\/calatorinromania.com\/index.php?rest_route=\/wp\/v2\/posts\/38688\/revisions"}],"predecessor-version":[{"id":38689,"href":"http:\/\/calatorinromania.com\/index.php?rest_route=\/wp\/v2\/posts\/38688\/revisions\/38689"}],"wp:featuredmedia":[{"embeddable":true,"href":"http:\/\/calatorinromania.com\/index.php?rest_route=\/wp\/v2\/media\/38656"}],"wp:attachment":[{"href":"http:\/\/calatorinromania.com\/index.php?rest_route=%2Fwp%2Fv2%2Fmedia&parent=38688"}],"wp:term":[{"taxonomy":"category","embeddable":true,"href":"http:\/\/calatorinromania.com\/index.php?rest_route=%2Fwp%2Fv2%2Fcategories&post=38688"},{"taxonomy":"post_tag","embeddable":true,"href":"http:\/\/calatorinromania.com\/index.php?rest_route=%2Fwp%2Fv2%2Ftags&post=38688"}],"curies":[{"name":"wp","href":"https:\/\/api.w.org\/{rel}","templated":true}]}}