{"id":38686,"date":"2025-04-24T08:20:30","date_gmt":"2025-04-24T08:20:30","guid":{"rendered":"https:\/\/calatorinromania.com\/?p=38686"},"modified":"2025-04-24T08:20:31","modified_gmt":"2025-04-24T08:20:31","slug":"barbatul-si-a-alungat-sotia-sase-ani-mai-tarziu-s-a-intors-cu-gemenii","status":"publish","type":"post","link":"http:\/\/calatorinromania.com\/?p=38686","title":{"rendered":"B\u0103rbatul \u0219i-a alungat so\u021bia \u2013 \u0219ase ani mai t\u00e2rziu s-a \u00eentors\u2026 cu gemenii"},"content":{"rendered":"\n<ul>\n<li>Pot s\u0103 intr\u0103m? a \u00eentrebat Elena, ochii ei \u00eenc\u0103 fixa\u021bi pe chipul lui. Gabriel a privit cei doi copii \u2013 un b\u0103iat cu p\u0103rul s\u0103u negru rebel \u0219i o fat\u0103 cu ochii ad\u00e2nci \u0219i vis\u0103tori ai Elenei. O asem\u0103nare care str\u0103pungea inima.<\/li>\n<\/ul>\n\n\n\n<p>F\u0103r\u0103 un cuv\u00e2nt, le-a f\u0103cut loc s\u0103 treac\u0103. Casa era exact cum \u0219i-o amintea Elena \u2013 elegant\u0103, ordonat\u0103 \u0219i rece. Ca \u0219i Gabriel \u00eensu\u0219i. Prea perfect pentru a fi confortabil\u0103.<\/p>\n\n\n\n<ul>\n<li>Copii, a spus ea, \u00eenclin\u00e2ndu-se spre gemeni. Este timpul s\u0103 v\u0103 odihni\u021bi pu\u021bin. Mama trebuie s\u0103 vorbeasc\u0103 cu domnul acesta.<\/li>\n<\/ul>\n\n\n\n<p>B\u0103iatul \u0219i-a ridicat b\u0103rbia \u00eentr-un gest provocator at\u00e2t de familiar lui Gabriel.<\/p>\n\n\n\n<ul>\n<li>Este el? a \u00eentrebat direct, ignor\u00e2nd instruc\u021biunile mamei sale. Este el tat\u0103l nostru?<\/li>\n\n\n\n<li>Mihai! l-a mustrat Elena, dar f\u0103r\u0103 asprime real\u0103 \u00een voce.<\/li>\n<\/ul>\n\n\n\n<p>Feti\u021ba, mai rezervat\u0103, doar l-a studiat pe Gabriel din spatele mamei sale. Avea o intensitate \u00een privire care \u00eel f\u0103cea s\u0103 se simt\u0103 ciudat de expus.<\/p>\n\n\n\n<ul>\n<li>Da, a r\u0103spuns Gabriel, sim\u021bind nevoia s\u0103 r\u0103spund\u0103 sincerit\u0103\u021bii b\u0103iatului cu acela\u0219i tratament. Cred c\u0103 sunt tat\u0103l vostru.<\/li>\n<\/ul>\n\n\n\n<p>Mihai a dat din cap, ca \u0219i cum ar fi confirmat o teorie proprie. Feti\u021ba, \u00eens\u0103, s-a ascuns \u0219i mai mult \u00een spatele Elenei.<\/p>\n\n\n\n<ul>\n<li>Maria este mai timid\u0103, a explicat Elena. Dar odat\u0103 ce te cunoa\u0219te, nu o mai po\u021bi opri din vorbit.<\/li>\n<\/ul>\n\n\n\n<p>Gabriel a condus copiii \u00een camera de oaspe\u021bi, o \u00eenc\u0103pere care fusese \u00eentotdeauna goal\u0103, a\u0219tept\u00e2nd vizitatori care nu veneau niciodat\u0103. Le-a oferit ceva de m\u00e2ncare \u0219i le-a deschis televizorul, \u00eencerc\u00e2nd s\u0103 g\u0103seasc\u0103 un canal pentru copii. Se sim\u021bea st\u00e2ngaci, str\u0103in \u00een rolul de gazd\u0103 pentru propriii copii.<\/p>\n\n\n\n<p>C\u00e2nd s-a \u00eentors \u00een sufragerie, Elena st\u0103tea l\u00e2ng\u0103 \u0219emineul rece, examin\u00e2nd fotografiile \u00eenr\u0103mate. O singur\u0103 fotografie de la nunta lor mai r\u0103m\u0103sese, ascuns\u0103 aproape \u00een umbra unei plante.<\/p>\n\n\n\n<ul>\n<li>Nu te g\u00e2ndeai c\u0103 voi mai reveni vreodat\u0103, nu-i a\u0219a? a \u00eentrebat ea, f\u0103r\u0103 s\u0103-l priveasc\u0103.<\/li>\n\n\n\n<li>De ce ai f\u0103cut-o? a replicat el, sim\u021bind cum furia veche \u00eencepe s\u0103 fiarb\u0103. \u0218ase ani, Elena. \u0218ase ani \u00een care nu am \u0219tiut dac\u0103 e\u0219ti vie sau moart\u0103. \u0218i acum apari cu doi copii?<\/li>\n<\/ul>\n\n\n\n<p>Elena s-a \u00eentors spre el, obrazul palid \u00een lumina slab\u0103.<\/p>\n\n\n\n<ul>\n<li>Am \u00eencercat s\u0103 te contactez, Gabriel. \u00cen primele luni \u021bi-am trimis scrisori. Le-ai primit?<\/li>\n<\/ul>\n\n\n\n<p>Gabriel a cl\u0103tinat din cap, confuz.<\/p>\n\n\n\n<ul>\n<li>Nu am primit nimic. Niciodat\u0103.<\/li>\n<\/ul>\n\n\n\n<p>O umbr\u0103 de \u00een\u021belegere a traversat fa\u021ba Elenei.<\/p>\n\n\n\n<ul>\n<li>Mama ta, a \u0219optit ea. \u00centotdeauna a crezut c\u0103 nu sunt suficient de bun\u0103 pentru tine.<\/li>\n<\/ul>\n\n\n\n<p>Gabriel s-a a\u0219ezat, sim\u021bindu-se subit epuizat. Mama lui murise cu trei ani \u00een urm\u0103, lu\u00e2nd aparent \u0219i secretele ei \u00een morm\u00e2nt.<\/p>\n\n\n\n<ul>\n<li>De ce ai plecat? a \u00eentrebat el, revenind la \u00eentrebarea care \u00eel chinuise \u0219ase ani. Te-am v\u0103zut cu el, Elena. Cu \u0219eful t\u0103u. Eram preg\u0103tit s\u0103 te iert, dar tu ai disp\u0103rut.<\/li>\n<\/ul>\n\n\n\n<p>Elena a oftat profund, ca \u0219i cum s-ar fi preg\u0103tit pentru o b\u0103t\u0103lie pe care o am\u00e2nase prea mult timp.<\/p>\n\n\n\n<ul>\n<li>Nu te-am \u00een\u0219elat niciodat\u0103, Gabriel. Niciodat\u0103. \u00cen ziua aceea eram la spital. Aflasem c\u0103 sunt \u00eens\u0103rcinat\u0103 \u0219i eram speriat\u0103. Robert, da, \u0219eful meu, m-a condus acolo pentru c\u0103 eu tremuram prea tare pentru a conduce.<\/li>\n\n\n\n<li>Dar v-am v\u0103zut \u00eembr\u0103\u021bi\u0219\u00e2ndu-v\u0103! a protestat Gabriel.<\/li>\n\n\n\n<li>M-a \u00eembr\u0103\u021bi\u0219at pentru c\u0103 pl\u00e2ngeam, Gabriel. Pentru c\u0103 eram \u00eens\u0103rcinat\u0103 \u0219i speriat\u0103 \u0219i pentru c\u0103 \u0219tiam c\u0103 nu \u00ee\u021bi doreai copii. Pentru c\u0103 \u00eemi spusese\u0219i de nenum\u0103rate ori c\u0103 cariera ta este tot ce conteaz\u0103.<\/li>\n<\/ul>\n\n\n\n<p>Gabriel a sim\u021bit cum p\u0103m\u00e2ntul se clatin\u0103 sub el. Era adev\u0103rat \u2013 fusese obsedat de munca sa, de ascensiunea \u00een corpora\u021bie. Copiii nu f\u0103cuser\u0103 niciodat\u0103 parte din planul s\u0103u.<\/p>\n\n\n\n<ul>\n<li>C\u00e2nd am ajuns acas\u0103 \u00een ziua aceea \u0219i ai \u00eenceput s\u0103 \u021bipi, s\u0103 m\u0103 acuzi\u2026 a continuat Elena, cu vocea sc\u0103zut\u0103 pentru a nu fi auzit\u0103 de copii. Ceva s-a rupt \u00een mine. Mi-am dat seama c\u0103 nu puteam aduce un copil \u00eentr-o c\u0103snicie bazat\u0103 pe at\u00e2t de pu\u021bin\u0103 \u00eencredere.<\/li>\n<\/ul>\n\n\n\n<p>A f\u0103cut o pauz\u0103, respir\u00e2nd ad\u00e2nc.<\/p>\n\n\n\n<ul>\n<li>Dar nu acesta este adev\u0103rul complet, Gabriel. Nu de asta am venit.<\/li>\n<\/ul>\n\n\n\n<p>S-a \u00eendreptat spre geanta ei \u0219i a scos un dosar medical. L-a a\u0219ezat pe masa din fa\u021ba lui.<\/p>\n\n\n\n<ul>\n<li>Maria este bolnav\u0103. Are nevoie de un transplant de m\u0103duv\u0103. Nici eu, nici Mihai nu suntem compatibili. Tu e\u0219ti ultima ei speran\u021b\u0103.<\/li>\n<\/ul>\n\n\n\n<p>Gabriel a privit dosarul, cuvintele medicale complexe plutind \u00een fa\u021ba ochilor s\u0103i. Un diagnostic sever, op\u021biuni limitate, timp limitat.<\/p>\n\n\n\n<ul>\n<li>De c\u00e2t timp \u0219tii? a \u00eentrebat el, vocea tremur\u00e2ndu-i.<\/li>\n\n\n\n<li>De \u0219ase luni. Am \u00eencercat totul, Gabriel. Tratamente experimentale, donatori anonimi. Nimic nu a func\u021bionat. Doctorii spun c\u0103 un p\u0103rinte biologic este cea mai bun\u0103 \u0219ans\u0103.<\/li>\n<\/ul>\n\n\n\n<p>Gabriel a \u00eenchis dosarul, cople\u0219it. \u00cen doar c\u00e2teva ore, via\u021ba lui se transformase complet. Nu era doar tat\u0103l unor copii pe care nu \u00eei cunoscuse \u2013 era poten\u021bial salvatorul unuia dintre ei.<\/p>\n\n\n\n<ul>\n<li>Voi face testele, a spus el, f\u0103r\u0103 ezitare. Orice este nevoie.<\/li>\n<\/ul>\n\n\n\n<p>Elena l-a privit pentru prima dat\u0103 cu recuno\u0219tin\u021b\u0103 autentic\u0103.<\/p>\n\n\n\n<ul>\n<li>Mul\u021bumesc. \u00ce\u021bi cer scuze c\u0103 te-am pus \u00een aceast\u0103 situa\u021bie, dar nu aveam de ales.<\/li>\n\n\n\n<li>Eu sunt cel care ar trebui s\u0103-\u0219i cear\u0103 scuze, a r\u0103spuns Gabriel. Pentru tot.<\/li>\n<\/ul>\n\n\n\n<p>\u00cen u\u0219a sufrageriei a ap\u0103rut Maria, cu ochii ei mari \u0219i serio\u0219i.<\/p>\n\n\n\n<ul>\n<li>E\u0219ti sup\u0103rat pe mama? a \u00eentrebat ea direct, surprinz\u00e2ndu-i pe am\u00e2ndoi.<\/li>\n<\/ul>\n\n\n\n<p>Gabriel s-a ridicat \u0219i s-a apropiat de ea, \u00eengenunchind pentru a fi la nivelul ochilor ei.<\/p>\n\n\n\n<ul>\n<li>Nu, Maria. Nu sunt sup\u0103rat pe mama ta. Sunt sup\u0103rat pe mine pentru c\u0103 am ratat at\u00e2t de mult din via\u021ba voastr\u0103.<\/li>\n<\/ul>\n\n\n\n<p>Maria l-a studiat un moment, apoi a \u00eentins m\u00e2na \u0219i a atins u\u0219or obrazul lui.<\/p>\n\n\n\n<ul>\n<li>E\u0219ti exact cum te-a descris mama. Ai riduri aici c\u00e2nd e\u0219ti \u00eengrijorat, a spus ea, ating\u00e2ndu-i fruntea.<\/li>\n<\/ul>\n\n\n\n<p>Gabriel a sim\u021bit un nod \u00een g\u00e2t.<\/p>\n\n\n\n<ul>\n<li>Mama v-a vorbit despre mine?<\/li>\n\n\n\n<li>\u00cen fiecare sear\u0103, a r\u0103spuns Maria. Ne spune pove\u0219ti despre tine. Despre cum v-a\u021bi \u00eent\u00e2lnit, despre casa voastr\u0103, despre c\u00e2inele vostru Max.<\/li>\n<\/ul>\n\n\n\n<p>Gabriel a privit-o pe Elena, surprins.<\/p>\n\n\n\n<ul>\n<li>Nu am vrut s\u0103 creasc\u0103 ur\u00e2ndu-te, a explicat ea simplu. Nu ai fost niciodat\u0103 un monstru \u00een pove\u0219tile noastre, Gabriel. Doar un om care a f\u0103cut o gre\u0219eal\u0103. La fel ca mine.<\/li>\n<\/ul>\n\n\n\n<p>Mihai a ap\u0103rut \u0219i el, st\u00e2nd al\u0103turi de sora sa.<\/p>\n\n\n\n<ul>\n<li>O s\u0103 tr\u0103iasc\u0103 Maria? l-a \u00eentrebat direct pe Gabriel, cu o maturitate sf\u00e2\u0219ietoare pentru un copil de \u0219ase ani.<\/li>\n<\/ul>\n\n\n\n<p>Gabriel a \u00eentins o m\u00e2n\u0103 spre fiecare dintre ei, sim\u021bind pentru prima dat\u0103 c\u0103ldura m\u00e2inilor lor mici \u00een ale sale.<\/p>\n\n\n\n<ul>\n<li>Voi face tot ce \u00eemi st\u0103 \u00een putin\u021b\u0103, a promis el. Absolut tot.<\/li>\n<\/ul>\n\n\n\n<p>\u00cen acea noapte, \u00een timp ce copiii dormeau \u00een camera de oaspe\u021bi \u0219i Elena pe canapea, Gabriel a stat treaz, privind fotografii vechi \u0219i recitind scrisorile pe care le g\u0103sise \u00een dulapul mamei sale, ascunse \u00eentr-o cutie de pantofi \u2013 scrisori netrimise, nedeschise, care ar fi putut schimba totul.<\/p>\n\n\n\n<p>\u0218i-a dat seama c\u0103 via\u021ba \u00eei oferea un dar rar \u2013 \u0219ansa de a repara ceea ce fusese distrus, de a c\u00e2\u0219tiga ceea ce crezuse pierdut pentru totdeauna. O a doua \u0219ans\u0103 care venea cu o responsabilitate cov\u00e2r\u0219itoare.<\/p>\n\n\n\n<p>\u00cen diminea\u021ba urm\u0103toare, c\u00e2nd primele raze ale soarelui au p\u0103truns prin ferestre, Gabriel a f\u0103cut primul apel \u2013 la spital, pentru a programa testele de compatibilitate. Apoi al doilea \u2013 la birou, anun\u021b\u00e2nd c\u0103 va lua un concediu prelungit. Pentru prima dat\u0103 \u00een via\u021ba lui, cariera nu mai era prioritatea.<\/p>\n\n\n\n<p>C\u00e2nd Elena s-a trezit, l-a g\u0103sit \u00een buc\u0103t\u0103rie, preg\u0103tind micul dejun st\u00e2ngaci pentru copii.<\/p>\n\n\n\n<ul>\n<li>E\u0219ti sigur c\u0103 e\u0219ti preg\u0103tit pentru asta? l-a \u00eentrebat ea, observ\u00e2nd cearc\u0103nele din jurul ochilor lui.<\/li>\n<\/ul>\n\n\n\n<p>Gabriel a z\u00e2mbit, un z\u00e2mbet adev\u0103rat, mai real dec\u00e2t orice expresie pe care o avusese \u00een ultimii \u0219ase ani.<\/p>\n\n\n\n<p>Nu, a r\u0103spuns el sincer. Nu sunt preg\u0103tit deloc. Dar sunt aici. \u0218i de data asta, nu plec nic\u0103ieri.<\/p>\n\n\n\n<p><strong>Dac\u0103 \u021bi-a pl\u0103cut povestea, nu uita s\u0103 o distribui cu prietenii t\u0103i! \u00cempreun\u0103 putem duce mai departe emo\u021bia \u0219i inspira\u021bia.<\/strong><\/p>\n","protected":false},"excerpt":{"rendered":"<p>F\u0103r\u0103 un cuv\u00e2nt, le-a f\u0103cut loc s\u0103 treac\u0103. Casa era exact cum \u0219i-o amintea Elena \u2013 elegant\u0103, ordonat\u0103 \u0219i rece. Ca \u0219i Gabriel \u00eensu\u0219i. Prea<\/p>\n","protected":false},"author":1,"featured_media":38649,"comment_status":"closed","ping_status":"closed","sticky":false,"template":"","format":"standard","meta":[],"categories":[1],"tags":[],"_links":{"self":[{"href":"http:\/\/calatorinromania.com\/index.php?rest_route=\/wp\/v2\/posts\/38686"}],"collection":[{"href":"http:\/\/calatorinromania.com\/index.php?rest_route=\/wp\/v2\/posts"}],"about":[{"href":"http:\/\/calatorinromania.com\/index.php?rest_route=\/wp\/v2\/types\/post"}],"author":[{"embeddable":true,"href":"http:\/\/calatorinromania.com\/index.php?rest_route=\/wp\/v2\/users\/1"}],"replies":[{"embeddable":true,"href":"http:\/\/calatorinromania.com\/index.php?rest_route=%2Fwp%2Fv2%2Fcomments&post=38686"}],"version-history":[{"count":1,"href":"http:\/\/calatorinromania.com\/index.php?rest_route=\/wp\/v2\/posts\/38686\/revisions"}],"predecessor-version":[{"id":38687,"href":"http:\/\/calatorinromania.com\/index.php?rest_route=\/wp\/v2\/posts\/38686\/revisions\/38687"}],"wp:featuredmedia":[{"embeddable":true,"href":"http:\/\/calatorinromania.com\/index.php?rest_route=\/wp\/v2\/media\/38649"}],"wp:attachment":[{"href":"http:\/\/calatorinromania.com\/index.php?rest_route=%2Fwp%2Fv2%2Fmedia&parent=38686"}],"wp:term":[{"taxonomy":"category","embeddable":true,"href":"http:\/\/calatorinromania.com\/index.php?rest_route=%2Fwp%2Fv2%2Fcategories&post=38686"},{"taxonomy":"post_tag","embeddable":true,"href":"http:\/\/calatorinromania.com\/index.php?rest_route=%2Fwp%2Fv2%2Ftags&post=38686"}],"curies":[{"name":"wp","href":"https:\/\/api.w.org\/{rel}","templated":true}]}}