{"id":38679,"date":"2025-04-24T08:13:40","date_gmt":"2025-04-24T08:13:40","guid":{"rendered":"https:\/\/calatorinromania.com\/?p=38679"},"modified":"2025-04-24T08:13:40","modified_gmt":"2025-04-24T08:13:40","slug":"blocata-in-lift-la-etajul-doi-vera-auzi-vocile-sotului-si-ale-vecinei-nu-i-venea-sa-si-creada-urechilor","status":"publish","type":"post","link":"http:\/\/calatorinromania.com\/?p=38679","title":{"rendered":"Blocat\u0103 \u00een lift la etajul doi, Vera auzi vocile so\u021bului \u0219i ale vecinei, nu-i venea s\u0103-\u0219i cread\u0103 urechilor"},"content":{"rendered":"\n<p>\u2014 Vorbe\u0219te mai \u00eencet, te rog, spuse Costin, \u0219i am sim\u021bit cum vocea lui cobor\u00ee. Cineva ar putea s\u0103 te aud\u0103.<\/p>\n\n\n\n<p>\u2014 Cine s\u0103 aud\u0103? izbucni Ina. To\u021bi vecinii sunt la munc\u0103. \u0218i ce dac\u0103 ar auzi? Poate a\u0219a ai avea \u00een sf\u00e2r\u0219it curajul s\u0103-i spui.<\/p>\n\n\n\n<p>\u2014 \u021ai-am explicat de o mie de ori, continu\u0103 el cu voce stins\u0103. Nu pot s\u0103-i spun pur \u0219i simplu. Vera e\u2026 fragil\u0103. \u0218i exist\u0103 aspectele financiare. Trebuie s\u0103 fac totul corect, s\u0103 m\u0103 consult cu avocatul \u00eenainte.<\/p>\n\n\n\n<p>Eu? Fragil\u0103? St\u0103team nemi\u0219cat\u0103, sim\u021bind cum inima \u00eemi bubuie \u00een piept at\u00e2t de tare \u00eenc\u00e2t mi-era team\u0103 c\u0103 s-ar putea auzi p\u00e2n\u0103 afar\u0103. Telefonul. Trebuia s\u0103 pornesc telefonul, s\u0103 sun la cineva, la dispecer, la oricine. Dar m\u00e2inile \u00eemi tremurau at\u00e2t de tare \u00eenc\u00e2t abia am reu\u0219it s\u0103-l \u021bin.<\/p>\n\n\n\n<p>\u2014 Anton \u00eempline\u0219te patru ani luna viitoare, continu\u0103 Ina. Vrei s\u0103 creasc\u0103 f\u0103r\u0103 tat\u0103? F\u0103r\u0103 s\u0103 \u0219tie cine e\u0219ti tu cu adev\u0103rat?<\/p>\n\n\n\n<p>Anton. Ina are un fiu pe nume Anton? Nu-mi amintesc s\u0103 o fi v\u0103zut vreodat\u0103 cu un copil. Cum a fost posibil? Tr\u0103iam \u00een acela\u0219i bloc, ne intersectam uneori pe scar\u0103\u2026<\/p>\n\n\n\n<p>\u2014 \u0218tii c\u0103 te iubesc, te iubesc pe tine \u0219i pe Anton mai mult dec\u00e2t orice, spuse Costin. Dar trebuie s\u0103 fiu atent. Nu vreau s\u0103-i provoc durere Verei.<\/p>\n\n\n\n<p>Mincinosule! Am vrut s\u0103 strig. Cum po\u021bi vorbi despre durere c\u00e2nd mi-ai ascuns at\u00e2tea?<\/p>\n\n\n\n<p>\u2014 Ne mai \u00eent\u00e2lnim la noapte? \u00eentreb\u0103 Ina, vocea ei schimb\u00e2ndu-se brusc, devenind mai moale, mai dulce.<\/p>\n\n\n\n<p>\u2014 Da, dup\u0103 ce Vera adoarme. Ca de obicei.<\/p>\n\n\n\n<p>Ca de obicei. Aceste cuvinte m-au lovit ca un pumn \u00een stomac. Deci asta se \u00eent\u00e2mpla \u201eca de obicei\u201d. C\u00e2t timp? De c\u00e2nd?<\/p>\n\n\n\n<p>\u2014 \u00ce\u021bi voi g\u0103tit ceva special, spuse Ina.<\/p>\n\n\n\n<p>\u2014 Trebuie s\u0103 plec acum, o \u00eentrerupse Costin. Vera ar trebui s\u0103 ajung\u0103 acas\u0103 \u00een cur\u00e2nd.<\/p>\n\n\n\n<p>Am auzit pa\u0219i \u00eendep\u0103rt\u00e2ndu-se, apoi o u\u0219\u0103 \u00eenchiz\u00e2ndu-se. Apoi lini\u0219te.<\/p>\n\n\n\n<p>St\u0103team \u00een liftul \u00eentunecat, respir\u00e2nd greu, incapabil\u0103 s\u0103 procesez ce tocmai auzisem. Costinel, b\u0103rbatul cu care \u00eemp\u0103r\u021bisem cincisprezece ani din via\u021ba mea, avea un alt fiu. O alt\u0103 familie, practic. Chiar sub nasul meu, la etajul doi.<\/p>\n\n\n\n<p>Telefonul meu porni \u00een sf\u00e2r\u0219it. Cu degetele tremur\u00e2nde, am format num\u0103rul dispecerului. De data aceasta, un b\u0103rbat r\u0103spunse:<\/p>\n\n\n\n<p>\u2014 Da, suntem pe drum. Au fost mai multe urgen\u021be. Ajungem \u00een dou\u0103zeci de minute.<\/p>\n\n\n\n<p>\u2014 V\u0103 rog, veni\u021bi mai repede, am reu\u0219it s\u0103 spun cu o voce care nu p\u0103rea a mea.<\/p>\n\n\n\n<p>Dou\u0103zeci de minute mai t\u00e2rziu, un b\u0103rbat \u00een salopet\u0103 murdar\u0103 deschise u\u0219a liftului. \u00cemi ceru scuze pentru \u00eent\u00e2rziere. L-am privit f\u0103r\u0103 s\u0103-l v\u0103d cu adev\u0103rat. Mintea mea era \u00een alt\u0103 parte.<\/p>\n\n\n\n<p>Am urcat \u00eencet sc\u0103rile p\u00e2n\u0103 la etajul opt. Nu puteam s\u0103 m\u0103 \u00eentorc acas\u0103. Nu \u00eenc\u0103. Aveam nevoie s\u0103 g\u00e2ndesc.<\/p>\n\n\n\n<p>Pe palier, m-am sprijinit de balustrad\u0103 \u0219i am deschis geanta. Cutiu\u021ba cu ceasul era acolo, exact unde o l\u0103sasem. Mi se p\u0103rea absurd acum. Cincisprezece ani de via\u021b\u0103 \u00eempreun\u0103, \u0219i c\u00e2te luni economisind pentru acest cadou?<\/p>\n\n\n\n<p>C\u00e2nd am deschis u\u0219a apartamentului, Costin st\u0103tea pe canapea, uit\u00e2ndu-se la televizor. A ridicat privirea \u0219i a z\u00e2mbit. Acela\u0219i z\u00e2mbet pe care i-l \u0219tiam dintotdeauna.<\/p>\n\n\n\n<p>\u2014 Bun\u0103, draga mea. Cum a fost ziua ta?<\/p>\n\n\n\n<p>Am \u00eenchis u\u0219a \u00eencet. Mi-am ag\u0103\u021bat haina \u00een cuier cu mi\u0219c\u0103ri calculate.<\/p>\n\n\n\n<p>\u2014 Interesant\u0103, am r\u0103spuns, evit\u00e2nd s\u0103-l privesc. Foarte\u2026 revelatoare.<\/p>\n\n\n\n<p>\u2014 S-a \u00eent\u00e2mplat ceva la munc\u0103? \u00eentreb\u0103 el, apropiindu-se. P\u0103reai entuziasmat\u0103 ieri despre acel proiect nou.<\/p>\n\n\n\n<p>Mi-am amintit conversa\u021biile noastre din ultimele s\u0103pt\u0103m\u00e2ni. C\u00e2t de normal p\u0103rea totul. C\u00e2t de sincer p\u0103rea el. Un actor des\u0103v\u00e2r\u0219it.<\/p>\n\n\n\n<p>\u2014 Nu la munc\u0103, am spus, a\u0219ez\u00e2ndu-m\u0103 la masa din buc\u0103t\u0103rie. Am r\u0103mas blocat\u0103 \u00een lift.<\/p>\n\n\n\n<p>\u2014 Oh, liftul \u0103sta nenorocit! exclam\u0103 el. Trebuia s\u0103-l repare de ani de zile. E\u0219ti bine?<\/p>\n\n\n\n<p>\u2014 Mi-au trebuit vreo dou\u0103 ore s\u0103 ies, am min\u021bit. Nimeni nu r\u0103spundea la apeluri.<\/p>\n\n\n\n<p>\u2014 \u00cemi pare r\u0103u, spuse el, pun\u00e2nd o m\u00e2n\u0103 pe um\u0103rul meu. Trebuie s\u0103 fi fost \u00eengrozitor.<\/p>\n\n\n\n<p>M-am retras instinctiv. Nu puteam suporta atingerea lui.<\/p>\n\n\n\n<p>\u2014 Am stat blocat\u0103 la etajul doi.<\/p>\n\n\n\n<p>Degetele lui au \u00eenghe\u021bat pe um\u0103rul meu. Pentru o frac\u021biune de secund\u0103, am v\u0103zut panica \u00een ochii lui. Apoi, masca a revenit.<\/p>\n\n\n\n<p>\u2014 La doi? Cred c\u0103 e un semn c\u0103 ar trebui s\u0103 ne mut\u0103m, \u00eencerc\u0103 el s\u0103 glumeasc\u0103. Mereu ai spus c\u0103 blocul \u0103sta e prea vechi.<\/p>\n\n\n\n<p>\u2014 Poate c\u0103 ai dreptate, am spus, privindu-l direct. Poate c\u0103 e timpul pentru schimb\u0103ri.<\/p>\n\n\n\n<p>\u00cen acea noapte, m-am pref\u0103cut c\u0103 dorm. La ora 1:30, Costin s-a ridicat u\u0219or din pat, crez\u00e2nd c\u0103 nu observ. L-am auzit \u00eembr\u0103c\u00e2ndu-se \u00een lini\u0219te, apoi u\u0219a de la intrare deschiz\u00e2ndu-se \u0219i \u00eenchiz\u00e2ndu-se cu grij\u0103.<\/p>\n\n\n\n<p>Am a\u0219teptat zece minute, apoi m-am ridicat \u0219i eu. Am luat cutiu\u021ba cu ceasul \u0219i am cobor\u00e2t la etajul doi. Am stat c\u00e2teva momente \u00een fa\u021ba u\u0219ii Inei, ascult\u00e2nd. Puteam auzi voci \u00een\u0103bu\u0219ite, un r\u00e2s \u00eenfundat.<\/p>\n\n\n\n<p>Am pus cutiu\u021ba \u00een fa\u021ba u\u0219ii \u0219i am ata\u0219at un bilet: \u201ePentru Anton, de la femeia de la etajul opt. Tat\u0103l lui nu va mai avea nevoie de acest ceas.\u201d<\/p>\n\n\n\n<p>A doua zi, c\u00e2nd Costin s-a trezit, a g\u0103sit o not\u0103 pe partea mea de pat: \u201eLa mul\u021bi ani. Cadoul t\u0103u e pe palierul de la etajul doi. Actele de divor\u021b le vei primi de la avocatul meu s\u0103pt\u0103m\u00e2na viitoare. Acum po\u021bi s\u0103 nu mai pierzi \u2018jum\u0103tate din tot ce ai agonisit\u2019.\u201d<\/p>\n\n\n\n<p>Nu l-am mai v\u0103zut pe Costin de atunci. Avocatul meu s-a ocupat de toate. Uneori, c\u00e2nd trec pe l\u00e2ng\u0103 blocul nostru vechi, m\u0103 \u00eentreb dac\u0103 Anton poart\u0103 ceasul. Sper c\u0103 nu. Sper c\u0103 Ina a avut bunul sim\u021b s\u0103-l v\u00e2nd\u0103 \u0219i s\u0103 foloseasc\u0103 banii pentru fiul lor.<\/p>\n\n\n\n<p>C\u00e2t despre mine, am \u00eenv\u0103\u021bat o lec\u021bie important\u0103. Uneori, un lift blocat poate fi cel mai bun lucru care \u021bi se \u00eent\u00e2mpl\u0103 \u00een via\u021b\u0103. Te poate salva de ani de minciuni \u0219i te poate conduce spre un nou \u00eenceput.<\/p>\n\n\n\n<p><strong>Dac\u0103 \u021bi-a pl\u0103cut povestea, nu uita s\u0103 o distribui cu prietenii t\u0103i! \u00cempreun\u0103 putem duce mai departe emo\u021bia \u0219i inspira\u021bia.<\/strong><\/p>\n","protected":false},"excerpt":{"rendered":"<p>\u2014 Vorbe\u0219te mai \u00eencet, te rog, spuse Costin, \u0219i am sim\u021bit cum vocea lui cobor\u00ee. Cineva ar putea s\u0103 te aud\u0103. \u2014 Cine s\u0103 aud\u0103?<\/p>\n","protected":false},"author":1,"featured_media":38649,"comment_status":"closed","ping_status":"closed","sticky":false,"template":"","format":"standard","meta":[],"categories":[1],"tags":[],"_links":{"self":[{"href":"http:\/\/calatorinromania.com\/index.php?rest_route=\/wp\/v2\/posts\/38679"}],"collection":[{"href":"http:\/\/calatorinromania.com\/index.php?rest_route=\/wp\/v2\/posts"}],"about":[{"href":"http:\/\/calatorinromania.com\/index.php?rest_route=\/wp\/v2\/types\/post"}],"author":[{"embeddable":true,"href":"http:\/\/calatorinromania.com\/index.php?rest_route=\/wp\/v2\/users\/1"}],"replies":[{"embeddable":true,"href":"http:\/\/calatorinromania.com\/index.php?rest_route=%2Fwp%2Fv2%2Fcomments&post=38679"}],"version-history":[{"count":1,"href":"http:\/\/calatorinromania.com\/index.php?rest_route=\/wp\/v2\/posts\/38679\/revisions"}],"predecessor-version":[{"id":38680,"href":"http:\/\/calatorinromania.com\/index.php?rest_route=\/wp\/v2\/posts\/38679\/revisions\/38680"}],"wp:featuredmedia":[{"embeddable":true,"href":"http:\/\/calatorinromania.com\/index.php?rest_route=\/wp\/v2\/media\/38649"}],"wp:attachment":[{"href":"http:\/\/calatorinromania.com\/index.php?rest_route=%2Fwp%2Fv2%2Fmedia&parent=38679"}],"wp:term":[{"taxonomy":"category","embeddable":true,"href":"http:\/\/calatorinromania.com\/index.php?rest_route=%2Fwp%2Fv2%2Fcategories&post=38679"},{"taxonomy":"post_tag","embeddable":true,"href":"http:\/\/calatorinromania.com\/index.php?rest_route=%2Fwp%2Fv2%2Ftags&post=38679"}],"curies":[{"name":"wp","href":"https:\/\/api.w.org\/{rel}","templated":true}]}}