{"id":38675,"date":"2025-04-24T08:07:19","date_gmt":"2025-04-24T08:07:19","guid":{"rendered":"https:\/\/calatorinromania.com\/?p=38675"},"modified":"2025-04-24T08:07:19","modified_gmt":"2025-04-24T08:07:19","slug":"cainele-latra-disperat-la-femeia-insarcinata","status":"publish","type":"post","link":"http:\/\/calatorinromania.com\/?p=38675","title":{"rendered":"C\u00e2inele latr\u0103 disperat la femeia \u00eens\u0103rcinat\u0103"},"content":{"rendered":"\n<p>\u201eNu sunt dureri de na\u0219tere,\u201d a repetat medicul, iar ochii i s-au m\u0103rit de \u0219oc. \u201eTrebuie s\u0103 o ducem imediat la spital!\u201d<\/p>\n\n\n\n<p>Adrian a sim\u021bit un gol \u00een stomac \u00een timp ce paramedicii ac\u021bionau cu vitez\u0103, plas\u00e2nd femeia pe o targ\u0103. Rex continua s\u0103 latre, dar acum p\u0103rea s\u0103 \u00eencerce s\u0103 comunice altceva \u2013 nu amenin\u021bare, ci urgen\u021b\u0103.<\/p>\n\n\n\n<p>\u201eCe se \u00eent\u00e2mpl\u0103?\u201d a \u00eentrebat Adrian, alerg\u00e2nd al\u0103turi de targ\u0103 pe coridor.<\/p>\n\n\n\n<p>Medicul i-a aruncat o privire grav\u0103. \u201eCred c\u0103 are o ruptur\u0103 de placent\u0103. F\u0103tul \u0219i mama sunt \u00een pericol. C\u00e2inele t\u0103u a sim\u021bit s\u00e2ngele \u00eenainte ca noi s\u0103 vedem vreun semn.\u201d<\/p>\n\n\n\n<p>Femeia, palid\u0103 \u0219i transpirat\u0103, a apucat m\u00e2na lui Adrian. \u201eM\u0103 numesc Elena,\u201d a \u0219optit. \u201eTe rog, nu m\u0103 l\u0103sa singur\u0103.\u201d<\/p>\n\n\n\n<p>Ceva \u00een ochii ei l-a f\u0103cut pe Adrian s\u0103 ac\u021bioneze \u00eempotriva protocoalelor. \u201eVin cu tine,\u201d i-a spus el, urc\u00e2nd \u00een ambulan\u021b\u0103 al\u0103turi de ea. Rex a s\u0103rit \u00een\u0103untru f\u0103r\u0103 comand\u0103, refuz\u00e2nd s\u0103 se despart\u0103 de pacient\u0103.<\/p>\n\n\n\n<p>\u00cen drumul agitat spre spital, Elena a \u00eenceput s\u0103-i povesteasc\u0103 printre suspine. \u201eSo\u021bul meu\u2026 m-a p\u0103r\u0103sit c\u00e2nd a aflat c\u0103 sunt \u00eens\u0103rcinat\u0103. Am vrut s\u0103 fug \u00een str\u0103in\u0103tate, s\u0103 \u00eencep o via\u021b\u0103 nou\u0103 pentru mine \u0219i pentru copil.\u201d<\/p>\n\n\n\n<p>Monitoarele din ambulan\u021b\u0103 au \u00eenceput s\u0103 emit\u0103 semnale de alarm\u0103. Medicul a ac\u021bionat rapid, administr\u00e2ndu-i medicamente pentru a stabiliza situa\u021bia.<\/p>\n\n\n\n<p>\u201eMai rezist\u0103 pu\u021bin,\u201d i-a \u0219optit Adrian, str\u00e2ng\u00e2ndu-i m\u00e2na. Rex s-a a\u0219ezat l\u00e2ng\u0103 targ\u0103, aproape protector, privind-o cu ochi inteligen\u021bi.<\/p>\n\n\n\n<p>La spital, lucrurile s-au precipitat. Elena a fost dus\u0103 direct \u00een sala de opera\u021bie. Adrian \u0219i Rex au r\u0103mas \u00een sala de a\u0219teptare, tensiona\u021bi \u0219i neputincio\u0219i.<\/p>\n\n\n\n<p>Dup\u0103 dou\u0103 ore epuizante, un chirurg a ap\u0103rut, cu masca \u00eenc\u0103 pe fa\u021b\u0103. \u201eA fost la limit\u0103,\u201d a spus el. \u201eAmbii sunt \u00een via\u021b\u0103, dar urm\u0103toarele 24 de ore sunt critice.\u201d<\/p>\n\n\n\n<p>Adrian a stat \u00een spital toat\u0103 noaptea. Diminea\u021ba, c\u00e2nd a fost permis s\u0103 o vad\u0103 pe Elena, a g\u0103sit-o palid\u0103 dar con\u0219tient\u0103, cu un bebelu\u0219 minuscul \u00een incubator l\u00e2ng\u0103 pat.<\/p>\n\n\n\n<p>\u201eI-ai salvat via\u021ba,\u201d i-a spus doctori\u021ba. \u201eRex a detectat hemoragia intern\u0103 \u00eenainte ca simptomele s\u0103 fie vizibile. F\u0103r\u0103 interven\u021bie imediat\u0103, am fi pierdut ambele vie\u021bi.\u201d<\/p>\n\n\n\n<p>Trecur\u0103 s\u0103pt\u0103m\u00e2ni, iar Adrian continua s\u0103 o viziteze pe Elena \u0219i pe micu\u021bul Mihai \u00een spital. \u00centre ei se dezvoltase o leg\u0103tur\u0103 special\u0103, iar Rex devenise nelipsit de l\u00e2ng\u0103 incubator.<\/p>\n\n\n\n<p>\u00centr-o zi, c\u00e2nd Elena urma s\u0103 fie externat\u0103, Adrian a primit un apel de la \u0219eful securit\u0103\u021bii aeroportului. \u201eAm verificat bagajele abandonate. Era o geant\u0103 cu documentele ei \u0219i o sum\u0103 mare de bani. Cineva i-a furat valiza \u00eenainte s\u0103 fie oprit\u0103 de c\u00e2ine.\u201d<\/p>\n\n\n\n<p>\u201eCineva a \u0219tiut c\u0103 pleac\u0103,\u201d a realizat Adrian.<\/p>\n\n\n\n<p>Investiga\u021bia a dus la fostul so\u021b al Elenei, care angajase un ho\u021b s\u0103-i fure banii \u0219i documentele, sper\u00e2nd s\u0103 o lase blocat\u0103 \u0219i dependent\u0103 de el.<\/p>\n\n\n\n<p>La \u0219ase luni dup\u0103 incident, \u00eentr-o mic\u0103 gr\u0103din\u0103 l\u00e2ng\u0103 un apartament modest, Adrian privea cum Rex alerga \u00een cercuri \u00een jurul p\u0103tu\u021bului unde Mihai g\u00e2ngurea fericit. Elena se apropie, pun\u00e2ndu-i o cea\u0219c\u0103 de cafea \u00een m\u00e2n\u0103.<\/p>\n\n\n\n<p>\u201eUneori, c\u00e2inii simt ce oamenii nu pot vedea,\u201d spuse ea z\u00e2mbind. \u201eNu doar pericolul, ci \u0219i \u00eenceputul unei noi familii.\u201d<\/p>\n\n\n\n<p>Adrian \u0219i-a pus bra\u021bul \u00een jurul ei, privind cum Rex, acum gardianul neoficial al micu\u021bului Mihai, se a\u0219eza vigilent l\u00e2ng\u0103 p\u0103tu\u021b, gata s\u0103 latre la orice umbr\u0103 care ar \u00eendr\u0103zni s\u0103 deranjeze pacea acestei familii improvizate, dar perfecte \u00een felul ei.<\/p>\n\n\n\n<p><strong>Dac\u0103 \u021bi-a pl\u0103cut povestea, nu uita s\u0103 o distribui cu prietenii t\u0103i! \u00cempreun\u0103 putem duce mai departe emo\u021bia \u0219i inspira\u021bia.<\/strong><\/p>\n","protected":false},"excerpt":{"rendered":"<p>\u201eNu sunt dureri de na\u0219tere,\u201d a repetat medicul, iar ochii i s-au m\u0103rit de \u0219oc. \u201eTrebuie s\u0103 o ducem imediat la spital!\u201d Adrian a sim\u021bit<\/p>\n","protected":false},"author":1,"featured_media":38649,"comment_status":"closed","ping_status":"closed","sticky":false,"template":"","format":"standard","meta":[],"categories":[1],"tags":[],"_links":{"self":[{"href":"http:\/\/calatorinromania.com\/index.php?rest_route=\/wp\/v2\/posts\/38675"}],"collection":[{"href":"http:\/\/calatorinromania.com\/index.php?rest_route=\/wp\/v2\/posts"}],"about":[{"href":"http:\/\/calatorinromania.com\/index.php?rest_route=\/wp\/v2\/types\/post"}],"author":[{"embeddable":true,"href":"http:\/\/calatorinromania.com\/index.php?rest_route=\/wp\/v2\/users\/1"}],"replies":[{"embeddable":true,"href":"http:\/\/calatorinromania.com\/index.php?rest_route=%2Fwp%2Fv2%2Fcomments&post=38675"}],"version-history":[{"count":1,"href":"http:\/\/calatorinromania.com\/index.php?rest_route=\/wp\/v2\/posts\/38675\/revisions"}],"predecessor-version":[{"id":38676,"href":"http:\/\/calatorinromania.com\/index.php?rest_route=\/wp\/v2\/posts\/38675\/revisions\/38676"}],"wp:featuredmedia":[{"embeddable":true,"href":"http:\/\/calatorinromania.com\/index.php?rest_route=\/wp\/v2\/media\/38649"}],"wp:attachment":[{"href":"http:\/\/calatorinromania.com\/index.php?rest_route=%2Fwp%2Fv2%2Fmedia&parent=38675"}],"wp:term":[{"taxonomy":"category","embeddable":true,"href":"http:\/\/calatorinromania.com\/index.php?rest_route=%2Fwp%2Fv2%2Fcategories&post=38675"},{"taxonomy":"post_tag","embeddable":true,"href":"http:\/\/calatorinromania.com\/index.php?rest_route=%2Fwp%2Fv2%2Ftags&post=38675"}],"curies":[{"name":"wp","href":"https:\/\/api.w.org\/{rel}","templated":true}]}}