{"id":38673,"date":"2025-04-24T08:02:32","date_gmt":"2025-04-24T08:02:32","guid":{"rendered":"https:\/\/calatorinromania.com\/?p=38673"},"modified":"2025-04-24T08:02:32","modified_gmt":"2025-04-24T08:02:32","slug":"ce-nu-a-vrut-vaticanul-sa-stie-despre-papa-francisc-ce-s-a-intamplat-cu-adevarat-in-ultimele-sale-zile","status":"publish","type":"post","link":"http:\/\/calatorinromania.com\/?p=38673","title":{"rendered":"Ce nu a vrut Vaticanul s\u0103 \u0219tie despre Papa Francisc Ce s-a \u00eent\u00e2mplat cu adev\u0103rat \u00een ultimele sale zile"},"content":{"rendered":"\n<h3>DISCLAIMER: Acest site este neutru din punct de vedere politic \u0219i nu sus\u021bine niciun partid sau ideologie politic\u0103.<\/h3>\n\n\n\n<p>Papa Francisc a \u00eencetat din via\u021b\u0103 la 88 de ani: Lumea \u00ee\u0219i ia r\u0103mas-bun de la primul pontif latino-american.<\/p>\n\n\n\n<p>Papa Francisc, primul suveran pontif provenit din America Latin\u0103 \u0219i primul iezuit ajuns pe tronul papal, a murit luni diminea\u021b\u0103 la v\u00e2rsta de 88 de ani, \u00een urma unei complica\u021bii respiratorii severe. Moartea sa a fost confirmat\u0103 de Cardinalul Kevin Farrell, camerlengo al Vaticanului, care a transmis c\u0103 Francisc \u201es-a \u00eentors la casa Tat\u0103lui\u201d dup\u0103 o via\u021b\u0103 dedicat\u0103 slujirii credin\u021bei \u0219i Bisericii.<\/p>\n\n\n\n<p>Ultimele zile ale Papei Francisc<\/p>\n\n\n\n<p>Suveranul Pontif a fost internat pe 14 februarie la spitalul Gemelli din Roma, unde a fost tratat pentru o form\u0103 sever\u0103 de pneumonie bilateral\u0103. A petrecut 38 de zile sub supravegherea medicilor, aceasta fiind cea mai lung\u0103 spitalizare din pontificatul s\u0103u de 12 ani.<\/p>\n\n\n\n<p>Un pap\u0103 al reformelor \u0219i al compasiunii<\/p>\n\n\n\n<p>N\u0103scut Jorge Mario Bergoglio \u00een Argentina, Papa Francisc a fost ales \u00een 2013, dup\u0103 demisia nea\u0219teptat\u0103 a Papei Benedict al XVI-lea. \u00cenc\u0103 de la primul salut adresat credincio\u0219ilor \u2014 un simplu \u0219i emo\u021bionant \u201eBuonasera\u201d \u2014 a transmis dorin\u021ba de schimbare. A promovat o viziune a Bisericii ca \u201espital de campanie\u201d, axat\u0103 pe sprijinirea celor marginaliza\u021bi, a celor r\u0103ni\u021bi suflete\u0219te \u0219i social.<\/p>\n\n\n\n<p>\u00cen timpul pontificatului s\u0103u, Francisc a ini\u021biat reforme semnificative \u00een structura Vaticanului, a sus\u021binut incluziunea comunit\u0103\u021bii LGBTQ+, a \u00eencurajat participarea femeilor \u00een func\u021bii de decizie \u0219i a pledat pentru protec\u021bia mediului. A fost admirat de milioane de oameni, dar \u0219i criticat de conservatori, care au perceput aceste schimb\u0103ri ca pe o sl\u0103bire a tradi\u021biei doctrinare.<\/p>\n\n\n\n<p>Un lider al simplit\u0103\u021bii \u0219i al gesturilor puternice<\/p>\n\n\n\n<p>Papa Francisc a ales s\u0103 locuiasc\u0103 la Casa Santa Marta, refuz\u00e2nd opulen\u021ba Palatului Apostolic. A preferat ma\u0219inile simple, pantofii ortopedici \u0219i gesturile de apropiere fa\u021b\u0103 de oameni: a m\u00e2ng\u00e2iat un bolnav desfigurat, a s\u0103rutat tatuajul unui supravie\u021buitor al Holocaustului \u0219i a sus\u021binut gunoierii argentinieni.<\/p>\n\n\n\n<p>De-a lungul anilor, a luat pozi\u021bie ferm\u0103 \u00eempotriva pedepsei cu moartea \u0219i a armelor nucleare, a cerut mai mult\u0103 transparen\u021b\u0103 \u00een gestionarea cazurilor de abuz sexual \u00een Biseric\u0103 \u0219i a subliniat mereu importan\u021ba solidarit\u0103\u021bii \u0219i protej\u0103rii celor vulnerabili.<\/p>\n\n\n\n<p>Ultimii ani de via\u021b\u0103 \u0219i mo\u0219tenirea l\u0103sat\u0103<\/p>\n\n\n\n<p>\u00cen ultimii ani, s\u0103n\u0103tatea fragil\u0103 l-a obligat s\u0103 foloseasc\u0103 frecvent scaunul cu rotile, iar mai multe interven\u021bii chirurgicale i-au afectat rezisten\u021ba fizic\u0103. Cu toate acestea, a r\u0103mas fidel misiunii sale de apropiere fa\u021b\u0103 de cei \u00een nevoie.<\/p>\n\n\n\n<p>Pontificatul s\u0103u a fost marcat de dorin\u021ba de a aduce Biserica mai aproape de oameni \u0219i de a reflecta spiritul Fericirilor, programul de via\u021b\u0103 propov\u0103duit de Isus. Mo\u0219tenirea sa r\u0103m\u00e2ne una a deschiderii, compasiunii \u0219i curajului de a schimba.<\/p>\n","protected":false},"excerpt":{"rendered":"<p>DISCLAIMER: Acest site este neutru din punct de vedere politic \u0219i nu sus\u021bine niciun partid sau ideologie politic\u0103. Papa Francisc a \u00eencetat din via\u021b\u0103 la<\/p>\n","protected":false},"author":1,"featured_media":38649,"comment_status":"closed","ping_status":"closed","sticky":false,"template":"","format":"standard","meta":[],"categories":[1],"tags":[],"_links":{"self":[{"href":"http:\/\/calatorinromania.com\/index.php?rest_route=\/wp\/v2\/posts\/38673"}],"collection":[{"href":"http:\/\/calatorinromania.com\/index.php?rest_route=\/wp\/v2\/posts"}],"about":[{"href":"http:\/\/calatorinromania.com\/index.php?rest_route=\/wp\/v2\/types\/post"}],"author":[{"embeddable":true,"href":"http:\/\/calatorinromania.com\/index.php?rest_route=\/wp\/v2\/users\/1"}],"replies":[{"embeddable":true,"href":"http:\/\/calatorinromania.com\/index.php?rest_route=%2Fwp%2Fv2%2Fcomments&post=38673"}],"version-history":[{"count":1,"href":"http:\/\/calatorinromania.com\/index.php?rest_route=\/wp\/v2\/posts\/38673\/revisions"}],"predecessor-version":[{"id":38674,"href":"http:\/\/calatorinromania.com\/index.php?rest_route=\/wp\/v2\/posts\/38673\/revisions\/38674"}],"wp:featuredmedia":[{"embeddable":true,"href":"http:\/\/calatorinromania.com\/index.php?rest_route=\/wp\/v2\/media\/38649"}],"wp:attachment":[{"href":"http:\/\/calatorinromania.com\/index.php?rest_route=%2Fwp%2Fv2%2Fmedia&parent=38673"}],"wp:term":[{"taxonomy":"category","embeddable":true,"href":"http:\/\/calatorinromania.com\/index.php?rest_route=%2Fwp%2Fv2%2Fcategories&post=38673"},{"taxonomy":"post_tag","embeddable":true,"href":"http:\/\/calatorinromania.com\/index.php?rest_route=%2Fwp%2Fv2%2Ftags&post=38673"}],"curies":[{"name":"wp","href":"https:\/\/api.w.org\/{rel}","templated":true}]}}