{"id":38669,"date":"2025-04-24T07:56:17","date_gmt":"2025-04-24T07:56:17","guid":{"rendered":"https:\/\/calatorinromania.com\/?p=38669"},"modified":"2025-04-24T07:56:18","modified_gmt":"2025-04-24T07:56:18","slug":"esti-o-cersetoare-jalnica-a-scuipat-el-cu-dispret-in-mijlocul-salii","status":"publish","type":"post","link":"http:\/\/calatorinromania.com\/?p=38669","title":{"rendered":"E\u0219ti o cer\u0219etoare jalnic\u0103\u201d, a scuipat el cu dispre\u021b \u00een mijlocul s\u0103lii"},"content":{"rendered":"\n<p>\u2014 \u2026dar \u00een ultima vreme, foarte rar, \u2014 \u00eencheie Clara cu un z\u00e2mbet timid.<\/p>\n\n\n\n<p>\u2014 P\u0103cat, \u2014 interveni \u0219eful lui Ricardo, privindu-o atent peste paharul de vin. \u2014 Cu astfel de degete, ar trebui s\u0103 fi\u021bi pe o scen\u0103. Sau m\u0103car \u00een fa\u021ba unui pian.<\/p>\n\n\n\n<p>\u2014 Are un pian, \u2014 morm\u0103i Ricardo cu un aer plictisit. \u2014 Dar ce folos&#8230;<\/p>\n\n\n\n<p>R\u00e2setele au fost politicoase, dar Clara sim\u021bi cum inima i se str\u00e2nge de durere. Privirea i se cobor\u00ee spre farfuria unde tartarul, preg\u0103tit cu at\u00e2ta grij\u0103, r\u0103m\u0103sese neatins.<\/p>\n\n\n\n<p>\u2014 Haide\u021bi, c\u00e2nta\u021bi-ne ceva, \u2014 insist\u0103 doamna cu vocea puternic\u0103. \u2014 At\u00e2ta efort pentru seara asta&#8230; Un mic concert ar fi cirea\u0219a de pe tort!<\/p>\n\n\n\n<p>To\u021bi ochii se \u00eendreptar\u0103 spre Clara. Ea se ridic\u0103, nesigur\u0103, cu m\u00e2inile tremur\u00e2nd de emo\u021bie. Se apropie de pian, ridic\u0103 capacul. \u00ce\u0219i plimb\u0103 degetele peste clape \u2014 textura familiar\u0103, emo\u021bia veche&#8230; totul p\u0103rea s\u0103 renasc\u0103 \u00een ea.<\/p>\n\n\n\n<p>Chopin? Nu. Azi \u2014 altceva.<\/p>\n\n\n\n<p>\u0218i atunci \u00eencepu s\u0103 c\u00e2nte o pies\u0103 compus\u0103 de ea. Una n\u0103scut\u0103 \u00een nop\u021bile t\u00e2rzii, c\u00e2nd Ricardo dormea \u0219i ea r\u0103m\u00e2nea cu ochii deschi\u0219i, ascult\u00e2nd ploaia. Melodia era delicat\u0103, pu\u021bin melancolic\u0103, dar plin\u0103 de for\u021b\u0103 \u2014 o for\u021b\u0103 t\u0103cut\u0103, ca prim\u0103vara care tope\u0219te ghea\u021ba.<\/p>\n\n\n\n<p>Primele note aduser\u0103 lini\u0219te \u00een camer\u0103. Zgomotele, paharele, conversa\u021biile \u2014 toate disp\u0103rur\u0103. Doar ea \u0219i muzica. Iar \u00een timp ce degetele-i alergau pe clape, Clara sim\u021bi: tr\u0103ie\u0219te. Cu adev\u0103rat. Nu ca \u201eso\u021bia unui om de succes\u201d, nu ca \u201efata cu maniere bune\u201d, ci Clara \u2014 muzician\u0103, femeie, suflet.<\/p>\n\n\n\n<p>C\u00e2nd ultima not\u0103 se stinse, nimeni nu se mi\u0219c\u0103. Apoi \u2014 aplauze. Adev\u0103rate. Din inim\u0103. \u0218eful lui Ricardo fu primul care se ridic\u0103 \u00een picioare.<\/p>\n\n\n\n<p>\u2014 V\u0103 pierde\u021bi \u00een umbra lui, \u2014 \u00eei \u0219opti trec\u00e2nd pe l\u00e2ng\u0103 Ricardo. \u2014 \u0218i dumneavoastr\u0103 sunte\u021bi o comoar\u0103.<\/p>\n\n\n\n<p>Mai t\u00e2rziu, dup\u0103 ce oaspe\u021bii plecar\u0103 \u0219i Ricardo \u00eenchise u\u0219a \u00een t\u0103cere, casa se umplu de o lini\u0219te ap\u0103s\u0103toare.<\/p>\n\n\n\n<p>\u2014 Ce-a fost asta? \u2014 vocea lui era rece ca ghea\u021ba. \u2014 Crezi c\u0103 ai eclipsat totul cu interpretarea ta?<\/p>\n\n\n\n<p>\u2014 Am fost doar eu \u00eens\u0103mi, \u2014 spuse Clara lini\u0219tit. \u2014 Pentru prima dat\u0103, dup\u0103 mult timp.<\/p>\n\n\n\n<p>\u2014 M-ai f\u0103cut de r\u00e2s. Ai transformat o cin\u0103 de afaceri \u00eentr-un spectacol!<\/p>\n\n\n\n<p>\u2014 Atunci de ce n-ai c\u00e2ntat tu, Ricardo? \u2014 \u00eentreb\u0103 ea, tot lini\u0219tit. \u2014 De ce \u0219eful t\u0103u aplauda pe mine, nu pe tine?<\/p>\n\n\n\n<p>Se apropie de ea brusc, de parc\u0103 voia s\u0103 o r\u0103neasc\u0103 cu cuvinte. Dar se opri. Ea st\u0103tea dreapt\u0103, f\u0103r\u0103 team\u0103, f\u0103r\u0103 lacrimi. Doar&#8230; puternic\u0103.<\/p>\n\n\n\n<p>\u2014 Nu mai accept s\u0103 m\u0103 umile\u0219ti, \u2014 rosti Clara cu calm. \u2014 Plec.<\/p>\n\n\n\n<p>\u2014 Unde?! \u2014 izbucni el. \u2014 N-ai nimic! Nici bani, nici rela\u021bii, nici viitor!<\/p>\n\n\n\n<p>\u2014 Am muzica mea, \u2014 r\u0103spunse ea, \u0219i pentru prima dat\u0103 dup\u0103 ani, o spuse cu m\u00e2ndrie.<\/p>\n\n\n\n<p>Plec\u0103 \u00een noaptea aceea. Lu\u0103 doar partiturile, laptopul \u0219i o fotografie cu p\u0103rin\u021bii. \u00cenchirie o camer\u0103 la o prieten\u0103 violonist\u0103, se angaj\u0103 acompaniatoare la un studio pentru copii, iar \u00een weekenduri c\u00e2nta la un pian public din centru.<\/p>\n\n\n\n<p>Dup\u0103 \u0219ase luni, un trec\u0103tor film\u0103 unul dintre recitalurile ei \u0219i-l post\u0103 online. Videoclipul deveni viral. Dup\u0103 o s\u0103pt\u0103m\u00e2n\u0103, o invitar\u0103 la un interviu. Dup\u0103 o lun\u0103 \u2014 la un concert al tinerilor compozitori.<\/p>\n\n\n\n<p>St\u0103tea \u00een culisele unei s\u0103li mari, tremura de emo\u021bie, ca la examenele de alt\u0103dat\u0103. Dar apoi ie\u0219i pe scen\u0103 \u2014 \u0219i c\u00e2nt\u0103.<\/p>\n\n\n\n<p>\u0218i din nou \u2014 aplauze \u00een picioare.<\/p>\n\n\n\n<p>Muzica n-a f\u0103cut-o bogat\u0103. Dar i-a redat vocea. \u0218i, mai ales, credin\u021ba. \u00cen ea \u00eens\u0103\u0219i. \u00cen drumul ei. \u00cen faptul c\u0103 adev\u0103rul \u00eenvinge mereu.<\/p>\n","protected":false},"excerpt":{"rendered":"<p>\u2014 \u2026dar \u00een ultima vreme, foarte rar, \u2014 \u00eencheie Clara cu un z\u00e2mbet timid. \u2014 P\u0103cat, \u2014 interveni \u0219eful lui Ricardo, privindu-o atent peste paharul<\/p>\n","protected":false},"author":1,"featured_media":38649,"comment_status":"closed","ping_status":"closed","sticky":false,"template":"","format":"standard","meta":[],"categories":[1],"tags":[],"_links":{"self":[{"href":"http:\/\/calatorinromania.com\/index.php?rest_route=\/wp\/v2\/posts\/38669"}],"collection":[{"href":"http:\/\/calatorinromania.com\/index.php?rest_route=\/wp\/v2\/posts"}],"about":[{"href":"http:\/\/calatorinromania.com\/index.php?rest_route=\/wp\/v2\/types\/post"}],"author":[{"embeddable":true,"href":"http:\/\/calatorinromania.com\/index.php?rest_route=\/wp\/v2\/users\/1"}],"replies":[{"embeddable":true,"href":"http:\/\/calatorinromania.com\/index.php?rest_route=%2Fwp%2Fv2%2Fcomments&post=38669"}],"version-history":[{"count":1,"href":"http:\/\/calatorinromania.com\/index.php?rest_route=\/wp\/v2\/posts\/38669\/revisions"}],"predecessor-version":[{"id":38670,"href":"http:\/\/calatorinromania.com\/index.php?rest_route=\/wp\/v2\/posts\/38669\/revisions\/38670"}],"wp:featuredmedia":[{"embeddable":true,"href":"http:\/\/calatorinromania.com\/index.php?rest_route=\/wp\/v2\/media\/38649"}],"wp:attachment":[{"href":"http:\/\/calatorinromania.com\/index.php?rest_route=%2Fwp%2Fv2%2Fmedia&parent=38669"}],"wp:term":[{"taxonomy":"category","embeddable":true,"href":"http:\/\/calatorinromania.com\/index.php?rest_route=%2Fwp%2Fv2%2Fcategories&post=38669"},{"taxonomy":"post_tag","embeddable":true,"href":"http:\/\/calatorinromania.com\/index.php?rest_route=%2Fwp%2Fv2%2Ftags&post=38669"}],"curies":[{"name":"wp","href":"https:\/\/api.w.org\/{rel}","templated":true}]}}