{"id":38667,"date":"2025-04-23T11:27:04","date_gmt":"2025-04-23T11:27:04","guid":{"rendered":"https:\/\/calatorinromania.com\/?p=38667"},"modified":"2025-04-23T11:27:04","modified_gmt":"2025-04-23T11:27:04","slug":"vaduv-cu-gemeni-nou-nascuti-in-brate-i-a-platit-biletul-unei-femei-de-etnie-roma-iar-dupa-ce-a-citit-biletelul-primit-in-semn-de-multumire-a-inghetat","status":"publish","type":"post","link":"http:\/\/calatorinromania.com\/?p=38667","title":{"rendered":"V\u0103duv, cu gemeni nou-n\u0103scu\u021bi \u00een bra\u021be, i-a pl\u0103tit biletul unei femei de etnie rom\u0103. Iar dup\u0103 ce a citit bile\u021belul primit \u00een semn de mul\u021bumire, a \u00ceNGHE\u021aAT\u2026"},"content":{"rendered":"\n<p>Vadim privea uimit la bile\u021belul mototolit din m\u00e2na sa. Cu un scris tremurat \u0219i aproape ilizibil, pe h\u00e2rtie era scris: \u201eCopiii t\u0103i nu sunt gemeni. Fiica ta nu e a ta.\u201d<\/p>\n\n\n\n<p>Sim\u021bi cum podeaua \u00eencepe s\u0103 se clatine sub picioare. Se sprijini de peretele buc\u0103t\u0103riei, \u00eencerc\u00e2nd s\u0103-\u0219i recapete echilibrul. Inima \u00eei b\u0103tea cu putere, reverber\u00e2nd \u00een t\u00e2mple ca un ecou \u00eendep\u0103rtat. \u201eE imposibil\u201d, \u0219opti el \u00een camera goal\u0103.<\/p>\n\n\n\n<p>Privi spre dormitorul unde Mihai \u0219i Ileana, gemenii lui de doar dou\u0103 luni, dormeau lini\u0219ti\u021bi \u00een p\u0103tu\u021burile lor. Larisa murise la na\u0219tere din cauza unor complica\u021bii, l\u0103s\u00e2ndu-l singur cu cei doi copii. Cum ar putea fi adev\u0103rat? Cine era femeia aceea \u0219i de unde \u0219tia asemenea lucruri?<\/p>\n\n\n\n<p>\u00ce\u0219i aminti de Larisa, de z\u00e2mbetul ei, de felul \u00een care \u00eei spunea c\u0103 totul va fi bine. Nu existase niciun semn, nicio urm\u0103 de \u00eendoial\u0103 \u00een c\u0103snicia lor. Sau poate c\u0103 el nu v\u0103zuse semnele?<\/p>\n\n\n\n<p>A doua zi diminea\u021ba, cu cearc\u0103ne ad\u00e2nci sub ochi dup\u0103 o noapte alb\u0103, Vadim \u00eei duse pe copii la pediatru. \u00cen timp ce asistenta \u00eei c\u00e2nt\u0103rea \u0219i m\u0103sura, el o privi pe doctori\u021ba Alexandrescu, care \u00eei cuno\u0219tea de la na\u0219tere.<\/p>\n\n\n\n<p>\u201eDoamn\u0103 doctor,\u201d \u00eencepu el ezitant, \u201ea\u0219 avea o \u00eentrebare\u2026 delicat\u0103.\u201d<\/p>\n\n\n\n<p>Doctori\u021ba \u00eel privi peste ochelari. \u201eSpune, Vadim.\u201d<\/p>\n\n\n\n<p>\u201eEste posibil s\u0103\u2026 s\u0103 se determine paternitatea la copii at\u00e2t de mici?\u201d<\/p>\n\n\n\n<p>Femeia \u00ee\u0219i \u00eencrunt\u0103 spr\u00e2ncenele. \u201eDesigur. Un test ADN se poate face la orice v\u00e2rst\u0103. Dar\u2026 s-a \u00eent\u00e2mplat ceva?\u201d<\/p>\n\n\n\n<p>Vadim cl\u0103tin\u0103 din cap. \u201eDoar o curiozitate. \u0218i\u2026 copiii mei sunt cu adev\u0103rat gemeni? Vreau s\u0103 spun, exist\u0103 gemeni care nu seam\u0103n\u0103 deloc \u00eentre ei?\u201d<\/p>\n\n\n\n<p>\u201eMihai \u0219i Ileana sunt gemeni fraterni, nu identici,\u201d r\u0103spunse ea. \u201eE normal s\u0103 nu semene perfect. Dar, Vadim, ce te fr\u0103m\u00e2nt\u0103 de fapt?\u201d<\/p>\n\n\n\n<p>El z\u00e2mbi for\u021bat. \u201eNimic important. Doar \u00eentreb\u0103ri care-mi trec prin minte.\u201d<\/p>\n\n\n\n<p>C\u00e2nd se \u00eentoarse acas\u0103, Vadim se a\u0219ez\u0103 la laptop \u0219i c\u0103ut\u0103 informa\u021bii despre teste ADN. Costau scump, dar avea economii. Ceea ce-l oprea nu era pre\u021bul, ci teama de r\u0103spuns.<\/p>\n\n\n\n<p>Dou\u0103 s\u0103pt\u0103m\u00e2ni mai t\u00e2rziu, rezultatele testului ADN sosir\u0103 \u00eentr-un plic alb, nevinovat. Vadim st\u0103tea \u00een buc\u0103t\u0103rie, cu plicul nedeschis \u00een fa\u021ba sa. Copiii dormeau. Lini\u0219tea apartamentului era cople\u0219itoare.<\/p>\n\n\n\n<p><\/p>\n\n\n\n<p>Cu m\u00e2ini tremur\u00e2nde, deschise plicul. Ochii \u00eei alunecar\u0103 peste termeni \u0219tiin\u021bifici \u0219i procente p\u00e2n\u0103 c\u00e2nd ajunse la concluzia clar\u0103: Mihai era fiul s\u0103u biologic. Ileana nu era.<\/p>\n\n\n\n<p>Lumea lui se pr\u0103bu\u0219i. Larisa, so\u021bia lui, femeia pe care o iubise mai mult dec\u00e2t orice pe lume, \u00eel \u00een\u0219elase. \u0218i murise \u00eenainte s\u0103-i poat\u0103 cere explica\u021bii, \u00eenainte s\u0103-i poat\u0103 spune c\u0103 \u0219tie.<\/p>\n\n\n\n<p>Privind spre camera copiilor, sim\u021bi un val de furie amestecat\u0103 cu durere. Cum putea s\u0103 o mai iubeasc\u0103 pe Larisa \u0219tiind asta? Cum putea s\u0103 o iubeasc\u0103 pe Ileana, \u0219tiind c\u0103 nu era fiica lui?<\/p>\n\n\n\n<p>\u00cen zilele urm\u0103toare, Vadim func\u021biona ca un automat. Hr\u0103nea copiii, \u00eei schimba, \u00eei leg\u0103na c\u00e2nd pl\u00e2ngeau, dar mintea lui era \u00een alt\u0103 parte. C\u0103uta semne, diferen\u021be \u00eentre ei. Mihai avea ochii lui c\u0103prui, \u00een timp ce Ileana avea ochi alba\u0219tri ca ai Larisei. Dar cine era tat\u0103l ei adev\u0103rat?<\/p>\n\n\n\n<p>\u00centr-o sear\u0103, \u00een timp ce st\u0103tea pe canapea cu albumul de fotografii \u00een bra\u021be, soneria u\u0219ii r\u0103sun\u0103. Era Adrian, cel mai bun prieten al lui \u0219i al Larisei din facultate.<\/p>\n\n\n\n<p>\u201eAm venit s\u0103 v\u0103d cum v\u0103 descurca\u021bi,\u201d spuse el, intr\u00e2nd cu o pung\u0103 plin\u0103 de cump\u0103r\u0103turi. \u201e\u021ai-am adus ceva de m\u00e2ncare \u0219i scutece pentru cei mici.\u201d<\/p>\n\n\n\n<p>Adrian venise des dup\u0103 moartea Larisei, ajut\u00e2ndu-l cu copiii, aduc\u00e2nd m\u00e2ncare, fiind un sprijin constant. Acum, Vadim \u00eel privea cu al\u021bi ochi. Adrian avea ochi alba\u0219tri, la fel ca Ileana.<\/p>\n\n\n\n<p>\u201eVrei o bere?\u201d \u00eentreb\u0103 Vadim, \u00eencerc\u00e2nd s\u0103-\u0219i controleze vocea.<\/p>\n\n\n\n<p>\u00cen timp ce Adrian povestea despre serviciu, Vadim \u00eel studia. Felul \u00een care gesticula, z\u00e2mbetul lui, totul i se p\u0103rea acum suspect. Oare el era tat\u0103l Ilenei? C\u00e2t de aproape fusese de Larisa?<\/p>\n\n\n\n<p>\u201eE\u0219ti bine, Vadim? Pari distras,\u201d \u00eentreb\u0103 Adrian.<\/p>\n\n\n\n<p>\u201eDoar obosit,\u201d r\u0103spunse Vadim. \u201eCopiii nu dorm bine noaptea.\u201d<\/p>\n\n\n\n<p>Adrian z\u00e2mbi cu \u00een\u021belegere. \u201eOfer\u0103-mi o pern\u0103 \u0219i pot r\u0103m\u00e2ne s\u0103 te ajut cu tura de noapte.\u201d<\/p>\n\n\n\n<p>\u201eNu e nevoie,\u201d r\u0103spunse Vadim sec. Apoi, urm\u0103rindu-i reac\u021bia, ad\u0103ug\u0103: \u201eApropo, am observat c\u0103 Ileana are ochii alba\u0219tri, ca ai t\u0103i.\u201d<\/p>\n\n\n\n<p>Adrian ridic\u0103 din umeri. \u201e\u0218i ca ai Larisei. Genele albastre sunt recesive, \u0219tii? Trebuie s\u0103 le mo\u0219tene\u0219ti de la ambii p\u0103rin\u021bi ca s\u0103 ai ochi alba\u0219tri.\u201d<\/p>\n\n\n\n<p><a rel=\"noreferrer noopener\" href=\"https:\/\/usd24.ro\/irinel-columbeanu-de-la-viata-de-boier-la-camera-de-azil-ce-spune-propietarul-caminului-de-batrani-nu-pot-sa-dau-un-om-afara-in-asa-stare-dar\/\" target=\"_blank\"><\/a><\/p>\n\n\n\n<p>Vadim sim\u021bi cum suspiciunea i se transform\u0103 \u00een certitudine. Adrian \u0219tia prea multe despre genetic\u0103 pentru o conversa\u021bie banal\u0103.<\/p>\n\n\n\n<p>\u00cen s\u0103pt\u0103m\u00e2nile care urmar\u0103, Vadim \u00eencepu s\u0103-l evite pe Adrian. Nu-i r\u0103spundea la telefon, inventa scuze c\u00e2nd acesta voia s\u0103 vin\u0103 \u00een vizit\u0103. \u00cen acela\u0219i timp, se distan\u021ba emo\u021bional de Ileana. O hr\u0103nea, o \u00eengrijea, dar nu o mai \u021binea \u00een bra\u021be cum f\u0103cea cu Mihai, nu-i mai c\u00e2nta, nu-i mai \u0219optea cuvinte dulci.<\/p>\n\n\n\n<p>\u00centr-o noapte, c\u00e2nd Ileana pl\u00e2ngea inconsolabil, Vadim st\u0103tea l\u00e2ng\u0103 p\u0103tu\u021bul ei, incapabil s\u0103 o ia \u00een bra\u021be. Lacrimile i se scurgeau pe obraz \u00een timp ce feti\u021ba pl\u00e2ngea, cer\u00e2nd afec\u021biunea pe care el nu i-o mai putea oferi.<\/p>\n\n\n\n<p>\u201eIart\u0103-m\u0103,\u201d \u0219opti el. \u201eNu e vina ta. \u0218tiu asta, dar tot nu pot\u2026\u201d<\/p>\n\n\n\n<p>Telefonul lui sun\u0103, \u00eentrerup\u00e2ndu-i g\u00e2ndurile. Era Maria, sora Larisei.<\/p>\n\n\n\n<p>\u201eTrebuie s\u0103 vorbim,\u201d spuse ea cu o voce grav\u0103. \u201eAm g\u0103sit ceva \u00een lucrurile Larisei. Cred c\u0103 ar trebui s\u0103 \u0219tii.\u201d<\/p>\n\n\n\n<p>A doua zi, Maria veni cu o cutie de pantofi veche. \u201eAm g\u0103sit-o c\u00e2nd sortam hainele Larisei pentru dona\u021bie,\u201d explic\u0103 ea. \u201eNu \u0219tiam dac\u0103 s\u0103 \u021bi-o ar\u0103t, dar cred c\u0103 ai dreptul s\u0103 \u0219tii.\u201d<\/p>\n\n\n\n<p>\u00cen cutie erau scrisori, fotografii \u0219i un jurnal.<\/p>\n\n\n\n<p>\u201eTe las singur,\u201d spuse Maria, ating\u00e2ndu-i u\u0219or um\u0103rul \u00eenainte de a pleca.<\/p>\n\n\n\n<p>Cu inima b\u0103t\u00e2nd puternic, Vadim deschise jurnalul. Paginile erau pline de scrisul Larisei, acel scris ordonat pe care \u00eel cuno\u0219tea at\u00e2t de bine. \u00cencepu s\u0103 citeasc\u0103.<\/p>\n\n\n\n<p>Jurnalul era de dinainte ca ei s\u0103 se c\u0103s\u0103toreasc\u0103. Larisa scria despre dragostea ei pentru Vadim, despre teama de a nu putea avea copii din cauza unor probleme medicale. Apoi, c\u00e2teva pagini mai \u00eencolo, un paragraf \u00eei atrase aten\u021bia:<\/p>\n\n\n\n<p>\u201eAst\u0103zi doctorul mi-a confirmat ceea ce \u0219tiam deja: nu voi putea avea niciodat\u0103 copii \u00een mod natural. C\u00e2nd i-am spus lui Vadim, m-a \u00eembr\u0103\u021bi\u0219at \u0219i mi-a spus c\u0103 m\u0103 iube\u0219te oricum, c\u0103 putem adopta. Dar am v\u0103zut dezam\u0103girea din ochii lui. \u00ce\u0219i dore\u0219te at\u00e2t de mult un copil\u2026\u201d<\/p>\n\n\n\n<p>Vadim se opri din citit, confuz. Larisa nu putea avea copii? Atunci cum\u2026?<\/p>\n\n\n\n<p>Continu\u0103 s\u0103 r\u0103sfoiasc\u0103 jurnalul p\u00e2n\u0103 c\u00e2nd ajunse la o \u00eensemnare de acum doi ani:<\/p>\n\n\n\n<p><\/p>\n\n\n\n<p>\u201eAm luat cea mai dificil\u0103 decizie din via\u021ba mea. Pentru c\u0103 \u00eel iubesc pe Vadim mai mult dec\u00e2t orice \u0219i \u0219tiu c\u00e2t de mult \u00ee\u0219i dore\u0219te copii, am acceptat propunerea clinicii. Vor folosi o donatoare de ovule \u0219i sperma lui Vadim. Copilul va fi al lui biologic, chiar dac\u0103 nu va fi al meu. E singurul mod \u00een care putem avea un copil \u00eempreun\u0103.\u201d<\/p>\n\n\n\n<p>Vadim \u00eentoarse pagina cu m\u00e2ini tremur\u00e2nde. Urm\u0103toarea \u00eensemnare era \u0219i mai \u0219ocant\u0103:<\/p>\n\n\n\n<p>\u201eMinune! Doctorul spune c\u0103 sunt \u00eens\u0103rcinat\u0103 cu gemeni! Doi copii, nu unul! Au folosit dou\u0103 donatoare diferite pentru a cre\u0219te \u0219ansele, \u0219i ambele proceduri au func\u021bionat. Vadim e \u00een al nou\u0103lea cer, de\u0219i nu \u0219tie adev\u0103rul complet. \u00cei voi spune dup\u0103 na\u0219tere. Sper s\u0103 \u00een\u021beleag\u0103 c\u0103 am f\u0103cut-o din dragoste.\u201d<\/p>\n\n\n\n<p>Lacrimile \u00eei inundau ochii, \u00eence\u021bo\u0219\u00e2ndu-i vederea. Larisa nu-l \u00een\u0219elase. Ea f\u0103cuse sacrificiul suprem \u2013 renun\u021base la \u0219ansa de a avea propriul copil biologic pentru a-i oferi lui ce \u00ee\u0219i dorea cel mai mult.<\/p>\n\n\n\n<p>Cu jurnalul str\u00e2ns la piept, Vadim se \u00eendrept\u0103 spre camera copiilor. Ileana tocmai se trezise \u0219i \u00eel privea cu ochii ei alba\u0219tri, at\u00e2t de asem\u0103n\u0103tori cu ai Larisei, de\u0219i nu erau lega\u021bi genetic.<\/p>\n\n\n\n<p>O lu\u0103 \u00een bra\u021be pentru prima dat\u0103 dup\u0103 s\u0103pt\u0103m\u00e2ni \u00eentregi \u0219i o str\u00e2nse la piept.<\/p>\n\n\n\n<p>\u201eIart\u0103-m\u0103, \u00eengera\u0219ul meu,\u201d \u0219opti el, s\u0103rut\u00e2ndu-i fruntea. \u201eE\u0219ti fiica mea, indiferent ce spune orice test. E\u0219ti darul Larisei pentru mine.\u201d<\/p>\n\n\n\n<p>Ileana se lini\u0219ti \u00een bra\u021bele lui, privindu-l cu ochii ei mari \u0219i \u00eencrez\u0103tori.<\/p>\n\n\n\n<p>\u00cen acea noapte, Vadim puse jurnalul Larisei pe noptier\u0103 \u0219i adormi \u021bin\u00e2ndu-\u0219i ambii copii aproape, promi\u021b\u00e2ndu-le \u00een g\u00e2nd c\u0103 \u00eei va iubi la fel, c\u0103 le va povesti mereu despre mama lor curajoas\u0103 care \u00eei iubise at\u00e2t de mult \u00eenc\u00e2t f\u0103cuse imposibilul posibil.<\/p>\n\n\n\n<p>C\u00e2t despre bile\u021belul de la \u021biganc\u0103, \u00eel arse \u00een chiuvet\u0103, privind cum fl\u0103c\u0103rile mistuie cuvintele care aproape \u00eei distruseser\u0103 familia. Cum \u0219tiuse femeia aceea? Nu avea importan\u021b\u0103. Ceea ce conta era adev\u0103rul pe care Larisa \u00eel scrisese \u00een jurnal, un adev\u0103r al iubirii \u0219i sacrificiului, nu al tr\u0103d\u0103rii.<\/p>\n\n\n\n<p>Dac\u0103 \u021bi-a pl\u0103cut povestea, nu uita s\u0103 o distribui cu prietenii t\u0103i! \u00cempreun\u0103 putem duce mai departe emo\u021bia \u0219i inspira\u021bia.<\/p>\n","protected":false},"excerpt":{"rendered":"<p>Vadim privea uimit la bile\u021belul mototolit din m\u00e2na sa. Cu un scris tremurat \u0219i aproape ilizibil, pe h\u00e2rtie era scris: \u201eCopiii t\u0103i nu sunt gemeni.<\/p>\n","protected":false},"author":1,"featured_media":38649,"comment_status":"closed","ping_status":"closed","sticky":false,"template":"","format":"standard","meta":[],"categories":[1],"tags":[],"_links":{"self":[{"href":"http:\/\/calatorinromania.com\/index.php?rest_route=\/wp\/v2\/posts\/38667"}],"collection":[{"href":"http:\/\/calatorinromania.com\/index.php?rest_route=\/wp\/v2\/posts"}],"about":[{"href":"http:\/\/calatorinromania.com\/index.php?rest_route=\/wp\/v2\/types\/post"}],"author":[{"embeddable":true,"href":"http:\/\/calatorinromania.com\/index.php?rest_route=\/wp\/v2\/users\/1"}],"replies":[{"embeddable":true,"href":"http:\/\/calatorinromania.com\/index.php?rest_route=%2Fwp%2Fv2%2Fcomments&post=38667"}],"version-history":[{"count":1,"href":"http:\/\/calatorinromania.com\/index.php?rest_route=\/wp\/v2\/posts\/38667\/revisions"}],"predecessor-version":[{"id":38668,"href":"http:\/\/calatorinromania.com\/index.php?rest_route=\/wp\/v2\/posts\/38667\/revisions\/38668"}],"wp:featuredmedia":[{"embeddable":true,"href":"http:\/\/calatorinromania.com\/index.php?rest_route=\/wp\/v2\/media\/38649"}],"wp:attachment":[{"href":"http:\/\/calatorinromania.com\/index.php?rest_route=%2Fwp%2Fv2%2Fmedia&parent=38667"}],"wp:term":[{"taxonomy":"category","embeddable":true,"href":"http:\/\/calatorinromania.com\/index.php?rest_route=%2Fwp%2Fv2%2Fcategories&post=38667"},{"taxonomy":"post_tag","embeddable":true,"href":"http:\/\/calatorinromania.com\/index.php?rest_route=%2Fwp%2Fv2%2Ftags&post=38667"}],"curies":[{"name":"wp","href":"https:\/\/api.w.org\/{rel}","templated":true}]}}