{"id":38660,"date":"2025-04-23T06:53:36","date_gmt":"2025-04-23T06:53:36","guid":{"rendered":"https:\/\/calatorinromania.com\/?p=38660"},"modified":"2025-04-23T06:53:36","modified_gmt":"2025-04-23T06:53:36","slug":"acestea-au-fost-ultimele-cuvinte-ale-papei-inainte-ca-domnul-sa-il-cheme-la-el","status":"publish","type":"post","link":"http:\/\/calatorinromania.com\/?p=38660","title":{"rendered":"Acestea au fost ultimele cuvinte ale Papei, \u00eenainte ca Domnul s\u0103 \u00eel cheme la El"},"content":{"rendered":"\n<p><strong>Lumea s-a oprit pentru o clip\u0103 \u00een t\u0103cere \u00een Duminica Pa\u0219telui<\/strong>, c\u00e2nd vestea s-a r\u0103sp\u00e2ndit \u00een \u00eentreaga lume:&nbsp;<strong>Papa Francisc a murit la v\u00e2rsta de 88 de ani<\/strong>, primul lider al Bisericii din ordinul iezuit, care, purt\u00e2nd numele Sf\u00e2ntului Francisc din Assisi, a intrat \u00een istorie ca&nbsp;<strong>papa celor s\u0103raci \u0219i marginaliza\u021bi<\/strong>.<\/p>\n\n\n\n<p>Papa Francisc a visat \u0219i a condus o Biseric\u0103 ce dorea s\u0103 arate lumii chipul adev\u0103rat al Evangheliei \u2013&nbsp;<strong>iubirea, compasiunea \u0219i adev\u0103rul<\/strong>. Ultimele sale cuvinte rostite \u00een public au fost, \u00een acela\u0219i timp, testamentul \u0219i manifestul credin\u021bei care l-a c\u0103l\u0103uzit p\u00e2n\u0103 \u00een ultima clip\u0103:<br><strong>\u201eNu uita\u021bi: mila este \u00eentotdeauna mai puternic\u0103 dec\u00e2t judecata.\u201d<\/strong><\/p>\n\n\n\n<p><strong>Cu inim\u0103 latino-american\u0103, dar suflet universal<\/strong>,<br>Jorge Mario Bergoglio s-a n\u0103scut \u00een capitala Argentinei, copil al unei familii de imigran\u021bi italieni. Drumul s\u0103u a pornit din cartierele s\u0103race ale Buenos Airesului \u0219i a ajuns p\u00e2n\u0103 la Palatul Apostolic din Vatican. Chiar \u0219i \u00een calitate de pap\u0103, amintea adesea de lec\u021biile \u00eenv\u0103\u021bate \u00een copil\u0103ria sa modest\u0103. Alegerea lui ca pap\u0103 a fost un moment istoric nu doar din punct de vedere geografic:&nbsp;<strong>a fost primul lider al Bisericii din afara Europei dup\u0103 secole \u00eentregi \u0219i primul iezuit care a urcat pe tronul Sf\u00e2ntului Petru.<\/strong><\/p>\n\n\n\n<p><strong>Avea o leg\u0103tur\u0103 \u0219i cu Ungaria<\/strong><br>Papa Francisc a vizitat de dou\u0103 ori Ungaria. Cu ocazia celei de-a doua vizite, \u00een 2023, a f\u0103cut gesturi deosebit de puternice:&nbsp;<strong>nu doar c\u0103 s-a \u00eent\u00e2lnit cu credincio\u0219ii catolici, ci a vizitat \u0219i sinagoga din Budapesta<\/strong>, subliniind astfel importan\u021ba dialogului cre\u0219tino-evreiesc \u00eentr-o \u021bar\u0103 unde Holocaustul a curmat via\u021ba a peste o jum\u0103tate de milion de oameni.<\/p>\n\n\n\n<p>Nu s-a ferit nici s\u0103-\u0219i exprime opinia \u00een chestiuni politice:&nbsp;<strong>a criticat, printre al\u021bii, politicile migratorii ale lui Viktor Orb\u00e1n \u0219i Donald Trump<\/strong>. Una dintre ultimele sale numiri a fost cea a unui arhiepiscop pentru Washington care se opunea retoricii excluzioniste \u00eempotriva imigran\u021bilor.&nbsp;<strong>Sprijinul s\u0103u pentru migran\u021bi nu a fost niciodat\u0103 o tactic\u0103, ci o convingere profund religioas\u0103<\/strong>: fiecare decizie i-a fost ghidat\u0103 de porunca milei, ospitalit\u0103\u021bii \u0219i iubirii.<\/p>\n\n\n\n<p><strong>O Biseric\u0103 de la marginile lumii<\/strong><br>Papa Francisc a \u00eendreptat \u00een mod con\u0219tient aten\u021bia c\u0103tre Sudul global: printre cardinalii s\u0103i, propor\u021bia de lideri africani, asiatici \u0219i latino-americani a crescut semnificativ. \u00cen timp ce \u00een Europa num\u0103rul catolicilor scade,&nbsp;<strong>\u00een alte p\u0103r\u021bi ale lumii credin\u021ba \u00eenflore\u0219te<\/strong>&nbsp;\u2013 iar el a \u00een\u021beles acest lucru \u0219i a \u00eencercat s\u0103 transforme centrul vatican \u00eentr-unul cu adev\u0103rat global.<\/p>\n\n\n\n<p><strong>Ultimele zile<\/strong><br>\u00cen Duminica Pa\u0219telui, Papa l-a primit \u00eenc\u0103 pe vicepre\u0219edintele american J. D. Vance, care declarase recent despre migra\u021bie: \u201e\u00cen Europa, doar Italia \u0219i Ungaria urmeaz\u0103 o politic\u0103 corect\u0103 fa\u021b\u0103 de migran\u021bi.\u201d Papa l-a primit \u00een t\u0103cere, dar cu inim\u0103 deschis\u0103 \u2013&nbsp;<strong>a\u0219a cum f\u0103cea cu oricine b\u0103tea la u\u0219a lui<\/strong>.<\/p>\n\n\n\n<p>Dup\u0103 aceast\u0103 \u00eent\u00e2lnire, Papa Francisc s-a retras \u00een locuin\u021ba sa din Vatican, unde,&nbsp;<strong>dup\u0103 ora 21, a murit \u00een lini\u0219te, \u00een timpul rug\u0103ciunii<\/strong>. Potrivit comunicatului Vaticanului, ultimele clipe au fost lini\u0219tite \u0219i senine. \u00cen timpul unei slujbe restr\u00e2nse, \u00een camera sa, a mai rostit o propozi\u021bie, care poate fi considerat\u0103 ca un&nbsp;<strong>epilog al \u00eentregii sale misiuni<\/strong>:<\/p>\n\n\n\n<p><strong>\u201e\u021aine\u021bi por\u021bile deschise \u0219i nu v\u0103 teme\u021bi de cel care este diferit.\u201d<\/strong><\/p>\n\n\n\n<p>Papa Francisc nu mai este printre noi \u2013 dar&nbsp;<strong>cuvintele, gesturile \u0219i exemplul lui vor r\u0103m\u00e2ne<\/strong>. \u0218i r\u0103m\u00e2ne cu noi&nbsp;<strong>mila<\/strong>, pe care a propov\u0103duit-o mereu ca fiind cea mai mare for\u021b\u0103.<\/p>\n\n\n\n<p><strong>Dac\u0103 \u021bi-a pl\u0103cut povestea, nu uita s\u0103 o distribui cu prietenii t\u0103i! \u00cempreun\u0103 putem duce mai departe emo\u021bia \u0219i inspira\u021bia.<\/strong><\/p>\n","protected":false},"excerpt":{"rendered":"<p>Lumea s-a oprit pentru o clip\u0103 \u00een t\u0103cere \u00een Duminica Pa\u0219telui, c\u00e2nd vestea s-a r\u0103sp\u00e2ndit \u00een \u00eentreaga lume:&nbsp;Papa Francisc a murit la v\u00e2rsta de 88<\/p>\n","protected":false},"author":1,"featured_media":38649,"comment_status":"closed","ping_status":"closed","sticky":false,"template":"","format":"standard","meta":[],"categories":[1],"tags":[],"_links":{"self":[{"href":"http:\/\/calatorinromania.com\/index.php?rest_route=\/wp\/v2\/posts\/38660"}],"collection":[{"href":"http:\/\/calatorinromania.com\/index.php?rest_route=\/wp\/v2\/posts"}],"about":[{"href":"http:\/\/calatorinromania.com\/index.php?rest_route=\/wp\/v2\/types\/post"}],"author":[{"embeddable":true,"href":"http:\/\/calatorinromania.com\/index.php?rest_route=\/wp\/v2\/users\/1"}],"replies":[{"embeddable":true,"href":"http:\/\/calatorinromania.com\/index.php?rest_route=%2Fwp%2Fv2%2Fcomments&post=38660"}],"version-history":[{"count":1,"href":"http:\/\/calatorinromania.com\/index.php?rest_route=\/wp\/v2\/posts\/38660\/revisions"}],"predecessor-version":[{"id":38661,"href":"http:\/\/calatorinromania.com\/index.php?rest_route=\/wp\/v2\/posts\/38660\/revisions\/38661"}],"wp:featuredmedia":[{"embeddable":true,"href":"http:\/\/calatorinromania.com\/index.php?rest_route=\/wp\/v2\/media\/38649"}],"wp:attachment":[{"href":"http:\/\/calatorinromania.com\/index.php?rest_route=%2Fwp%2Fv2%2Fmedia&parent=38660"}],"wp:term":[{"taxonomy":"category","embeddable":true,"href":"http:\/\/calatorinromania.com\/index.php?rest_route=%2Fwp%2Fv2%2Fcategories&post=38660"},{"taxonomy":"post_tag","embeddable":true,"href":"http:\/\/calatorinromania.com\/index.php?rest_route=%2Fwp%2Fv2%2Ftags&post=38660"}],"curies":[{"name":"wp","href":"https:\/\/api.w.org\/{rel}","templated":true}]}}