{"id":38658,"date":"2025-04-23T06:51:13","date_gmt":"2025-04-23T06:51:13","guid":{"rendered":"https:\/\/calatorinromania.com\/?p=38658"},"modified":"2025-04-23T06:51:14","modified_gmt":"2025-04-23T06:51:14","slug":"destine-frante-ce-ascund-parintii-care-ne-au-abandonat","status":"publish","type":"post","link":"http:\/\/calatorinromania.com\/?p=38658","title":{"rendered":"\u00abDestine fr\u00e2nte: Ce ascund p\u0103rin\u021bii care ne-au abandonat?\u00bb"},"content":{"rendered":"\n<h3>DISCLAIMER: Acest site este neutru din punct de vedere politic \u0219i nu sus\u021bine niciun partid sau ideologie politic\u0103.<\/h3>\n\n\n\n<p>VIA\u021aA LUI TORI SE PR\u0102BU\u0218E\u0218TE COMPLET C\u00c2ND P\u0102RIN\u021aII EI NEMILO\u0218I O ABANDONEAZ\u0102 PE EA \u0218I PE CEI DOI FRA\u021aI MAI MICI. ANI MAI T\u00c2RZIU, ACE\u0218TIA REAPAR CU Z\u00c2MBETE PE CHIP, CA \u0218I CUM TIMPUL AR FI \u00ceNGHE\u021aAT. CE I-A ADUS \u00ceNAPOI \u0218I CARE SUNT ADEV\u0102RATELE LOR INTEN\u021aII?<\/p>\n\n\n\n<p>Am privit neputincioas\u0103 cum p\u0103rin\u021bii mei \u00ee\u0219i aruncau hainele \u0219i obiectele personale \u00een valize, \u00eentr-o grab\u0103 frenetic\u0103 \u0219i t\u0103cut\u0103. Atmosfera din sufragerie era \u00een\u021besat\u0103 de o tensiune care \u00ee\u021bi zg\u00e2ria sufletul. \u201eVom suna la Protec\u021bia Copilului, ei v\u0103 vor g\u0103si un loc unde s\u0103 sta\u021bi\u201d, a rostit tata, cu o voce goal\u0103, lipsit\u0103 de orice c\u0103ldur\u0103.<\/p>\n\n\n\n<p>Fra\u021bii mei mai mici, Lucas \u0219i Ben, s-au ag\u0103\u021bat de mine cu m\u00e2inile lor fragile, ochii lor mari oglindind o panic\u0103 sf\u00e2\u0219ietoare.<\/p>\n\n\n\n<p>\u201eTori, ce se \u00eent\u00e2mpl\u0103?\u201d a \u00eentrebat Lucas, vocea lui tremur\u00e2nd\u0103 fiind aproape un \u0219oapt\u0103 \u00een acea \u00eenc\u0103pere prea t\u0103cut\u0103.<\/p>\n\n\n\n<p>Avea doar \u0219ase ani, iar privirea lui m\u0103 sf\u00e2\u0219ia pe din\u0103untru.<\/p>\n\n\n\n<p>\u201eNu \u0219tiu, Lucas\u201d, am r\u0103spuns, \u00eencerc\u00e2nd s\u0103-mi p\u0103strez vocea ferm\u0103. \u201eDar promit c\u0103 vom fi bine.\u201d<\/p>\n\n\n\n<p>Ben, care avea doar cinci ani, a \u00eenceput s\u0103 pl\u00e2ng\u0103 \u00eenceti\u0219or. \u201eNu vreau s\u0103 plec, Tori. Vreau s\u0103 stau cu tine.\u201d<\/p>\n\n\n\n<p>Inima mea s-a str\u00e2ns \u00eentr-un nod dureros. Eram doar o adolescent\u0103 de cincisprezece ani, prins\u0103 \u00eentr-un haos emo\u021bional pe care nu-l puteam \u00een\u021belege pe deplin.<\/p>\n\n\n\n<p>Soneria u\u0219ii a r\u0103sunat brusc, un sunet ascu\u021bit care p\u0103rea s\u0103 sf\u00e2\u0219ie lini\u0219tea ap\u0103s\u0103toare.<\/p>\n\n\n\n<p>Era Protec\u021bia Copilului, a\u0219a cum tata anun\u021base.<\/p>\n\n\n\n<p>O femeie cu ochi bl\u00e2nzi \u0219i un z\u00e2mbet trist a intrat \u00een sufragerie. Vocea ei era calm\u0103, dar ferm\u0103. \u201eSunt aici ca s\u0103 v\u0103 ajut. \u0218tiu c\u0103 este greu, dar trebuie s\u0103 mergem \u00eentr-un loc sigur.\u201d<\/p>\n\n\n\n<p>Lucas s-a ag\u0103\u021bat \u0219i mai tare de mine, iar lacrimile i-au \u00eenceput s\u0103 curg\u0103 pe obraji. \u201eV\u0103 rog, l\u0103sa\u021bi-ne s\u0103 r\u0103m\u00e2nem \u00eempreun\u0103\u201d, am implorat eu, vocea mea fr\u00e2ng\u00e2ndu-se sub greutatea disper\u0103rii.<\/p>\n\n\n\n<p>Femeia a oftat ad\u00e2nc, privirea ei plin\u0103 de mil\u0103. \u201e\u00cemi pare r\u0103u, Tori. Nu este decizia mea.\u201d<\/p>\n\n\n\n<p>Am fost sco\u0219i din casa noastr\u0103, fiecare dintre noi fiind separat. M\u00e2inile micu\u021be ale lui Lucas \u0219i Ben au fost smulse de ale mele, iar strig\u0103tele lor au r\u0103sunat \u00een mintea mea mult timp dup\u0103 ce am fost desp\u0103r\u021bi\u021bi.<\/p>\n\n\n\n<p>C\u0103l\u0103toria spre casa de plasament a fost o cea\u021b\u0103 de lacrimi \u0219i disperare. G\u00e2ndurile mele erau cople\u0219ite de ultima privire pe care mi-au aruncat-o fra\u021bii mei.<\/p>\n\n\n\n<p>Noua mea \u201ecas\u0103\u201d la familia Thompson nu a fost nici pe departe un refugiu. De la \u00eenceput, am fost tratat\u0103 ca o povar\u0103, nu ca un copil aflat \u00een nevoie.<\/p>\n\n\n\n<p>\u201eAsigur\u0103-te c\u0103 \u00ee\u021bi faci treaba, Tori\u201d, \u00eemi spunea doamna Thompson, cu o voce seac\u0103 \u0219i lipsit\u0103 de r\u0103bdare.<\/p>\n\n\n\n<p>\u201eDa, doamn\u0103\u201d, r\u0103spundeam \u00eencet, f\u0103r\u0103 s\u0103-mi ridic privirea.<\/p>\n\n\n\n<p>Zilele se scurgeau una dup\u0103 alta, fiecare la fel de rece \u0219i lipsit\u0103 de speran\u021b\u0103 ca cea dinainte.<\/p>\n\n\n\n<p>Am \u00eencercat s\u0103 fug de mai multe ori. De fiecare dat\u0103 am fost prins\u0103 \u0219i adus\u0103 \u00eenapoi, iar pedepsele \u0219i r\u0103ceala celor din jur deveneau tot mai aspre.<\/p>\n\n\n\n<p>\u00centr-o noapte ploioas\u0103, cu inima b\u0103t\u00e2nd nebune\u0219te, am decis s\u0103 fug pentru ultima dat\u0103. Cu un rucsac mic \u0219i c\u00e2teva lucruri aruncate \u00een grab\u0103, am ie\u0219it pe fereastr\u0103 \u0219i am p\u0103\u0219it \u00een necunoscut.<\/p>\n\n\n\n<p>Via\u021ba pe str\u0103zi a fost dur\u0103, crud\u0103 \u0219i nemiloas\u0103. Am dormit \u00een ad\u0103posturi improvizate, am muncit orice fel de job pentru c\u00e2\u021biva b\u0103nu\u021bi \u2014 am sp\u0103lat vase, am cur\u0103\u021bat podele, am c\u0103rat saco\u0219e pentru necunoscu\u021bi.<\/p>\n\n\n\n<p>Cel mai greu lucru era dorul de fra\u021bii mei. Lucas \u0219i Ben \u00eemi b\u00e2ntuiau visele \u00een fiecare noapte. Uneori, reu\u0219eam s\u0103-i vizitez, dar de fiecare dat\u0103 devenea tot mai dificil, deoarece erau muta\u021bi dintr-un loc \u00een altul.<\/p>\n\n\n\n<p>Anii au trecut, iar eu am muncit f\u0103r\u0103 \u00eencetare. M-am angajat \u00eentr-un magazin mic la periferia ora\u0219ului, unde proprietarul, domnul Jenkins, m-a \u00eencurajat s\u0103 m\u0103 \u00eentorc la \u0219coal\u0103.<\/p>\n\n\n\n<p>Cu economii str\u00e2nse b\u0103nu\u021b cu b\u0103nu\u021b, am reu\u0219it s\u0103 m\u0103 \u00eenscriu la un colegiu comunitar. Zilele erau obositoare, dar visul meu de a-mi construi o via\u021b\u0103 mai bun\u0103 m-a \u021binut \u00een picioare.<\/p>\n\n\n\n<p>Dup\u0103 ani de munc\u0103 asidu\u0103, am ob\u021binut o diplom\u0103 \u00een administrarea afacerilor. Mi-am g\u0103sit un loc de munc\u0103 stabil \u0219i am \u00eenceput s\u0103-mi construiesc, \u00eencet, o via\u021b\u0103 pe care s\u0103 o numesc \u201ea mea\u201d.<\/p>\n\n\n\n<p>Apoi, \u00eentr-o zi, un sunet familiar a r\u0103sunat din nou la u\u0219a mea.<\/p>\n\n\n\n<p>Cioc, cioc, cioc.<\/p>\n\n\n\n<p>Am deschis u\u0219a \u0219i i-am v\u0103zut pe ei \u2014 p\u0103rin\u021bii mei. Z\u00e2mbeau, ca \u0219i cum nimic nu s-ar fi \u00eent\u00e2mplat vreodat\u0103.<\/p>\n\n\n\n<p>\u201eSalut, draga mea!\u201d, a spus mama, cu o c\u0103ldur\u0103 fals\u0103 \u00een voce.<\/p>\n\n\n\n<p>Am r\u0103mas nemi\u0219cat\u0103, \u00eencerc\u00e2nd s\u0103-mi st\u0103p\u00e2nesc valul de emo\u021bii care m\u0103 cuprinsese.<\/p>\n\n\n\n<p>\u201eAm sperat c\u0103 ne vei l\u0103sa s\u0103 st\u0103m aici o vreme, p\u00e2n\u0103 ne punem pe picioare\u201d, a ad\u0103ugat tata, cu acela\u0219i z\u00e2mbet fals.<\/p>\n\n\n\n<p>Am str\u00e2ns pumnii \u0219i i-am privit \u00een ochi.<\/p>\n\n\n\n<p>\u201eA\u021bi venit aici dup\u0103 at\u00e2\u021bia ani \u0219i nici m\u0103car nu m-a\u021bi \u00eentrebat de fra\u021bii mei? Crede\u021bi c\u0103 pute\u021bi ap\u0103rea pur \u0219i simplu \u0219i s\u0103 m\u0103 folosi\u021bi ca pe o plas\u0103 de siguran\u021b\u0103?\u201d<\/p>\n\n\n\n<p>Am urcat \u00een dormitor, am luat o bancnot\u0103 veche de zece dolari \u2014 singurul lucru pe care tata mi-l l\u0103sase \u00een urm\u0103 \u2014 \u0219i le-am \u00eentins-o.<\/p>\n\n\n\n<p>\u201eSper c\u0103 asta v\u0103 ajut\u0103, la fel cum m-a ajutat pe mine. Acum, v\u0103 rog s\u0103 pleca\u021bi \u0219i s\u0103 nu v\u0103 mai \u00eentoarce\u021bi niciodat\u0103.\u201d<\/p>\n\n\n\n<p>I-am privit plec\u00e2nd \u0219i, pentru prima dat\u0103 \u00een via\u021ba mea, m-am sim\u021bit liber\u0103.<\/p>\n\n\n\n<p>Trecutul nu m\u0103 mai \u021binea captiv\u0103. Viitorul era, \u00een sf\u00e2r\u0219it, al meu.<\/p>\n","protected":false},"excerpt":{"rendered":"<p>DISCLAIMER: Acest site este neutru din punct de vedere politic \u0219i nu sus\u021bine niciun partid sau ideologie politic\u0103. VIA\u021aA LUI TORI SE PR\u0102BU\u0218E\u0218TE COMPLET C\u00c2ND<\/p>\n","protected":false},"author":1,"featured_media":38649,"comment_status":"closed","ping_status":"closed","sticky":false,"template":"","format":"standard","meta":[],"categories":[1],"tags":[],"_links":{"self":[{"href":"http:\/\/calatorinromania.com\/index.php?rest_route=\/wp\/v2\/posts\/38658"}],"collection":[{"href":"http:\/\/calatorinromania.com\/index.php?rest_route=\/wp\/v2\/posts"}],"about":[{"href":"http:\/\/calatorinromania.com\/index.php?rest_route=\/wp\/v2\/types\/post"}],"author":[{"embeddable":true,"href":"http:\/\/calatorinromania.com\/index.php?rest_route=\/wp\/v2\/users\/1"}],"replies":[{"embeddable":true,"href":"http:\/\/calatorinromania.com\/index.php?rest_route=%2Fwp%2Fv2%2Fcomments&post=38658"}],"version-history":[{"count":1,"href":"http:\/\/calatorinromania.com\/index.php?rest_route=\/wp\/v2\/posts\/38658\/revisions"}],"predecessor-version":[{"id":38659,"href":"http:\/\/calatorinromania.com\/index.php?rest_route=\/wp\/v2\/posts\/38658\/revisions\/38659"}],"wp:featuredmedia":[{"embeddable":true,"href":"http:\/\/calatorinromania.com\/index.php?rest_route=\/wp\/v2\/media\/38649"}],"wp:attachment":[{"href":"http:\/\/calatorinromania.com\/index.php?rest_route=%2Fwp%2Fv2%2Fmedia&parent=38658"}],"wp:term":[{"taxonomy":"category","embeddable":true,"href":"http:\/\/calatorinromania.com\/index.php?rest_route=%2Fwp%2Fv2%2Fcategories&post=38658"},{"taxonomy":"post_tag","embeddable":true,"href":"http:\/\/calatorinromania.com\/index.php?rest_route=%2Fwp%2Fv2%2Ftags&post=38658"}],"curies":[{"name":"wp","href":"https:\/\/api.w.org\/{rel}","templated":true}]}}