{"id":38653,"date":"2025-04-23T06:27:50","date_gmt":"2025-04-23T06:27:50","guid":{"rendered":"https:\/\/calatorinromania.com\/?p=38653"},"modified":"2025-04-23T06:27:51","modified_gmt":"2025-04-23T06:27:51","slug":"au-trecut-13-ani-de-cand-mi-am-vazut-ultima-data-fiica","status":"publish","type":"post","link":"http:\/\/calatorinromania.com\/?p=38653","title":{"rendered":"Au Trecut 13 Ani De C\u00e2nd Mi-am V\u0103zut Ultima Dat\u0103 Fiica"},"content":{"rendered":"\n<h3>DISCLAIMER: Acest site este neutru din punct de vedere politic \u0219i nu sus\u021bine niciun partid sau ideologie politic\u0103.<\/h3>\n\n\n\n<p>Am stat nemi\u0219cat \u00een fotoliul meu, cu scrisoarea \u00een m\u00e2n\u0103, citind-o iar \u0219i iar. Cuvintele p\u0103reau s\u0103 pluteasc\u0103 pe h\u00e2rtie, aproape ireale. Un nepot. Aveam un nepot de 6 ani. Fiica mea Andreea avusese un copil, iar eu nu \u0219tiusem nimic.<\/p>\n\n\n\n<p>Dar ultima propozi\u021bie m\u0103 chinuia cel mai mult: \u201ee\u0219ti singura familie care mi-a mai r\u0103mas.\u201d Ce \u00eensemna asta?<\/p>\n\n\n\n<p>Scrisoarea continua cu o adres\u0103 \u0219i un num\u0103r de telefon al unei femei pe nume Cristina Tomescu, care se prezenta ca asistent\u0103 social\u0103. Sub acestea, scrisul copilului reap\u0103rea:<\/p>\n\n\n\n<p>\u201eTe rog, bunicule, vino s\u0103 m\u0103 vezi. Mi-e dor de tine, de\u0219i nu te-am \u00eent\u00e2lnit niciodat\u0103. Mama mi-a ar\u0103tat poze cu tine \u0219i mi-a spus c\u0103 e\u0219ti un om bun.\u201d<\/p>\n\n\n\n<p>Cu degetele \u00eenc\u0103 tremur\u00e2nde, am format num\u0103rul de telefon. Dup\u0103 c\u00e2teva apeluri, o voce feminin\u0103 a r\u0103spuns.<\/p>\n\n\n\n<p>\u201eCristina Tomescu, asisten\u021b\u0103 social\u0103.\u201d<\/p>\n\n\n\n<p>\u201eBun\u0103 ziua,\u201d am \u00eenceput eu, vocea fiindu-mi str\u0103in\u0103 chiar \u0219i mie. \u201eSunt \u0218tefan Munteanu. Tocmai am primit o scrisoare de la\u2026 de la nepotul meu, Adam.\u201d<\/p>\n\n\n\n<p>O pauz\u0103 scurt\u0103. \u201eDomnul Munteanu, m\u0103 bucur foarte mult c\u0103 a\u021bi sunat. Da, Adam este \u00eentr-adev\u0103r nepotul dumneavoastr\u0103. Mi-a cerut s\u0103 v\u0103 ajut s\u0103-l g\u0103seasc\u0103.\u201d<\/p>\n\n\n\n<p>\u201eCe s-a \u00eent\u00e2mplat? Unde e Andreea? Ce a vrut s\u0103 spun\u0103 c\u0103 sunt singura lui familie?\u201d<\/p>\n\n\n\n<p>Un oftat greu s-a auzit la cel\u0103lalt cap\u0103t al firului. \u201eDomnule Munteanu, \u00eemi pare foarte r\u0103u s\u0103 v\u0103 spun c\u0103 fiica dumneavoastr\u0103, Andreea, a decedat acum trei luni \u00eentr-un accident de ma\u0219in\u0103. So\u021bul ei a murit \u00een acela\u0219i accident.\u201d<\/p>\n\n\n\n<p>Lumea s-a \u00eenv\u00e2rtit \u00een jurul meu. M-am sprijinit de perete, sim\u021bind cum podeaua se \u00eenclin\u0103. Andreea, feti\u021ba mea, moart\u0103? F\u0103r\u0103 s\u0103 apuc s\u0103 o mai v\u0103d vreodat\u0103, f\u0103r\u0103 s\u0103-mi spun\u0103 la revedere?<\/p>\n\n\n\n<p>\u201eAdam a fost luat \u00een grija statului,\u201d a continuat doamna Tomescu, vocea ei bl\u00e2nd\u0103 dar profesional\u0103. \u201e\u00cen procesul de c\u0103utare a rudelor, numele dumneavoastr\u0103 a ap\u0103rut \u00een certificatul de na\u0219tere al Andreei. Adam a fost foarte insistent s\u0103 v\u0103 g\u0103sim.\u201d<\/p>\n\n\n\n<p>Au urmat zile de documente, \u00eent\u00e2lniri, evalu\u0103ri. Nu \u0219tiam aproape nimic despre a fi p\u0103rinte unui copil de 6 ani, dar \u0219tiam c\u0103 nu puteam s\u0103-l las pe Adam s\u0103 creasc\u0103 f\u0103r\u0103 familie, a\u0219a cum crescuse \u0219i Andreea \u00een ultima parte a vie\u021bii ei.<\/p>\n\n\n\n<p>Prima noastr\u0103 \u00eent\u00e2lnire a fost \u00een biroul asistentei sociale. C\u00e2nd u\u0219a s-a deschis, am v\u0103zut un b\u0103ie\u021bel cu p\u0103rul blond \u0219i ochi alba\u0219tri, exact ca ai Andreei c\u00e2nd era mic\u0103. M-a privit pentru o clip\u0103, apoi a alergat direct spre mine, arunc\u00e2ndu-se \u00een bra\u021bele mele ca \u0219i cum m-ar fi cunoscut toat\u0103 via\u021ba.<\/p>\n\n\n\n<p>\u201eBunicule!\u201d a strigat el, \u00eembr\u0103\u021bi\u0219\u00e2ndu-m\u0103 str\u00e2ns.<\/p>\n\n\n\n<p>L-am str\u00e2ns la piept, sim\u021bind lacrimile \u0219iroindu-mi pe fa\u021b\u0103. \u00cen acel moment, am \u0219tiut c\u0103 via\u021ba mea tocmai primise un nou scop.<\/p>\n\n\n\n<p>\u201eMama mi-a spus c\u0103 e\u0219ti un bunic minunat,\u201d mi-a \u0219optit el la ureche. \u201eA spus c\u0103 \u00eentr-o zi o s\u0103 vii s\u0103 m\u0103 iei acas\u0103.\u201d<\/p>\n\n\n\n<p>Inima mi s-a str\u00e2ns. Andreea nu m\u0103 uitase. Undeva, \u00een sufletul ei, m\u0103 iertase \u0219i \u00eei vorbise fiului ei despre mine.<\/p>\n\n\n\n<p>\u0218ase luni mai t\u00e2rziu, Adam se muta oficial \u00een casa mea, acum plin\u0103 de juc\u0103rii, c\u0103r\u021bi colorate \u0219i desenele lui lipite pe frigider. \u00cenc\u0103perea goal\u0103 care fusese odat\u0103 camera Andreei devenise acum camera lui, pictat\u0103 \u00een albastru cu stele pe tavan.<\/p>\n\n\n\n<p>Uneori, noaptea, dup\u0103 ce Adam adoarme, stau la marginea patului s\u0103u \u0219i m\u0103 uit la el, v\u0103z\u00e2nd ecouri ale fiicei mele \u00een fiecare tr\u0103s\u0103tur\u0103 a fe\u021bei sale. \u0218i de\u0219i durerea pierderii Andreei nu va disp\u0103rea niciodat\u0103, \u00een Adam am g\u0103sit nu doar o a doua \u0219ans\u0103, ci \u0219i o parte din fiica mea care va tr\u0103i mereu.<\/p>\n\n\n\n<p>\u00centr-o sear\u0103, \u00een timp ce \u00eei citeam o poveste, Adam m-a \u00eentrerupt brusc:<\/p>\n\n\n\n<p>\u201eBunicule, crezi c\u0103 mama ne poate vedea de acolo de unde e ea?\u201d<\/p>\n\n\n\n<p>Am z\u00e2mbit prin lacrimi. \u201eSunt sigur c\u0103 da, Adam. \u0218i cred c\u0103 e foarte fericit\u0103 c\u0103 suntem \u00eempreun\u0103.\u201d<\/p>\n\n\n\n<p>El a dat din cap mul\u021bumit \u0219i a adormit \u021bin\u00e2ndu-m\u0103 de m\u00e2n\u0103. Iar eu am r\u0103mas acolo, veghind somnul nepotului meu, recunosc\u0103tor pentru aceast\u0103 \u0219ans\u0103 nea\u0219teptat\u0103 de a iubi din nou.<\/p>\n\n\n\n<p>Dac\u0103 \u021bi-a pl\u0103cut povestea, nu uita s\u0103 o distribui cu prietenii t\u0103i! \u00cempreun\u0103 putem duce mai departe emo\u021bia \u0219i inspira\u021bia.<\/p>\n","protected":false},"excerpt":{"rendered":"<p>DISCLAIMER: Acest site este neutru din punct de vedere politic \u0219i nu sus\u021bine niciun partid sau ideologie politic\u0103. Am stat nemi\u0219cat \u00een fotoliul meu, cu<\/p>\n","protected":false},"author":1,"featured_media":38467,"comment_status":"closed","ping_status":"closed","sticky":false,"template":"","format":"standard","meta":[],"categories":[1],"tags":[],"_links":{"self":[{"href":"http:\/\/calatorinromania.com\/index.php?rest_route=\/wp\/v2\/posts\/38653"}],"collection":[{"href":"http:\/\/calatorinromania.com\/index.php?rest_route=\/wp\/v2\/posts"}],"about":[{"href":"http:\/\/calatorinromania.com\/index.php?rest_route=\/wp\/v2\/types\/post"}],"author":[{"embeddable":true,"href":"http:\/\/calatorinromania.com\/index.php?rest_route=\/wp\/v2\/users\/1"}],"replies":[{"embeddable":true,"href":"http:\/\/calatorinromania.com\/index.php?rest_route=%2Fwp%2Fv2%2Fcomments&post=38653"}],"version-history":[{"count":1,"href":"http:\/\/calatorinromania.com\/index.php?rest_route=\/wp\/v2\/posts\/38653\/revisions"}],"predecessor-version":[{"id":38654,"href":"http:\/\/calatorinromania.com\/index.php?rest_route=\/wp\/v2\/posts\/38653\/revisions\/38654"}],"wp:featuredmedia":[{"embeddable":true,"href":"http:\/\/calatorinromania.com\/index.php?rest_route=\/wp\/v2\/media\/38467"}],"wp:attachment":[{"href":"http:\/\/calatorinromania.com\/index.php?rest_route=%2Fwp%2Fv2%2Fmedia&parent=38653"}],"wp:term":[{"taxonomy":"category","embeddable":true,"href":"http:\/\/calatorinromania.com\/index.php?rest_route=%2Fwp%2Fv2%2Fcategories&post=38653"},{"taxonomy":"post_tag","embeddable":true,"href":"http:\/\/calatorinromania.com\/index.php?rest_route=%2Fwp%2Fv2%2Ftags&post=38653"}],"curies":[{"name":"wp","href":"https:\/\/api.w.org\/{rel}","templated":true}]}}