{"id":38644,"date":"2025-04-23T06:17:24","date_gmt":"2025-04-23T06:17:24","guid":{"rendered":"https:\/\/calatorinromania.com\/?p=38644"},"modified":"2025-04-23T06:17:24","modified_gmt":"2025-04-23T06:17:24","slug":"papa-francisc-o-iubire-din-tinerete-care-i-a-marcat-viata-cine-este-femeia-de-care-s-a-indragostit-profund-inainte-de-a-alege-drumul-preotiei","status":"publish","type":"post","link":"http:\/\/calatorinromania.com\/?p=38644","title":{"rendered":"Papa Francisc o iubire din tinere\u021be care i-a marcat via\u021ba. Cine este femeia de care s-a \u00eendr\u0103gostit profund \u00eenainte de a alege drumul preo\u021biei"},"content":{"rendered":"\n<h3>DISCLAIMER: Acest site este neutru din punct de vedere politic \u0219i nu sus\u021bine niciun partid sau ideologie politic\u0103.<\/h3>\n\n\n\n<p>O iubire adolescentin\u0103 care a schimbat destinul Bisericii: Povestea necunoscut\u0103 a Papei Francisc \u0219i promisiunea care l-a condus spre preo\u021bie<\/p>\n\n\n\n<p>\u00cenainte de a deveni cel mai iubit Suveran Pontif al timpurilor moderne, Papa Francisc \u2013 pe numele s\u0103u real Jorge Mario Bergoglio \u2013 a cunoscut o iubire profund\u0103 \u00een adolescen\u021b\u0103, care avea s\u0103-i influen\u021beze radical destinul. De\u0219i ast\u0103zi lumea \u00eel cunoa\u0219te drept un simbol al modestiei, compasiunii \u0219i devotamentului religios, pu\u021bini \u0219tiu c\u0103 o inim\u0103 fr\u00e2nt\u0103 i-a schimbat via\u021ba pentru totdeauna.<\/p>\n\n\n\n<p>Amalia Damonte \u2013 fata care i-a furat inima t\u00e2n\u0103rului Jorge<\/p>\n\n\n\n<p>Pe vremea c\u00e2nd era doar un adolescent din Buenos Aires, Jorge tr\u0103ia cu intensitate toate emo\u021biile v\u00e2rstei \u2013 printre ele, \u0219i prima iubire. Se \u00eendr\u0103gostise nebune\u0219te de Amalia Damonte, o vecin\u0103 de cartier care i-a cucerit sufletul. Era o iubire sincer\u0103, pasional\u0103, tipic\u0103 v\u00e2rstei, dar care \u00een cazul lui Jorge avea s\u0103 lase o amprent\u0103 ad\u00e2nc\u0103.<\/p>\n\n\n\n<p>\u00centr-un moment de curaj, Jorge i-a f\u0103cut Amaliei o promisiune nea\u0219teptat\u0103:<\/p>\n\n\n\n<p>\u201eMi-a spus c\u0103, dac\u0103 \u00eel refuz, se va face preot,\u201d a povestit Amalia, ani mai t\u00e2rziu, \u00een 2013, c\u00e2nd fostul ei iubit din adolescen\u021b\u0103 ajunsese Papa Francisc.<\/p>\n\n\n\n<p>T\u00e2n\u0103ra l-a refuzat, consider\u00e2nd probabil c\u0103 era doar o pasiune trec\u0103toare. Dar pentru Jorge, acel \u201enu\u201d a fost declan\u0219atorul unui destin sacru. A luat cuvintele rostite \u00een serios \u0219i, la scurt timp, a \u00eenceput s\u0103-\u0219i canalizeze \u00eentreaga energie \u0219i tr\u0103ire interioar\u0103 spre credin\u021b\u0103.<\/p>\n\n\n\n<p>\u201eDin fericire pentru el, i-am spus nu\u201d, a spus Amalia cu z\u00e2mbet \u0219i uimire, con\u0219tient\u0103 c\u0103 acel refuz a fost, f\u0103r\u0103 s\u0103 \u0219tie, punctul de pornire al unei chem\u0103ri divine.<\/p>\n\n\n\n<p>O promisiune onorat\u0103 printr-o via\u021b\u0103 de slujire<\/p>\n\n\n\n<p>Ceea ce la \u00eenceput p\u0103rea doar un gest impulsiv al unui adolescent dezam\u0103git \u00een dragoste s-a transformat, \u00een timp, \u00eentr-o chemare autentic\u0103. Jorge Bergoglio a p\u0103\u0219it cu hot\u0103r\u00e2re pe drumul voca\u021biei religioase, intr\u00e2nd \u00een r\u00e2ndul iezui\u021bilor \u0219i urc\u00e2nd treptat toate treptele slujirii, p\u00e2n\u0103 la cel mai \u00eenalt rang: Pontiful de la Vatican.<\/p>\n\n\n\n<p>Papa Francisc a fost, f\u0103r\u0103 \u00eendoial\u0103, unul dintre cei mai iubi\u021bi lideri spirituali ai lumii moderne \u2013 un pap\u0103 al oamenilor simpli, al celor marginaliza\u021bi, un simbol al speran\u021bei \u0219i al schimb\u0103rii.<\/p>\n\n\n\n<p>Un final p\u0103m\u00e2ntesc, o \u00eentoarcere \u00een Lumin\u0103<\/p>\n\n\n\n<p>\u00centr-o veste care a cutremurat lumea catolic\u0103, Vaticanul a anun\u021bat c\u0103 Papa Francisc a murit \u00een a doua zi de Pa\u0219te, la v\u00e2rsta de 88 de ani, dup\u0103 o lung\u0103 perioad\u0103 de suferin\u021b\u0103. Fusese externat din spital cu pu\u021bin timp \u00eenainte, dar trupul s\u0103u sl\u0103bit nu a mai rezistat.<\/p>\n\n\n\n<p>\u201eLa ora 7:35 \u00een aceast\u0103 diminea\u021b\u0103, Episcopul Romei, Francisc, s-a \u00eentors la casa Tat\u0103lui,\u201d a transmis Vaticanul \u00eentr-un comunicat oficial.<\/p>\n\n\n\n<p>Cardinalul Kevin Ferrell a ad\u0103ugat: \u201e\u00centreaga sa via\u021b\u0103 a fost dedicat\u0103 slujirii Domnului \u0219i a Bisericii Sale.\u201d<\/p>\n\n\n\n<p>O poveste de iubire care a marcat Biserica<\/p>\n\n\n\n<p>Povestea adolescentin\u0103 a Papei Francisc cu Amalia Damonte nu este doar un episod sentimental, ci un moment definitoriu \u00een biografia sa. Este dovada c\u0103 fiecare alegere, fiecare emo\u021bie \u0219i fiecare experien\u021b\u0103 pot contura destinul unui om, chiar \u0219i c\u00e2nd acesta pare sortit unei cu totul alte direc\u021bii.<\/p>\n\n\n\n<p>Dintr-o iubire ne\u00eemp\u0103rt\u0103\u0219it\u0103 s-a n\u0103scut un drum de credin\u021b\u0103, iar dintr-o promisiune adolescentin\u0103 s-a n\u0103scut unul dintre cei mai respecta\u021bi \u0219i empatici Suverani Pontifi ai epocii moderne. Papa Francisc nu a fost doar un lider religios, ci \u0219i un om cu un trecut, cu sentimente \u0219i cu alegeri umane, care l-au condus c\u0103tre o misiune divin\u0103.<\/p>\n","protected":false},"excerpt":{"rendered":"<p>DISCLAIMER: Acest site este neutru din punct de vedere politic \u0219i nu sus\u021bine niciun partid sau ideologie politic\u0103. O iubire adolescentin\u0103 care a schimbat destinul<\/p>\n","protected":false},"author":1,"featured_media":38467,"comment_status":"closed","ping_status":"closed","sticky":false,"template":"","format":"standard","meta":[],"categories":[1],"tags":[],"_links":{"self":[{"href":"http:\/\/calatorinromania.com\/index.php?rest_route=\/wp\/v2\/posts\/38644"}],"collection":[{"href":"http:\/\/calatorinromania.com\/index.php?rest_route=\/wp\/v2\/posts"}],"about":[{"href":"http:\/\/calatorinromania.com\/index.php?rest_route=\/wp\/v2\/types\/post"}],"author":[{"embeddable":true,"href":"http:\/\/calatorinromania.com\/index.php?rest_route=\/wp\/v2\/users\/1"}],"replies":[{"embeddable":true,"href":"http:\/\/calatorinromania.com\/index.php?rest_route=%2Fwp%2Fv2%2Fcomments&post=38644"}],"version-history":[{"count":1,"href":"http:\/\/calatorinromania.com\/index.php?rest_route=\/wp\/v2\/posts\/38644\/revisions"}],"predecessor-version":[{"id":38645,"href":"http:\/\/calatorinromania.com\/index.php?rest_route=\/wp\/v2\/posts\/38644\/revisions\/38645"}],"wp:featuredmedia":[{"embeddable":true,"href":"http:\/\/calatorinromania.com\/index.php?rest_route=\/wp\/v2\/media\/38467"}],"wp:attachment":[{"href":"http:\/\/calatorinromania.com\/index.php?rest_route=%2Fwp%2Fv2%2Fmedia&parent=38644"}],"wp:term":[{"taxonomy":"category","embeddable":true,"href":"http:\/\/calatorinromania.com\/index.php?rest_route=%2Fwp%2Fv2%2Fcategories&post=38644"},{"taxonomy":"post_tag","embeddable":true,"href":"http:\/\/calatorinromania.com\/index.php?rest_route=%2Fwp%2Fv2%2Ftags&post=38644"}],"curies":[{"name":"wp","href":"https:\/\/api.w.org\/{rel}","templated":true}]}}