{"id":38642,"date":"2025-04-23T06:14:04","date_gmt":"2025-04-23T06:14:04","guid":{"rendered":"https:\/\/calatorinromania.com\/?p=38642"},"modified":"2025-04-23T06:14:04","modified_gmt":"2025-04-23T06:14:04","slug":"am-divortat-din-cauza-mamei-lui-dupa-ce-ea-a-murit-a-inceput-sa-ma-caute-tot-mai-des-vrea-sa-reluam-povestea","status":"publish","type":"post","link":"http:\/\/calatorinromania.com\/?p=38642","title":{"rendered":"Am divor\u0163at din cauza mamei lui. Dup\u0103 ce ea a murit, a \u00eenceput s\u0103 m\u0103 caute tot mai des, vrea s\u0103 relu\u0103m povestea"},"content":{"rendered":"\n<p>Numele meu este Maria, am 44 de ani \u0219i m\u0103 confrunt cu o dilem\u0103 complex\u0103 legat\u0103 de via\u021ba mea sentimental\u0103. Am fost c\u0103s\u0103torit\u0103 timp de 10 ani, dar c\u0103snicia noastr\u0103 nu s-a destr\u0103mat din cauza unor probleme \u00eentre mine \u0219i so\u021bul meu, ci din cauza interven\u021biilor constante ale soacrei mele, care nu m-a acceptat niciodat\u0103.<\/p>\n\n\n\n<p>Pe parcursul c\u0103s\u0103toriei, soacra mea nu a pierdut nicio oportunitate s\u0103 semene discordie \u00eentre noi, critic\u00e2ndu-m\u0103 c\u0103 nu sunt suficient de bun\u0103 pentru fiul ei, c\u0103 nu pot avea copii, \u0219i nici m\u0103car nu a\u0219 fi o gospodin\u0103 competent\u0103. Aceste atacuri constante au dus la tensiuni cresc\u00e2nde \u00eentre mine \u0219i so\u021bul meu, care, influen\u021bat de mama lui, a \u00eenceput s\u0103 cread\u0103 aceste critici. \u00cen cele din urm\u0103, am decis s\u0103 divor\u021b\u0103m deoarece rela\u021bia noastr\u0103 devenise nesustenabil\u0103.<\/p>\n\n\n\n<p>Dup\u0103 divor\u021b, am avut o alt\u0103 rela\u021bie care nu a durat mult, iar de atunci sunt singur\u0103. So\u021bul meu \u0219i cu mine nu am mai avut contact p\u00e2n\u0103 recent, c\u00e2nd m-a sunat pentru a-mi spune c\u0103 mama lui a decedat \u0219i m-a invitat la \u00eenmorm\u00e2ntare. De\u0219i reticent\u0103, am participat la funeralii.<\/p>\n\n\n\n<p>De atunci, el a \u00eenceput s\u0103 m\u0103 caute din nou, d\u00e2ndu-mi semne c\u0103 ar dori s\u0103 re\u00eencepem rela\u021bia. De\u0219i \u00eenc\u0103 mai simt ceva pentru el, sunt \u00eengrijorat\u0103 de faptul c\u0103 s-a l\u0103sat influen\u021bat at\u00e2t de u\u0219or \u00een trecut. Nu sunt sigur\u0103 dac\u0103 pot avea \u00eencredere \u00een el din nou sau dac\u0103 ar trebui s\u0103-mi redeschid inima.<\/p>\n\n\n\n<p>\u00cen acest moment, sunt confuz\u0103 \u0219i nu \u0219tiu cum s\u0103 procedez. Ai putea s\u0103 m\u0103 aju\u021bi s\u0103 g\u0103sesc o cale s\u0103 iau cea mai bun\u0103 decizie pentru mine?<\/p>\n","protected":false},"excerpt":{"rendered":"<p>Numele meu este Maria, am 44 de ani \u0219i m\u0103 confrunt cu o dilem\u0103 complex\u0103 legat\u0103 de via\u021ba mea sentimental\u0103. Am fost c\u0103s\u0103torit\u0103 timp de<\/p>\n","protected":false},"author":1,"featured_media":38467,"comment_status":"closed","ping_status":"closed","sticky":false,"template":"","format":"standard","meta":[],"categories":[1],"tags":[],"_links":{"self":[{"href":"http:\/\/calatorinromania.com\/index.php?rest_route=\/wp\/v2\/posts\/38642"}],"collection":[{"href":"http:\/\/calatorinromania.com\/index.php?rest_route=\/wp\/v2\/posts"}],"about":[{"href":"http:\/\/calatorinromania.com\/index.php?rest_route=\/wp\/v2\/types\/post"}],"author":[{"embeddable":true,"href":"http:\/\/calatorinromania.com\/index.php?rest_route=\/wp\/v2\/users\/1"}],"replies":[{"embeddable":true,"href":"http:\/\/calatorinromania.com\/index.php?rest_route=%2Fwp%2Fv2%2Fcomments&post=38642"}],"version-history":[{"count":1,"href":"http:\/\/calatorinromania.com\/index.php?rest_route=\/wp\/v2\/posts\/38642\/revisions"}],"predecessor-version":[{"id":38643,"href":"http:\/\/calatorinromania.com\/index.php?rest_route=\/wp\/v2\/posts\/38642\/revisions\/38643"}],"wp:featuredmedia":[{"embeddable":true,"href":"http:\/\/calatorinromania.com\/index.php?rest_route=\/wp\/v2\/media\/38467"}],"wp:attachment":[{"href":"http:\/\/calatorinromania.com\/index.php?rest_route=%2Fwp%2Fv2%2Fmedia&parent=38642"}],"wp:term":[{"taxonomy":"category","embeddable":true,"href":"http:\/\/calatorinromania.com\/index.php?rest_route=%2Fwp%2Fv2%2Fcategories&post=38642"},{"taxonomy":"post_tag","embeddable":true,"href":"http:\/\/calatorinromania.com\/index.php?rest_route=%2Fwp%2Fv2%2Ftags&post=38642"}],"curies":[{"name":"wp","href":"https:\/\/api.w.org\/{rel}","templated":true}]}}