{"id":38637,"date":"2025-04-23T06:10:54","date_gmt":"2025-04-23T06:10:54","guid":{"rendered":"https:\/\/calatorinromania.com\/?p=38637"},"modified":"2025-04-23T06:10:54","modified_gmt":"2025-04-23T06:10:54","slug":"el-avea-incredere-in-noi-era-o-fiinta-vie-nu-un-gunoi","status":"publish","type":"post","link":"http:\/\/calatorinromania.com\/?p=38637","title":{"rendered":"El avea \u00eencredere \u00een noi! Era o fiin\u021b\u0103 vie, nu un gunoi!"},"content":{"rendered":"\n<p>&#8230;El avea \u00eencredere \u00een noi! Era o fiin\u021b\u0103 vie, nu un gunoi!<\/p>\n\n\n\n<p>Am ie\u0219it din apartament f\u0103r\u0103 s\u0103 simt frigul sau ghea\u021ba sub picioare. Doar un singur g\u00e2nd \u00eemi bubuia \u00een cap: e singur. Pe undeva. Acum. \u00cen \u00eentuneric.<br>Am luat la r\u00e2nd cur\u021bile din apropiere, m-am uitat dup\u0103 tomberoane, sub b\u0103nci, prin ganguri. L-am strigat. Am \u0219optit. Am \u021bipat.<br>Nimeni nu r\u0103spundea. Doar v\u00e2ntul rupea cuvintele de pe buze \u0219i z\u0103pada scr\u00e2\u0219nea sub pa\u0219i.<\/p>\n\n\n\n<p>Trecuser\u0103 dou\u0103 ore. Apoi trei. M\u00e2inile \u00eenghe\u021bate, picioarele ude p\u00e2n\u0103 la os. Dar nu puteam merge acas\u0103.<br>\u0218i dac\u0103 \u00eenghea\u021b\u0103? Dac\u0103-l calc\u0103 o ma\u0219in\u0103? Dac\u0103&#8230;<\/p>\n\n\n\n<p>\u0218i atunci \u2014 \u00eentre garaje, l\u00e2ng\u0103 gard \u2014 am z\u0103rit o siluet\u0103. Mic\u0103, tremur\u00e2nd\u0103. Z\u0103cea ghemuit, doar urechile i s-au mi\u0219cat c\u00e2nd m-am apropiat.<\/p>\n\n\n\n<p>\u2014 Puiule\u2026 \u2014 am \u0219optit. \u2014 Iart\u0103-m\u0103. Iart\u0103-m\u0103&#8230;<\/p>\n\n\n\n<p>M-a privit. M-a recunoscut. Nu a l\u0103trat, nu s-a mi\u0219cat. Doar s-a \u00eentins \u2014 abia-abia \u2014 spre palma mea. \u0218i atunci am izbucnit \u00een pl\u00e2ns. Pentru prima oar\u0103 dup\u0103 mul\u021bi ani \u2014 cu adev\u0103rat, cu durere \u00een g\u00e2t, ca un copil.<\/p>\n\n\n\n<p>L-am \u00eenf\u0103\u0219urat \u00een fular, l-am str\u00e2ns la piept \u0219i am fugit. Unde \u2014 nu \u0219tiam. Acas\u0103 nu se putea. La veterinar? La ad\u0103post?<br>Apoi mi-am amintit: prietenul meu vechi, Leha, are o cas\u0103 la marginea ora\u0219ului. Trei copii, dou\u0103 pisici, ve\u0219nic\u0103 dezordine. I-am sunat, g\u00e2f\u00e2ind:<\/p>\n\n\n\n<p>\u2014 Leha\u2026 Am un c\u0103\u021bel. \u00cei e frig. Pot s\u0103 vin la tine?<\/p>\n\n\n\n<p>Nici nu a \u00eentrebat de unde. Doar a zis:<\/p>\n\n\n\n<p>\u2014 Adu-l.<\/p>\n\n\n\n<p>A\u0219a a ajuns c\u0103\u021belul la Leha. I-au pus numele Muhtar.<br>Dup\u0103 o s\u0103pt\u0103m\u00e2n\u0103 alerga deja prin curte, prindea fulgi \u0219i m\u00e2nca \u0219osete. Copiii \u00eel adorau. So\u021bia lui Leha r\u00e2dea:<\/p>\n\n\n\n<p>\u2014 \u00cenc\u0103 un b\u0103iat \u00een cas\u0103.<\/p>\n\n\n\n<p>Iar eu\u2026 \u00cei vizitam. Le aduceam m\u00e2ncare, juc\u0103rii. Muhtar m\u0103 recuno\u0219tea de fiecare dat\u0103, s\u0103rea, \u00eemi lingea m\u00e2inile. \u0218i de fiecare dat\u0103, \u00een g\u00e2nd, \u00eei ceream iertare. \u0218i \u00eei mul\u021bumeam.<\/p>\n\n\n\n<p>Iar acas\u0103\u2026 Acas\u0103 era greu. So\u021bia nu a vorbit cu mama ei o s\u0103pt\u0103m\u00e2n\u0103. Soacra umbla ca o regin\u0103 jignit\u0103. Nimeni nu \u021bipa. Doar t\u0103cere. Grea.<\/p>\n\n\n\n<p>Apoi, \u00eentr-o zi, s-a apropiat de mine cu o cea\u0219c\u0103 de ceai \u0219i a spus:<\/p>\n\n\n\n<p>\u2014 Ei, cum e? Tr\u0103ie\u0219te?<\/p>\n\n\n\n<p>Aproape c\u0103 m-am \u00eenecat. Dar am dat din cap.<\/p>\n\n\n\n<p>\u2014 La Leha. E bine. S-a acomodat. Copiii \u00eel poart\u0103 \u00een bra\u021be.<\/p>\n\n\n\n<p>Soacra a privit spre fereastr\u0103. A t\u0103cut. Apoi \u2014 pentru prima dat\u0103 \u2014 \u00eencet:<\/p>\n\n\n\n<p>\u2014 M-am\u2026 speriat. C\u0103 lucrurile vor ie\u0219i din control. C\u0103 iar vor fi murd\u0103rie, miros, g\u0103l\u0103gie. Sunt obi\u0219nuit\u0103 cu ordine. Cu control.<br>\u0218i el\u2026 st\u0103tea la mine \u00een poal\u0103, c\u00e2t timp c\u0103utam unde s\u0103-l duc. Respira. Se \u00eenc\u0103lzea. \u0218i\u2026 chiar l-am m\u00e2ng\u00e2iat.<br>Pentru prima dat\u0103 dup\u0103 mul\u021bi ani cineva s-a lipit a\u0219a de mine. Nu din obliga\u021bie. Din nevoie. Din \u00eencredere.<\/p>\n\n\n\n<p>N-am \u0219tiut ce s\u0103 spun.<\/p>\n\n\n\n<p>\u2014 Iart\u0103-m\u0103, \u2014 a ad\u0103ugat \u0219i a ie\u0219it din buc\u0103t\u0103rie.<\/p>\n\n\n\n<p>Au trecut \u0219ase luni.<\/p>\n\n\n\n<p>Prim\u0103vara, am mers cu so\u021bia la Leha \u00een vizit\u0103. Cu daruri \u2014 hran\u0103, les\u0103, o minge. Soacra a refuzat s\u0103 vin\u0103, dar a \u00eentrebat:<\/p>\n\n\n\n<p>\u2014 E cald acolo? Poate s\u0103 le dau p\u0103tura aia veche?<\/p>\n\n\n\n<p>Sofa, fiica cea mic\u0103 a lui Leha, s-a ag\u0103\u021bat imediat de noi:<\/p>\n\n\n\n<p>\u2014 Nene, el e acum AL NOSTRU, dar totu\u0219i \u00eel \u00eemp\u0103r\u021bim cu voi, da? E pu\u021bin \u0219i al vostru?<\/p>\n\n\n\n<p>\u2014 Pu\u021bin, \u2014 am dat din cap \u0219i m-am a\u0219ezat l\u00e2ng\u0103 Muhtar.<\/p>\n\n\n\n<p>Imediat \u0219i-a lipit nasul de genunchii mei, a dat din coad\u0103 \u0219i apoi s-a \u00eentins, cum f\u0103cea mereu \u2014 cu botul pe ghetele mele.<\/p>\n\n\n\n<p>\u0218i atunci am \u00een\u021beles:<br>Uneori, ca s\u0103 fie bine, lucrurile chiar trebuie s\u0103 ias\u0103 din plan. Chiar dac\u0103 doare. Chiar dac\u0103 e \u00eenfrico\u0219\u0103tor.<br>Pentru c\u0103 inima \u2014 nu e o debara. Nu po\u021bi ascunde iubirea acolo. Trebuie s\u0103 o sco\u021bi la plimbare. S\u0103 o \u00eenc\u0103lze\u0219ti. \u0218i s\u0103 o la\u0219i liber\u0103.<br>Iar dac\u0103 ai noroc \u2014 se va \u00eentoarce. Cu coad\u0103 \u0219i un nas umed.<\/p>\n","protected":false},"excerpt":{"rendered":"<p>&#8230;El avea \u00eencredere \u00een noi! Era o fiin\u021b\u0103 vie, nu un gunoi! Am ie\u0219it din apartament f\u0103r\u0103 s\u0103 simt frigul sau ghea\u021ba sub picioare. Doar<\/p>\n","protected":false},"author":1,"featured_media":38467,"comment_status":"closed","ping_status":"closed","sticky":false,"template":"","format":"standard","meta":[],"categories":[1],"tags":[],"_links":{"self":[{"href":"http:\/\/calatorinromania.com\/index.php?rest_route=\/wp\/v2\/posts\/38637"}],"collection":[{"href":"http:\/\/calatorinromania.com\/index.php?rest_route=\/wp\/v2\/posts"}],"about":[{"href":"http:\/\/calatorinromania.com\/index.php?rest_route=\/wp\/v2\/types\/post"}],"author":[{"embeddable":true,"href":"http:\/\/calatorinromania.com\/index.php?rest_route=\/wp\/v2\/users\/1"}],"replies":[{"embeddable":true,"href":"http:\/\/calatorinromania.com\/index.php?rest_route=%2Fwp%2Fv2%2Fcomments&post=38637"}],"version-history":[{"count":1,"href":"http:\/\/calatorinromania.com\/index.php?rest_route=\/wp\/v2\/posts\/38637\/revisions"}],"predecessor-version":[{"id":38638,"href":"http:\/\/calatorinromania.com\/index.php?rest_route=\/wp\/v2\/posts\/38637\/revisions\/38638"}],"wp:featuredmedia":[{"embeddable":true,"href":"http:\/\/calatorinromania.com\/index.php?rest_route=\/wp\/v2\/media\/38467"}],"wp:attachment":[{"href":"http:\/\/calatorinromania.com\/index.php?rest_route=%2Fwp%2Fv2%2Fmedia&parent=38637"}],"wp:term":[{"taxonomy":"category","embeddable":true,"href":"http:\/\/calatorinromania.com\/index.php?rest_route=%2Fwp%2Fv2%2Fcategories&post=38637"},{"taxonomy":"post_tag","embeddable":true,"href":"http:\/\/calatorinromania.com\/index.php?rest_route=%2Fwp%2Fv2%2Ftags&post=38637"}],"curies":[{"name":"wp","href":"https:\/\/api.w.org\/{rel}","templated":true}]}}