{"id":38635,"date":"2025-04-23T06:07:14","date_gmt":"2025-04-23T06:07:14","guid":{"rendered":"https:\/\/calatorinromania.com\/?p=38635"},"modified":"2025-04-23T06:07:15","modified_gmt":"2025-04-23T06:07:15","slug":"anna-se-aseza-in-genunchi-si-privi-neincrezatoare-gravura-aproape-stearsa","status":"publish","type":"post","link":"http:\/\/calatorinromania.com\/?p=38635","title":{"rendered":"Anna se a\u0219ez\u0103 \u00een genunchi \u0219i privi ne\u00eencrez\u0103toare gravura aproape \u0219tears\u0103"},"content":{"rendered":"\n<p>Anna se a\u0219ez\u0103 \u00een genunchi \u0219i privi ne\u00eencrez\u0103toare gravura aproape \u0219tears\u0103&#8230;<\/p>\n\n\n\n<p>\u201eARTHUR. Fam. Duval. 34, rue des Tilleuls.\u201d<\/p>\n\n\n\n<p>Inima i se str\u00e2nse. Nu de fric\u0103, ci din acel sentiment ciudat care apare atunci c\u00e2nd trecutul, pe care \u00eel credeai \u00eengropat, st\u0103 brusc \u00een fa\u021ba ta \u2014 ud, obosit, dar viu.<\/p>\n\n\n\n<p>\u2014 Thomas\u2026 \u2014 vocea ei era abia o \u0219oapt\u0103. \u2014 Nu poate fi el\u2026 \u0218i totu\u0219i\u2026<\/p>\n\n\n\n<p>\u2014 \u0218tiu c\u0103 este. Uit\u0103-te \u00een ochii lui. Privirea&#8230; Nu ai cum s-o ui\u021bi.<\/p>\n\n\n\n<p>Anna nu mai spuse nimic. Se ridic\u0103 \u0219i fugi dup\u0103 ce era nevoie. \u00cen c\u00e2teva minute, baia se transform\u0103 \u00eentr-o clinic\u0103 veterinar\u0103 improvizat\u0103. Thomas \u00eei usca blana, \u00eei m\u00e2ng\u00e2ia urechile ude, Anna aducea prosoape calde, plasturi, geluri cu vitamine, chiar \u0219i resturi din trusa medical\u0103 a copilului.<\/p>\n\n\n\n<p>\u2014 Leo! \u2014 strig\u0103 Thomas. \u2014 Vino aici, puiule!<\/p>\n\n\n\n<p>B\u0103ie\u021belul privi cu team\u0103 pe u\u0219\u0103.<\/p>\n\n\n\n<p>\u2014 C\u00e2inele \u0103sta&#8230; e foarte b\u0103tr\u00e2n, \u2014 observ\u0103 el. \u2014 \u0218i ud.<\/p>\n\n\n\n<p>\u2014 F\u0103 cuno\u0219tin\u021b\u0103, acesta e Arthur, \u2014 spuse Thomas z\u00e2mbind. \u2014 A fost cu noi \u00eenainte s\u0103 te na\u0219ti.<\/p>\n\n\n\n<p>\u2014 Al nostru?<\/p>\n\n\n\n<p>\u2014 A fost. Acum&#8230; poate va fi din nou, dac\u0103 va rezista.<\/p>\n\n\n\n<p>Leo se a\u0219ez\u0103 l\u00e2ng\u0103 el \u0219i privi c\u00e2inele. Arthur respira greu, dar \u00ee\u0219i deschise u\u0219or ochiul c\u00e2nd sim\u021bi apropierea copilului. B\u0103iatul \u00eentinse m\u00e2na. Nasul ud o atinse \u0219i r\u0103mase acolo \u2014 nemi\u0219cat, plin de \u00eencredere.<\/p>\n\n\n\n<p>\u2014 Cred c\u0103 deja m\u0103 place, \u2014 \u0219opti Leo.<\/p>\n\n\n\n<p>Noaptea fu grea. Thomas st\u0103tu l\u00e2ng\u0103 el aproape p\u00e2n\u0103 diminea\u021b\u0103. \u00cel veghea pe vechiul s\u0103u prieten, a\u0219a cum Arthur o veghease pe Anna cu ani \u00een urm\u0103, c\u00e2nd ea pl\u00e2ngea \u00een t\u0103cere din cauza fricii de viitor. Atunci, c\u00e2inele doar se a\u0219eza l\u00e2ng\u0103 pat \u0219i respira calm \u2014 un semn c\u0103 nu era singur\u0103.<\/p>\n\n\n\n<p>Acum era r\u00e2ndul lui Thomas s\u0103-i \u00eentoarc\u0103 datoria.<\/p>\n\n\n\n<p>Diminea\u021ba, Arthur ridic\u0103 u\u0219or capul. Cu greu, g\u00e2f\u00e2ind, dar singur. Thomas \u00eei puse \u00een fa\u021b\u0103 un bol cu sup\u0103 cald\u0103. C\u00e2inele \u00eel linge u\u0219or, apoi gust\u0103 prima \u00eenghi\u021bitur\u0103.<\/p>\n\n\n\n<p>\u2014 M\u0103n\u00e2nc\u0103, \u2014 spuse Leo ca \u0219i cum anun\u021ba un miracol.<\/p>\n\n\n\n<p>\u2014 Tr\u0103ie\u0219te, \u2014 \u00eel corect\u0103 Anna. \u2014 \u0218i va tr\u0103i, at\u00e2t timp c\u00e2t \u00eei oferim un strop de iubire.<\/p>\n\n\n\n<p>Dup\u0103 o s\u0103pt\u0103m\u00e2n\u0103, Arthur se plimba deja prin curte \u2014 \u00eencet, \u0219chiop\u0103t\u00e2nd, dar cu ochii mai lumino\u0219i. Leo \u00eei preg\u0103tise o pern\u0103 nou\u0103 pe verand\u0103 \u0219i un semn scris de m\u00e2n\u0103: \u201eARTHUR \u2014 MEMBRU DE ONOARE AL FAMILIEI\u201d.<\/p>\n\n\n\n<p>Vecinii venir\u0103 unul c\u00e2te unul s\u0103-l vad\u0103.<\/p>\n\n\n\n<p>\u2014 Cum de a g\u0103sit drumul \u00eenapoi? \u2014 se minun\u0103 doamna Martine. \u2014 Dup\u0103 zece ani?<\/p>\n\n\n\n<p>\u2014 Inima \u00ee\u0219i aminte\u0219te, \u2014 r\u0103spunse Thomas. \u2014 \u0218i, poate, iart\u0103.<\/p>\n\n\n\n<p>Anna \u00eel str\u00e2nse de m\u00e2n\u0103. Era un moment de \u00eemp\u0103care \u2014 nu doar cu Arthur, ci \u0219i \u00eentre ei. Tot ce \u00eei desp\u0103r\u021bise c\u00e2ndva \u2014 teama, oboseala, presiunea lui \u201etrebuie\u201d \u0219i \u201enu se poate\u201d \u2014 se topi, ca z\u0103pada \u00een aprilie.<\/p>\n\n\n\n<p>\u2014 Ai avut dreptate atunci, Thomas, \u2014 \u0219opti ea. \u2014 Eu\u2026 doar mi-a fost fric\u0103.<\/p>\n\n\n\n<p>\u2014 \u0218i mie. Dar niciodat\u0103 nu e prea t\u00e2rziu s\u0103 repari ceva. Niciodat\u0103 nu e prea t\u00e2rziu s\u0103 te \u00eentorci acas\u0103.<\/p>\n\n\n\n<p>Leo \u0219i Arthur deveniser\u0103 inseparabili. B\u0103iatul \u00eei citea c\u0103r\u021bi cu voce tare, \u00eei lega e\u0219arfe colorate, pe care c\u00e2inele le purta cu r\u0103bdare, \u0219i \u00eei \u0219optea secretele lui, acelea pe care doar un prieten adev\u0103rat le poate p\u0103stra.<\/p>\n\n\n\n<p>\u2014 \u00cen\u021belege tot, \u2014 spuse Leo \u00eentr-o zi. \u2014 E ca o magie.<\/p>\n\n\n\n<p>\u0218i chiar a\u0219a p\u0103rea \u2014 Arthur nu venise doar pentru a-\u0219i g\u0103si un ad\u0103post de final, ci \u0219i pentru a aduce \u00eenapoi ceva pierdut. Lini\u0219tea. C\u0103ldura. Amintirile care nu mai dureau, ci alinau.<\/p>\n\n\n\n<p>Veni vara. Arthur nu mai putea urca sc\u0103rile, dar st\u0103tea sub nuc \u0219i privea cum Leo se d\u0103dea \u00een leag\u0103n, cum Thomas tundea gardul viu, cum Anna uda ro\u0219iile. \u00cen ochii lui ardea o lumin\u0103 bl\u00e2nd\u0103. Un \u201emul\u021bumesc\u201d care nu avea nevoie de cuvinte.<\/p>\n\n\n\n<p>\u2014 Crezi c\u0103 \u00eel doare? \u2014 \u00eentreb\u0103 Leo \u00eentr-o sear\u0103.<\/p>\n\n\n\n<p>\u2014 Pu\u021bin, \u2014 r\u0103spunse Thomas. \u2014 Dar nu c\u00e2t \u00eel durea c\u00e2nd era singur.<\/p>\n\n\n\n<p>Arthur plec\u0103 toamna. F\u0103r\u0103 durere, f\u0103r\u0103 zgomot. Seara adormi pe perna lui, l\u00e2ng\u0103 fereastra unde se reflectau stelele. Diminea\u021ba, pur \u0219i simplu, nu s-a mai trezit.<\/p>\n\n\n\n<p>Leo pl\u00e2nse. Anna \u00eel \u00eembr\u0103\u021bi\u0219\u0103. Thomas t\u0103cu mult timp.<\/p>\n\n\n\n<p>\u2014 \u0218tii, \u2014 spuse apoi, \u2014 i-am oferit un sf\u00e2r\u0219it a\u0219a cum merit\u0103 fiecare: cu pace. Cu c\u0103ldur\u0103. Cu iubire.<\/p>\n\n\n\n<p>\u2014 Iar el ne-a dat o a doua \u0219ans\u0103, \u2014 \u0219opti Anna.<\/p>\n\n\n\n<p>Un an mai t\u00e2rziu, \u00eentr-o s\u00e2mb\u0103t\u0103 ploioas\u0103, Thomas se \u00eentoarse de la brut\u0103rie nu cu bagheta, ci cu o cutie de carton. Din ea se vedeau dou\u0103 urechi negre, ude.<\/p>\n\n\n\n<p>\u2014 N-am rezistat, \u2014 spuse el z\u00e2mbind. \u2014 St\u0103tea \u00een fa\u021ba vitrinei \u0219i\u2026 privirea\u2026 aceea\u0219i.<\/p>\n\n\n\n<p>Leo deschise gura uimit, iar Anna doar oft\u0103. Apoi desf\u0103cu un prosop \u0219i \u00eenveli trupul mic tremur\u00e2nd.<\/p>\n\n\n\n<p>\u2014 Cum \u00eel numim? \u2014 \u00eentreb\u0103 b\u0103iatul.<\/p>\n\n\n\n<p>Thomas z\u00e2mbi.<\/p>\n\n\n\n<p>\u2014 Poate\u2026 Arci? \u00cen memoria lui.<\/p>\n\n\n\n<p>\u2014 Bun venit, Arci, \u2014 \u0219opti Leo.<\/p>\n\n\n\n<p>\u0218i o nou\u0103 via\u021b\u0103 \u00eencepu. Cu g\u0103l\u0103gie. Cu l\u0103bu\u021be murdare. Cu alergat prin buc\u0103t\u0103rie \u0219i papuci sf\u00e2\u0219ia\u021bi. Dar mai ales cu ceva mult mai important \u2014 cu convingerea c\u0103 atunci c\u00e2nd iube\u0219ti, nimic nu e pierdut pentru totdeauna.<\/p>\n","protected":false},"excerpt":{"rendered":"<p>Anna se a\u0219ez\u0103 \u00een genunchi \u0219i privi ne\u00eencrez\u0103toare gravura aproape \u0219tears\u0103&#8230; \u201eARTHUR. Fam. Duval. 34, rue des Tilleuls.\u201d Inima i se str\u00e2nse. Nu de fric\u0103,<\/p>\n","protected":false},"author":1,"featured_media":38467,"comment_status":"closed","ping_status":"closed","sticky":false,"template":"","format":"standard","meta":[],"categories":[1],"tags":[],"_links":{"self":[{"href":"http:\/\/calatorinromania.com\/index.php?rest_route=\/wp\/v2\/posts\/38635"}],"collection":[{"href":"http:\/\/calatorinromania.com\/index.php?rest_route=\/wp\/v2\/posts"}],"about":[{"href":"http:\/\/calatorinromania.com\/index.php?rest_route=\/wp\/v2\/types\/post"}],"author":[{"embeddable":true,"href":"http:\/\/calatorinromania.com\/index.php?rest_route=\/wp\/v2\/users\/1"}],"replies":[{"embeddable":true,"href":"http:\/\/calatorinromania.com\/index.php?rest_route=%2Fwp%2Fv2%2Fcomments&post=38635"}],"version-history":[{"count":1,"href":"http:\/\/calatorinromania.com\/index.php?rest_route=\/wp\/v2\/posts\/38635\/revisions"}],"predecessor-version":[{"id":38636,"href":"http:\/\/calatorinromania.com\/index.php?rest_route=\/wp\/v2\/posts\/38635\/revisions\/38636"}],"wp:featuredmedia":[{"embeddable":true,"href":"http:\/\/calatorinromania.com\/index.php?rest_route=\/wp\/v2\/media\/38467"}],"wp:attachment":[{"href":"http:\/\/calatorinromania.com\/index.php?rest_route=%2Fwp%2Fv2%2Fmedia&parent=38635"}],"wp:term":[{"taxonomy":"category","embeddable":true,"href":"http:\/\/calatorinromania.com\/index.php?rest_route=%2Fwp%2Fv2%2Fcategories&post=38635"},{"taxonomy":"post_tag","embeddable":true,"href":"http:\/\/calatorinromania.com\/index.php?rest_route=%2Fwp%2Fv2%2Ftags&post=38635"}],"curies":[{"name":"wp","href":"https:\/\/api.w.org\/{rel}","templated":true}]}}