{"id":38632,"date":"2025-04-20T04:47:45","date_gmt":"2025-04-20T04:47:45","guid":{"rendered":"https:\/\/calatorinromania.com\/?p=38632"},"modified":"2025-04-20T04:47:46","modified_gmt":"2025-04-20T04:47:46","slug":"locuiesc-doar-cu-fiul-meu-dylan-de-7-ani-dupa-ce-sotia-mea-a-decedat-si-recent-a-inceput-sa-se-intample-ceva-bizar","status":"publish","type":"post","link":"http:\/\/calatorinromania.com\/?p=38632","title":{"rendered":"LOCUIESC DOAR CU FIUL MEU DYLAN DE 7 ANI DUP\u0102 CE SO\u021aIA MEA A DECEDAT , \u0218I RECENT, A \u00ceNCEPUT S\u0102 SE \u00ceNT\u00c2MPLE CEVA BIZAR"},"content":{"rendered":"\n<h3>DISCLAIMER: Acest site este neutru din punct de vedere politic \u0219i nu sus\u021bine niciun partid sau ideologie politic\u0103.<\/h3>\n\n\n\n<p>Am r\u0103mas \u00eenm\u0103rmurit \u00een pragul u\u0219ii. Camera era slab luminat\u0103 de c\u00e2teva lum\u00e2n\u0103ri \u0219i o lamp\u0103 veche. Pe podea, organizate \u00een cercuri concentrice perfecte, z\u0103ceau toate \u0219osetele mele disp\u0103rute. \u00cen mijlocul acestui aranjament ciudat st\u0103tea Dylan, \u021bin\u00e2nd \u00een m\u00e2n\u0103 ultima \u0219oset\u0103 furat\u0103 \u0219i privind spre col\u021bul camerei.<\/p>\n\n\n\n<p>Acolo, \u00eentr-un fotoliu ponosit, st\u0103tea o b\u0103tr\u00e2n\u0103 pe care nu o mai v\u0103zusem niciodat\u0103. Avea p\u0103rul alb ca z\u0103pada, str\u00e2ns \u00eentr-un coc, \u0219i purta o rochie veche, decolorat\u0103. M\u00e2inile ei noduroase, deformate de artrit\u0103, lucrau ne\u00eencetat, \u00eempletind ceva din fire colorate.<\/p>\n\n\n\n<p>\u201eDylan?\u201d Vocea mea a sunat str\u0103in\u0103 chiar \u0219i pentru mine.<\/p>\n\n\n\n<p>Fiul meu s-a \u00eentors, surprins, dar nu speriat. \u201eTati! Ai venit!\u201d \u00cen vocea lui era bucurie, nu vinov\u0103\u021bie. \u201eAcum po\u021bi s\u0103 o cuno\u0219ti pe Bunica \u0218oset\u0103!\u201d<\/p>\n\n\n\n<p>\u201eBunica\u2026 ce?\u201d Am \u00eenaintat cu precau\u021bie \u00een camer\u0103, sim\u021burile mele \u00een alert\u0103 maxim\u0103.<\/p>\n\n\n\n<p>B\u0103tr\u00e2na \u0219i-a ridicat privirea de la lucrul ei, ochii ei alba\u0219tri, surprinz\u0103tor de limpezi pentru v\u00e2rsta ei, studiindu-m\u0103 cu curiozitate.<\/p>\n\n\n\n<p>\u201eTu trebuie s\u0103 fii tat\u0103l lui Dylan,\u201d a spus ea cu o voce calm\u0103, melodioas\u0103. \u201eM\u0103 bucur c\u0103 \u00een sf\u00e2r\u0219it ne \u00eent\u00e2lnim. B\u0103iatul t\u0103u mi-a vorbit mult despre tine.\u201d<\/p>\n\n\n\n<p>Am \u00eenghi\u021bit cu greutate, confuzia \u0219i alerta amestec\u00e2ndu-se \u00een mintea mea. \u201eCine sunte\u021bi? \u0218i de ce fiul meu v\u0103 aduce \u0219osetele mele?\u201d<\/p>\n\n\n\n<p>Dylan a s\u0103rit \u00een picioare, entuziasmul radiind din fiecare por. \u201eTati, ea este Doamna Elena! Locuie\u0219te aici de mult timp. Nimeni nu o viziteaz\u0103, a\u0219a c\u0103 am \u00eenceput s\u0103 vin eu. Ea face lucruri magice din \u0219osete!\u201d<\/p>\n\n\n\n<p>B\u0103tr\u00e2na \u2013 Elena \u2013 a z\u00e2mbit bl\u00e2nd, ar\u0103t\u00e2nd spre m\u00e2inile ei. \u201e\u00cemi pare r\u0103u pentru \u0219osete. I-am spus lui Dylan c\u0103 ar trebui s\u0103 te \u00eentrebe, dar el a insistat c\u0103 vrea s\u0103 fie o surpriz\u0103.\u201d<\/p>\n\n\n\n<p>M-am uitat mai atent la ce \u021binea \u00een m\u00e2ini \u0219i am realizat c\u0103 \u00eempletea un fel de p\u0103pu\u0219\u0103 dintr-o \u0219oset\u0103. Pe o mas\u0103 din apropiere se aflau mai multe astfel de crea\u021bii \u2013 animale, personaje \u0219i forme abstracte, toate realizate din \u0219osetele mele disp\u0103rute, umplute \u0219i cusute cu abilitate.<\/p>\n\n\n\n<p>\u201eDylan a spus c\u0103 so\u021bia ta a murit anul trecut,\u201d a continuat Elena, vocea ei bl\u00e2nd\u0103 dar direct\u0103. \u201eC\u0103 \u00een fiecare noapte pl\u00e2nge \u00een pern\u0103 pentru c\u0103 \u00eei este dor de mama lui.\u201d<\/p>\n\n\n\n<p>Cuvintele ei mi-au str\u0103puns inima. M-am uitat la Dylan, care a cobor\u00e2t privirea. Nu \u0219tiam asta. Credeam c\u0103 se adaptase, c\u0103 era bine. \u00cemi spunea \u00eentotdeauna c\u0103 era bine c\u00e2nd \u00eel \u00eentrebam.<\/p>\n\n\n\n<p>\u201eC\u00e2nd l-am g\u0103sit explor\u00e2nd aceast\u0103 cas\u0103 veche acum dou\u0103 luni, mi-a povestit despre mama lui,\u201d a continuat Elena. \u201eI-am ar\u0103tat cum transform lucruri uzate \u00een juc\u0103rii. A\u0219a am supravie\u021buit eu r\u0103zboiului, \u0219tii? F\u0103c\u00e2nd juc\u0103rii din ce puteam g\u0103si, pentru copiii care \u00ee\u0219i pierduser\u0103 totul.\u201d<\/p>\n\n\n\n<p>Dylan a fugit l\u00e2ng\u0103 ea \u0219i a ridicat una dintre p\u0103pu\u0219i, \u021bin\u00e2nd-o cu grij\u0103. \u201eUite, tati! Asta e Mama!\u201d Mi-a ar\u0103tat o p\u0103pu\u0219\u0103 delicat\u0103 f\u0103cut\u0103 dintr-una din \u0219osetele mele negre, cu nasturi alba\u0219tri pentru ochi \u0219i fire aurii pentru p\u0103r. \u201eBunica Elena spune c\u0103 dac\u0103 o pun sub pern\u0103, Mama m\u0103 va auzi c\u00e2nd \u00eei vorbesc noaptea.\u201d<\/p>\n\n\n\n<p>Ceva s-a rupt \u00een mine. Am sim\u021bit lacrimile umpl\u00e2ndu-mi ochii. Nu mai pl\u00e2nsesem de la \u00eenmorm\u00e2ntarea Cristinei. Mi-am \u00eenghi\u021bit nodul din g\u00e2t \u0219i m-am ghemuit l\u00e2ng\u0103 fiul meu.<\/p>\n\n\n\n<p>\u201eDe ce nu mi-ai spus c\u0103 \u00eenc\u0103 pl\u00e2ngi dup\u0103 mama?\u201d l-am \u00eentrebat \u00eencet.<\/p>\n\n\n\n<p>Dylan a ridicat din umeri, privind p\u0103pu\u0219a. \u201eNu voiam s\u0103 te \u00eentristez \u0219i tu. E\u0219ti deja trist mereu, chiar dac\u0103 \u00eencerci s\u0103 z\u00e2mbe\u0219ti.\u201d<\/p>\n\n\n\n<p>Cuvintele lui m-au lovit ca un pumn \u00een stomac. Crezusem c\u0103 ascunsesem mai bine durerea mea. Crezusem c\u0103 \u00eel protejasem.<\/p>\n\n\n\n<p>Elena \u0219i-a dres vocea, atr\u0103g\u00e2ndu-mi aten\u021bia. \u201eB\u0103iatul t\u0103u este special. Are o inim\u0103 mare. Vine aici \u00een fiecare zi, \u00eemi aduce m\u00e2ncare \u0219i \u00eemi poveste\u0219te despre \u0219coal\u0103. Este prima persoan\u0103 care mi-a vorbit \u00een ultimii cinci ani.\u201d<\/p>\n\n\n\n<p>Am clipit surprins. \u201eCinci ani? Dar\u2026 credeam c\u0103 aceast\u0103 cas\u0103 este abandonat\u0103.\u201d<\/p>\n\n\n\n<p>\u201eAproape,\u201d a z\u00e2mbit ea trist. \u201eProprietarul a murit, iar nepo\u021bii a\u0219teapt\u0103 s\u0103 m\u0103 mut \u00eentr-un azil pentru a o vinde. Dar aici am tr\u0103it cu so\u021bul meu timp de \u0219aizeci de ani. Aici sunt amintirile mele.\u201d A f\u0103cut un gest spre camera modest\u0103, plin\u0103 de fotografii vechi \u0219i obiecte care p\u0103reau s\u0103 aib\u0103 fiecare o poveste. \u201eDylan mi-a readus bucuria de a crea, de a d\u0103rui.\u201d<\/p>\n\n\n\n<p>Am privit cercurile de \u0219osete de pe podea. \u201eDar de ce doar \u0219oseta st\u00e2ng\u0103?\u201d<\/p>\n\n\n\n<p>Dylan a r\u00e2s, ca \u0219i cum r\u0103spunsul ar fi fost evident. \u201ePentru c\u0103 inima e pe partea st\u00e2ng\u0103, tati! Bunica Elena spune c\u0103 \u00een \u0219oseta st\u00e2ng\u0103 e cea mai mult\u0103 dragoste, pentru c\u0103 e mai aproape de inim\u0103 c\u00e2nd o por\u021bi.\u201d<\/p>\n\n\n\n<p>Logica copil\u0103reasc\u0103 mi-a adus un z\u00e2mbet tremurat pe buze. Am privit camera, b\u0103tr\u00e2na, p\u0103pu\u0219ile f\u0103cute cu at\u00e2ta grij\u0103, \u0219i pe fiul meu \u2013 care g\u0103sise singur o cale de a-\u0219i vindeca durerea c\u00e2nd eu nu reu\u0219isem s\u0103 v\u0103d c\u00e2t de mult suferea \u00eenc\u0103.<\/p>\n\n\n\n<p>\u201e\u00cemi pare r\u0103u c\u0103 v-am deranjat,\u201d a spus Elena, mistuindu-\u0219i m\u00e2inile nelini\u0219tite. \u201ePot s\u0103-\u021bi dau toate \u0219osetele \u00eenapoi.\u201d<\/p>\n\n\n\n<p>\u201eNu,\u201d am spus, lu\u00e2nd o decizie instantanee. \u201eNu e nevoie.\u201d M-am a\u0219ezat pe podea l\u00e2ng\u0103 Dylan. \u201eDe fapt, m\u0103 \u00eentrebam dac\u0103 ai putea s\u0103 ne \u00eenve\u021bi \u0219i pe noi cum faci aceste p\u0103pu\u0219i. Poate c\u0103 putem face una care s\u0103 arate ca Cristina\u2026 ca mama lui Dylan, \u00eempreun\u0103.\u201d<\/p>\n\n\n\n<p>Ochii lui Dylan s-au luminat. \u201eChiar vrei, tati?\u201d<\/p>\n\n\n\n<p>\u201eDa,\u201d am spus, sim\u021bind pentru prima dat\u0103 \u00een ultimul an c\u0103 f\u0103ceam ceva bun, ceva vindec\u0103tor. \u201e\u0218i apoi, poate Doamna Elena ar vrea s\u0103 vin\u0103 la cin\u0103 la noi disear\u0103? \u0218i m\u00e2ine. \u0218i poim\u00e2ine.\u201d<\/p>\n\n\n\n<p>Elena m-a privit surprins\u0103, apoi ochii ei b\u0103tr\u00e2ni s-au umezit. \u201eA\u0219 fi onorat\u0103,\u201d a spus ea simplu.<\/p>\n\n\n\n<p>A\u0219a a \u00eenceput totul. O serie de \u0219osete disp\u0103rute ne-a condus la o prietenie nea\u0219teptat\u0103 care a umplut un gol din vie\u021bile noastre. Elena a devenit parte din familia noastr\u0103 mic\u0103 \u0219i fr\u00e2nt\u0103. A adus cu ea pove\u0219ti, \u00een\u021belepciune \u0219i o modalitate de a transforma durerea \u00een ceva frumos, tangibil.<\/p>\n\n\n\n<p>\u00cen fiecare sear\u0103, Dylan adoarme acum cu p\u0103pu\u0219a \u201eMama\u201d sub pern\u0103. Iar eu am \u00eenv\u0103\u021bat c\u0103 uneori, vindecarea vine din cele mai nea\u0219teptate locuri \u2013 chiar \u0219i dintr-o \u0219oset\u0103 pierdut\u0103, transformat\u0103 cu dragoste \u00een ceva nou.<\/p>\n\n\n\n<p>C\u00e2t despre \u0219osetele mele? Continui s\u0103 cump\u0103r perechi noi \u00een fiecare s\u0103pt\u0103m\u00e2n\u0103, \u0219i mereu d\u0103ruim cele din st\u00e2nga. Este micul nostru ritual, mica noastr\u0103 magie \u00eentr-o lume care uneori pare lipsit\u0103 de miracole.<\/p>\n\n\n\n<p>Pentru c\u0103 Elena ne-a \u00eenv\u0103\u021bat cel mai important lucru: chiar \u0219i cele mai simple, mai banale obiecte pot deveni comori c\u00e2nd sunt umplute cu amintiri \u0219i dragoste.<\/p>\n\n\n\n<p>Dac\u0103 \u021bi-a pl\u0103cut povestea, nu uita s\u0103 o distribui cu prietenii t\u0103i! \u00cempreun\u0103 putem duce mai departe emo\u021bia \u0219i inspira\u021bia.<\/p>\n","protected":false},"excerpt":{"rendered":"<p>DISCLAIMER: Acest site este neutru din punct de vedere politic \u0219i nu sus\u021bine niciun partid sau ideologie politic\u0103. Am r\u0103mas \u00eenm\u0103rmurit \u00een pragul u\u0219ii. Camera<\/p>\n","protected":false},"author":1,"featured_media":38467,"comment_status":"closed","ping_status":"closed","sticky":false,"template":"","format":"standard","meta":[],"categories":[1],"tags":[],"_links":{"self":[{"href":"http:\/\/calatorinromania.com\/index.php?rest_route=\/wp\/v2\/posts\/38632"}],"collection":[{"href":"http:\/\/calatorinromania.com\/index.php?rest_route=\/wp\/v2\/posts"}],"about":[{"href":"http:\/\/calatorinromania.com\/index.php?rest_route=\/wp\/v2\/types\/post"}],"author":[{"embeddable":true,"href":"http:\/\/calatorinromania.com\/index.php?rest_route=\/wp\/v2\/users\/1"}],"replies":[{"embeddable":true,"href":"http:\/\/calatorinromania.com\/index.php?rest_route=%2Fwp%2Fv2%2Fcomments&post=38632"}],"version-history":[{"count":1,"href":"http:\/\/calatorinromania.com\/index.php?rest_route=\/wp\/v2\/posts\/38632\/revisions"}],"predecessor-version":[{"id":38633,"href":"http:\/\/calatorinromania.com\/index.php?rest_route=\/wp\/v2\/posts\/38632\/revisions\/38633"}],"wp:featuredmedia":[{"embeddable":true,"href":"http:\/\/calatorinromania.com\/index.php?rest_route=\/wp\/v2\/media\/38467"}],"wp:attachment":[{"href":"http:\/\/calatorinromania.com\/index.php?rest_route=%2Fwp%2Fv2%2Fmedia&parent=38632"}],"wp:term":[{"taxonomy":"category","embeddable":true,"href":"http:\/\/calatorinromania.com\/index.php?rest_route=%2Fwp%2Fv2%2Fcategories&post=38632"},{"taxonomy":"post_tag","embeddable":true,"href":"http:\/\/calatorinromania.com\/index.php?rest_route=%2Fwp%2Fv2%2Ftags&post=38632"}],"curies":[{"name":"wp","href":"https:\/\/api.w.org\/{rel}","templated":true}]}}