{"id":38485,"date":"2025-04-12T08:52:45","date_gmt":"2025-04-12T08:52:45","guid":{"rendered":"https:\/\/calatorinromania.com\/?p=38485"},"modified":"2025-04-12T08:52:45","modified_gmt":"2025-04-12T08:52:45","slug":"orfanul-a-hranit-un-batran-flamand-in-parc-iar-a-doua-zi-o-masina-de-lux-a-oprit-in-fata-adapostului","status":"publish","type":"post","link":"http:\/\/calatorinromania.com\/?p=38485","title":{"rendered":"ORFANUL A HR\u0102NIT UN B\u0102TR\u00c2N FL\u0102M\u00c2ND \u00ceN PARC, IAR A DOUA ZI, O MA\u0218IN\u0102 DE LUX A OPRIT \u00ceN FA\u021aA AD\u0102POSTULUI"},"content":{"rendered":"\n<h3>DISCLAIMER: Acest site este neutru din punct de vedere politic \u0219i nu sus\u021bine niciun partid sau ideologie politic\u0103.<\/h3>\n\n\n\n<p><strong>ORFANUL A HR\u0102NIT UN B\u0102TR\u00c2N \u00ceN PARC, IAR A DOUA ZI, O MA\u0218IN\u0102 DE LUX A OPRIT \u00ceN FA\u021aA ORFELINATULUI<\/strong><\/p>\n\n\n\n<p>\u2014&nbsp;<strong>\u201eCine a fugit din nou \u00een cantin\u0103 \u0219i a furat o p\u00e2ine?\u201d<\/strong>&nbsp;strig\u0103 doamna&nbsp;<strong>Linda Foster<\/strong>&nbsp;\u00een timp ce deschise u\u0219a camerei copiilor.<\/p>\n\n\n\n<p>Era o \u00eengrijitoare strict\u0103, de care to\u021bi copiii se temeau. Nu suporta ca lucrurile s\u0103 se \u00eent\u00e2mple pe la spatele ei \u0219i s\u0103 afle despre ele prea t\u00e2rziu.<\/p>\n\n\n\n<p>Ast\u0103zi, Alex nu avusese noroc. B\u0103iatul nu furase p\u00e2inea doar pentru el, ci o \u00eemp\u0103r\u021bise \u0219i cu ceilal\u021bi copii. \u00cens\u0103, nimeni nu voia s\u0103 \u00eenfrunte furia&nbsp;<strong>doamnei Foster<\/strong>, a\u0219a c\u0103 Alex \u0219i-a asumat vina pentru to\u021bi b\u0103ie\u021bii \u0219i a fost pedepsit \u2013 trimis \u00een col\u021b pentru \u00eentreaga zi.<\/p>\n\n\n\n<p>A doua zi, Linda Foster a fost \u00eenlocuit\u0103 cu o \u00eengrijitoare mai calm\u0103 \u0219i mai bl\u00e2nd\u0103,&nbsp;<strong>doamna Maria Carter<\/strong>. Cu ea, Alex nu se sim\u021bea umilit sau insultat. Ba chiar,&nbsp;<strong>nici m\u0103car nu-i certa pe copii c\u00e2nd luau m\u00e2ncare \u00een plus din cantin\u0103.<\/strong>&nbsp;Ea \u0219tia c\u0103 fiecare copil are nevoie s\u0103 creasc\u0103 s\u0103n\u0103tos \u0219i c\u0103&nbsp;<strong>hrana era esen\u021bial\u0103 pentru supravie\u021buire.<\/strong>&nbsp;\u00cen plus, timpul petrecut cu&nbsp;<strong>doamna Carter<\/strong>&nbsp;era pl\u0103cut. \u0218tia cum s\u0103-i \u021bin\u0103 ocupa\u021bi \u0219i s\u0103 le aline suferin\u021ba.<\/p>\n\n\n\n<p>\u00cens\u0103, atunci c\u00e2nd \u00eengrijitoarea rea era de serviciu,&nbsp;<strong>Alex c\u0103uta mereu o ocazie s\u0103 fug\u0103 din orfelinat<\/strong>.<\/p>\n\n\n\n<p>De data aceasta, b\u0103iatul de unsprezece ani a folosit&nbsp;<strong>traseul lui secret de evadare<\/strong>, pe care doar el \u00eel cuno\u0219tea. Nici m\u0103car gardianul,&nbsp;<strong>unchiul Victor<\/strong>, nu \u0219tia de existen\u021ba lui. D\u00e2nd la o parte c\u00e2teva sc\u00e2nduri,&nbsp;<strong>Alex se strecur\u0103 prin gard \u0219i fugi spre libertate.<\/strong><\/p>\n\n\n\n<hr class=\"wp-block-separator has-alpha-channel-opacity\"\/>\n\n\n\n<p>Era sf\u00e2r\u0219itul toamnei.&nbsp;<strong>Frunzele c\u0103zuser\u0103 demult, iar z\u0103pada \u00eenc\u0103 nu \u00eencepuse s\u0103 cad\u0103.<\/strong>&nbsp;Natura p\u0103rea mohor\u00e2t\u0103.&nbsp;<strong>P\u0103s\u0103rile se ascunseser\u0103 de frig<\/strong>, iar v\u00e2ntul rece sufla ne\u00eencetat. Un b\u0103iat mic&nbsp;<strong>mergea prin parc cu haina descheiat\u0103<\/strong>, bucur\u00e2ndu-se de aceast\u0103 singur\u0103tate neobi\u0219nuit\u0103.<\/p>\n\n\n\n<p>Alex&nbsp;<strong>voia s\u0103 fie mare<\/strong>. Voia s\u0103 plece din orfelinat, unde regulile stricte \u00eei f\u0103ceau via\u021ba dificil\u0103.<\/p>\n\n\n\n<p>Mergea printre copaci, ascult\u00e2nd sunetul foilor uscate sub picioare. Ciorile cronc\u0103neau deasupra lui, iar cerul era acoperit de&nbsp;<strong>nori amenin\u021b\u0103tori<\/strong>.<\/p>\n\n\n\n<p>Trec\u0103torii mergeau gr\u0103bi\u021bi pe alei, cu privirile plecate.<\/p>\n\n\n\n<p>Alex \u00eei studia pe fiecare \u00een parte.<\/p>\n\n\n\n<p><em>\u201eProbabil au case \u0219i familii care \u00eei iubesc\u2026 De ce ar avea nevoie de mine?\u201d<\/em>&nbsp;g\u00e2ndi el cu triste\u021be.<\/p>\n\n\n\n<p>Dintr-o dat\u0103, un str\u0103in&nbsp;<strong>\u00eei \u00eentinse un mic pachet<\/strong>.<\/p>\n\n\n\n<p>\u2014&nbsp;<strong>\u201eIa, acesta este pentru tine,\u201d<\/strong>&nbsp;spuse b\u0103rbatul.<\/p>\n\n\n\n<p>\u2014&nbsp;<strong>\u201ePentru mine? Ce e?\u201d<\/strong><\/p>\n\n\n\n<p>\u2014&nbsp;<strong>\u201eBiscui\u021bi. Te-am v\u0103zut des hoin\u0103rind singur pe aici. Unde este familia ta?\u201d<\/strong>&nbsp;\u00eentreb\u0103 str\u0103inul.<\/p>\n\n\n\n<p>\u2014&nbsp;<strong>\u201eEu\u2026 eu\u2026\u201d<\/strong><\/p>\n\n\n\n<p>Alex&nbsp;<strong>nu voia s\u0103 spun\u0103 adev\u0103rul<\/strong>, a\u0219a c\u0103 o lu\u0103 la fug\u0103, \u021bin\u00e2nd str\u00e2ns pachetul cu biscui\u021bi.<\/p>\n\n\n\n<hr class=\"wp-block-separator has-alpha-channel-opacity\"\/>\n\n\n\n<p>Dup\u0103 c\u00e2\u021biva metri, observ\u0103 un&nbsp;<strong>b\u0103tr\u00e2n<\/strong>&nbsp;st\u00e2nd pe o banc\u0103. Avea capul sprijinit \u00een palme \u0219i p\u0103rea pierdut \u00een g\u00e2nduri.<\/p>\n\n\n\n<p>\u2014&nbsp;<strong>\u201eBun\u0103 ziua!\u201d<\/strong>&nbsp;\u00eel salut\u0103 Alex, apropiindu-se.<\/p>\n\n\n\n<p>\u00cei v\u0103zu privirea trist\u0103 \u0219i&nbsp;<strong>sim\u021bi un val de compasiune<\/strong>&nbsp;pentru el.<\/p>\n\n\n\n<p>Se a\u0219ez\u0103 l\u00e2ng\u0103 el \u0219i \u00eencepu s\u0103 m\u0103n\u00e2nce biscui\u021bii&nbsp;<strong>cu poft\u0103<\/strong>.<\/p>\n\n\n\n<p>\u2014&nbsp;<strong>\u201e\u00cemi dai \u0219i mie unul?\u201d<\/strong>&nbsp;\u00eentreb\u0103 b\u0103tr\u00e2nul, \u00eentinz\u00e2nd m\u00e2na.<\/p>\n\n\n\n<p>\u2014&nbsp;<strong>\u201eDesigur! Noi \u00eemp\u0103r\u021bim mereu m\u00e2ncarea \u00eentre noi la orfelinat,\u201d<\/strong>&nbsp;spuse copilul, oferindu-i un biscuit.<\/p>\n\n\n\n<p>Apoi \u00eenghe\u021b\u0103.&nbsp;<strong>Voia s\u0103 p\u0103streze secret faptul c\u0103 locuia la orfelinat.<\/strong>&nbsp;Tocmai&nbsp;<strong>se d\u0103duse de gol!<\/strong><\/p>\n\n\n\n<p>\u2014&nbsp;<strong>\u201eA\u0219a deci, ai fugit?\u201d<\/strong>&nbsp;z\u00e2mbi trist b\u0103tr\u00e2nul.&nbsp;<strong>\u201eIar eu stau aici \u0219i nici nu-mi amintesc de unde am venit\u2026 Am mers \u0219i mers \u0219i am uitat. A\u0219a suntem noi, b\u0103tr\u00e2nii.\u201d<\/strong><\/p>\n\n\n\n<p>Alex se opri.<\/p>\n\n\n\n<p><em>\u201eCe bine c\u0103 nu m\u0103 \u00eentreab\u0103 mai multe!\u201d<\/em><\/p>\n\n\n\n<p>\u2014&nbsp;<strong>\u201eChiar nu-\u021bi mai aminte\u0219ti nimic?\u201d<\/strong>&nbsp;\u00eentreb\u0103 el, curios.<\/p>\n\n\n\n<p>B\u0103tr\u00e2nul d\u0103du din cap.<\/p>\n\n\n\n<p>\u2014&nbsp;<strong>\u201eE un dezastru cu mine\u2026 un dezastru. Nimeni nu \u0219tie c\u00e2nd va veni r\u00e2ndul lui s\u0103 uite\u2026 Timpul trece, iar b\u0103tr\u00e2ne\u021bea vine pentru to\u021bi.\u201d<\/strong><\/p>\n\n\n\n<p>Alex clipi repede, ascult\u00e2ndu-l cu aten\u021bie.&nbsp;<strong>\u00cei era cu adev\u0103rat mil\u0103 de el!<\/strong><\/p>\n\n\n\n<p>M\u0103car el&nbsp;<strong>avea un pat, o farfurie, o can\u0103 \u0219i o lingur\u0103<\/strong>&nbsp;la orfelinat, dar acest b\u0103tr\u00e2n&nbsp;<strong>nici m\u0103car nu \u0219tia unde locuie\u0219te!<\/strong><\/p>\n\n\n\n<p>\u2014&nbsp;<strong>\u201eAi un telefon? Poate ajut\u0103,\u201d<\/strong>&nbsp;spuse copilul, serios.<\/p>\n\n\n\n<p>B\u0103tr\u00e2nul c\u0103ut\u0103 prin buzunare \u0219i scoase&nbsp;<strong>un telefon vechi<\/strong>, pe care i-l \u00eentinse lui Alex.<\/p>\n\n\n\n<p>B\u0103iatul ap\u0103s\u0103 un buton.<\/p>\n\n\n\n<p><strong>Ecranul se aprinse.<\/strong><\/p>\n\n\n\n<p><strong>Un num\u0103r necunoscut suna.<\/strong><\/p>\n\n\n\n<p>\u2014&nbsp;<strong>\u201eCineva te sun\u0103!\u201d<\/strong>&nbsp;exclam\u0103 Alex.&nbsp;<strong>\u201eS\u0103 r\u0103spundem?\u201d<\/strong><\/p>\n\n\n\n<p>B\u0103tr\u00e2nul d\u0103du din cap.<\/p>\n\n\n\n<p>\u2014&nbsp;<strong>\u201eCred c\u0103 ei vor \u0219ti mai bine ce s\u0103 spun\u0103\u2026\u201d<\/strong><\/p>\n\n\n\n<p>Alex r\u0103spunse.<\/p>\n\n\n\n<p>\u2014&nbsp;<strong>\u201eAlo?\u201d<\/strong><\/p>\n\n\n\n<p>\u2014&nbsp;<strong>\u201eTat\u0103, unde ai disp\u0103rut? Te c\u0103ut\u0103m de asear\u0103!\u201d<\/strong><\/p>\n\n\n\n<p>\u2014&nbsp;<strong>\u201eAlo, nu sunt tat\u0103l dumneavoastr\u0103. L-am g\u0103sit pe acest bunic \u00een parc. Stau acum l\u00e2ng\u0103 el.\u201d<\/strong><\/p>\n\n\n\n<p>\u2014&nbsp;<strong>\u201eSpune-mi adresa!\u201d<\/strong><\/p>\n\n\n\n<p>Alex&nbsp;<strong>le-a dat loca\u021bia<\/strong>&nbsp;\u0219i, dup\u0103 ce s-a desp\u0103r\u021bit de b\u0103tr\u00e2n, s-a \u00eentors repede la orfelinat.<\/p>\n\n\n\n<hr class=\"wp-block-separator has-alpha-channel-opacity\"\/>\n\n\n\n<p>A&nbsp;<strong>doua zi, o ma\u0219in\u0103 luxoas\u0103 a oprit \u00een fa\u021ba orfelinatului<\/strong>.<\/p>\n\n\n\n<p>\u2014&nbsp;<strong>\u201eCine s\u0103 fie?\u201d<\/strong>&nbsp;murmur\u0103 o \u00eengrijitoare.<\/p>\n\n\n\n<p>Doamna&nbsp;<strong>Linda Foster<\/strong>&nbsp;privi pe fereastr\u0103 \u0219i v\u0103zu un b\u0103rbat \u0219i o femeie bine \u00eembr\u0103ca\u021bi.<\/p>\n\n\n\n<p>\u2014&nbsp;<strong>\u201eAm venit pentru un b\u0103iat numit Alex. Are 11 ani \u0219i fuge des,\u201d<\/strong>&nbsp;explic\u0103 b\u0103rbatul.<\/p>\n\n\n\n<p>Linda se \u00eencrunt\u0103, dar \u00eei conduse spre pivni\u021b\u0103, unde \u00eel \u00eenchisese pe Alex.<\/p>\n\n\n\n<p>\u2014&nbsp;<strong>\u201eL-a\u021bi \u00eenchis?!\u201d<\/strong>&nbsp;exclam\u0103 b\u0103rbatul.&nbsp;<strong>\u201eAsta e ilegal!\u201d<\/strong><\/p>\n\n\n\n<p>\u2014&nbsp;<strong>\u201eA \u00eenc\u0103lcat regulile!\u201d<\/strong>&nbsp;protest\u0103 Linda.<\/p>\n\n\n\n<p>\u2014&nbsp;<strong>\u201e\u0218ti\u021bi ceva? \u00cen cur\u00e2nd, dvs. ve\u021bi c\u0103uta un alt loc de munc\u0103!\u201d<\/strong>&nbsp;ripost\u0103 b\u0103rbatul.<\/p>\n\n\n\n<p>Se \u00eentoarse spre Alex:<\/p>\n\n\n\n<p>\u2014&nbsp;<strong>\u201eAm venit dup\u0103 tine.\u201d<\/strong><\/p>\n\n\n\n<p>\u2014&nbsp;<strong>\u201eDup\u0103 mine?\u201d<\/strong>&nbsp;\u00eentreb\u0103 b\u0103iatul, \u0219ov\u0103ielnic.<\/p>\n\n\n\n<p>\u2014&nbsp;<strong>\u201eDa,\u201d<\/strong>&nbsp;z\u00e2mbi b\u0103rbatul.&nbsp;<strong>\u201eNu te teme. \u00ce\u021bi vom explica totul.\u201d<\/strong><\/p>\n\n\n\n<p>Alex&nbsp;<strong>afl\u0103 c\u0103 b\u0103rbatul era fiul b\u0103tr\u00e2nului din parc<\/strong>.<\/p>\n\n\n\n<p>\u2014&nbsp;<strong>\u201e\u00ce\u021bi mul\u021bumesc c\u0103 l-ai ajutat pe tat\u0103l meu!\u201d<\/strong>&nbsp;spuse omul.&nbsp;<strong>\u201eDac\u0103 nu era\u0219ti tu, cine \u0219tie c\u00e2t timp ar fi r\u0103t\u0103cit singur.\u201d<\/strong><\/p>\n\n\n\n<p>A doua zi,&nbsp;<strong>Linda Foster a fost concediat\u0103.<\/strong><\/p>\n\n\n\n<p>Alex p\u0103r\u0103si&nbsp;<strong>pentru ultima dat\u0103<\/strong>&nbsp;orfelinatul, \u021bin\u00e2nd de m\u00e2n\u0103&nbsp;<strong>tat\u0103l pe care \u00eel visase dintotdeauna.<\/strong><\/p>\n","protected":false},"excerpt":{"rendered":"<p>DISCLAIMER: Acest site este neutru din punct de vedere politic \u0219i nu sus\u021bine niciun partid sau ideologie politic\u0103. ORFANUL A HR\u0102NIT UN B\u0102TR\u00c2N \u00ceN PARC,<\/p>\n","protected":false},"author":1,"featured_media":38467,"comment_status":"closed","ping_status":"closed","sticky":false,"template":"","format":"standard","meta":[],"categories":[1],"tags":[],"_links":{"self":[{"href":"http:\/\/calatorinromania.com\/index.php?rest_route=\/wp\/v2\/posts\/38485"}],"collection":[{"href":"http:\/\/calatorinromania.com\/index.php?rest_route=\/wp\/v2\/posts"}],"about":[{"href":"http:\/\/calatorinromania.com\/index.php?rest_route=\/wp\/v2\/types\/post"}],"author":[{"embeddable":true,"href":"http:\/\/calatorinromania.com\/index.php?rest_route=\/wp\/v2\/users\/1"}],"replies":[{"embeddable":true,"href":"http:\/\/calatorinromania.com\/index.php?rest_route=%2Fwp%2Fv2%2Fcomments&post=38485"}],"version-history":[{"count":1,"href":"http:\/\/calatorinromania.com\/index.php?rest_route=\/wp\/v2\/posts\/38485\/revisions"}],"predecessor-version":[{"id":38486,"href":"http:\/\/calatorinromania.com\/index.php?rest_route=\/wp\/v2\/posts\/38485\/revisions\/38486"}],"wp:featuredmedia":[{"embeddable":true,"href":"http:\/\/calatorinromania.com\/index.php?rest_route=\/wp\/v2\/media\/38467"}],"wp:attachment":[{"href":"http:\/\/calatorinromania.com\/index.php?rest_route=%2Fwp%2Fv2%2Fmedia&parent=38485"}],"wp:term":[{"taxonomy":"category","embeddable":true,"href":"http:\/\/calatorinromania.com\/index.php?rest_route=%2Fwp%2Fv2%2Fcategories&post=38485"},{"taxonomy":"post_tag","embeddable":true,"href":"http:\/\/calatorinromania.com\/index.php?rest_route=%2Fwp%2Fv2%2Ftags&post=38485"}],"curies":[{"name":"wp","href":"https:\/\/api.w.org\/{rel}","templated":true}]}}