{"id":38455,"date":"2025-04-11T09:13:31","date_gmt":"2025-04-11T09:13:31","guid":{"rendered":"https:\/\/calatorinromania.com\/?p=38455"},"modified":"2025-04-11T09:13:31","modified_gmt":"2025-04-11T09:13:31","slug":"cand-se-vopsesc-ouale-de-paste-traditia-pe-care-multe-gospodine-o-ignora-an-de-an","status":"publish","type":"post","link":"http:\/\/calatorinromania.com\/?p=38455","title":{"rendered":"C\u00e2nd se vopsesc ou\u0103le de Pa\u0219te? Tradi\u021bia pe care multe gospodine o ignor\u0103 an de an"},"content":{"rendered":"\n<p>Vopsirea ou\u0103lor este una dintre cele mai a\u0219teptate tradi\u021bii de Pa\u0219te, un ritual plin de culoare, simbolism \u0219i emo\u021bie. \u00cens\u0103 pu\u021bini \u0219tiu c\u0103\u00a0<strong>momentul \u00een care alegem s\u0103 facem acest lucru conteaz\u0103 mai mult dec\u00e2t am crede<\/strong>\u00a0\u2013 at\u00e2t din punct de vedere religios, c\u00e2t \u0219i tradi\u021bional.<\/p>\n\n\n\n<p><\/p>\n\n\n\n<h3><strong>Joia Mare \u2013 ziua potrivit\u0103 pentru ou\u0103le de Pa\u0219te<\/strong><\/h3>\n\n\n\n<p>Conform tradi\u021biei ortodoxe,\u00a0<strong>ou\u0103le se vopsesc \u00een Joia Mare<\/strong>, adic\u0103 \u00een joia din S\u0103pt\u0103m\u00e2na Patimilor. Aceast\u0103 zi marcheaz\u0103\u00a0<strong>Cina cea de Tain\u0103<\/strong>, c\u00e2nd Iisus Hristos a instituit Sf\u00e2nta \u00cemp\u0103rt\u0103\u0219anie.<\/p>\n\n\n\n<p><\/p>\n\n\n\n<p>Este o zi sf\u00e2nt\u0103, \u00een care gospodinele \u00ee\u0219i dedic\u0103 timpul cur\u0103\u021beniei, rug\u0103ciunii \u0219i preg\u0103tirilor pentru Pa\u0219te.\u00a0<strong>Se spune c\u0103 ou\u0103le vopsite \u00een Joia Mare nu se stric\u0103 \u0219i pot rezista chiar \u0219i 40 de zile.<\/strong><\/p>\n\n\n\n<p><\/p>\n\n\n\n<h3><strong>De ce NU trebuie vopsite ou\u0103le \u00een Vinerea Mare<\/strong><\/h3>\n\n\n\n<p>Una dintre gre\u0219elile frecvente este vopsirea ou\u0103lor \u00een\u00a0<strong>Vinerea Mare<\/strong>, o zi de doliu \u00een calendarul cre\u0219tin, ce aminte\u0219te de\u00a0<strong>R\u0103stignirea \u0219i moartea lui Iisus<\/strong>.<\/p>\n\n\n\n<p><\/p>\n\n\n\n<p>Aceast\u0103 zi este dedicat\u0103 reculegerii, lini\u0219tii \u0219i postului sever. \u00cen multe familii \u0219i sate, se consider\u0103 lips\u0103 de respect s\u0103 desf\u0103\u0219ori activit\u0103\u021bi festive \u00een aceast\u0103 zi.\u00a0<strong>Vopsitul ou\u0103lor, fiind o activitate vesel\u0103 \u0219i colorat\u0103, intr\u0103 \u00een categoria celor de evitat.<\/strong><\/p>\n\n\n\n<p><\/p>\n\n\n\n<h3><strong>S\u00e2mb\u0103ta Mare \u2013 varianta de rezerv\u0103 pentru cei ocupa\u021bi<\/strong><\/h3>\n\n\n\n<p>Dac\u0103 Joia Mare a fost prea aglomerat\u0103,\u00a0<strong>S\u00e2mb\u0103ta Mare r\u0103m\u00e2ne o alternativ\u0103 acceptat\u0103, dar nu ideal\u0103<\/strong>. Este ziua marilor preg\u0103tiri: se coc cozonacii, se preg\u0103tesc fripturile \u0219i se finalizeaz\u0103 ultimele detalii pentru masa pascal\u0103.<\/p>\n\n\n\n<p><\/p>\n\n\n\n<p>Dac\u0103 alegi s\u0103 vopse\u0219ti ou\u0103le s\u00e2mb\u0103ta,\u00a0<strong>asigur\u0103-te c\u0103 termini \u00eenainte de slujba de \u00cenviere<\/strong>\u00a0\u2013 pentru a p\u0103stra semnifica\u021bia spiritual\u0103 a momentului.<\/p>\n\n\n\n<p><\/p>\n\n\n\n<h3><strong>Simbolistica culorilor: De ce ro\u0219ul e primul<\/strong><\/h3>\n\n\n\n<p>Culoarea tradi\u021bional\u0103 pentru ou\u0103le de Pa\u0219te este\u00a0<strong>ro\u0219u<\/strong>, care simbolizeaz\u0103 s\u00e2ngele v\u0103rsat de Hristos pe cruce. \u00cen multe gospod\u0103rii,\u00a0<strong>primul ou vopsit \u00een ro\u0219u se p\u0103streaz\u0103 tot anul<\/strong>, fiind considerat aduc\u0103tor de noroc \u0219i s\u0103n\u0103tate.<\/p>\n\n\n\n<p><\/p>\n\n\n\n<p>\u00cen func\u021bie de zon\u0103, se folosesc \u0219i\u00a0<strong>galben (pentru lumin\u0103 \u0219i soare), verde (pentru natur\u0103 \u0219i speran\u021b\u0103), albastru (pentru cer \u0219i credin\u021b\u0103)<\/strong>\u00a0\u2013 fiecare nuan\u021b\u0103 av\u00e2nd o \u00eenc\u0103rc\u0103tur\u0103 aparte.<\/p>\n\n\n\n<p><\/p>\n\n\n\n<h3><strong>Respect\u0103 tradi\u021bia, nu doar obiceiul<\/strong><\/h3>\n\n\n\n<p>Vopsitul ou\u0103lor nu este doar o sarcin\u0103 din lista de \u201eto do\u201d \u00eenainte de Pa\u0219te \u2013 este un gest \u00eenc\u0103rcat de semnifica\u021bie religioas\u0103 \u0219i tradi\u021bional\u0103. A\u0219adar,&nbsp;<strong>alege momentul potrivit, onoreaz\u0103 simbolurile \u0219i transform\u0103 aceast\u0103 activitate \u00eentr-o experien\u021b\u0103 cu suflet, nu doar cu culoare.<\/strong><\/p>\n","protected":false},"excerpt":{"rendered":"<p>Vopsirea ou\u0103lor este una dintre cele mai a\u0219teptate tradi\u021bii de Pa\u0219te, un ritual plin de culoare, simbolism \u0219i emo\u021bie. \u00cens\u0103 pu\u021bini \u0219tiu c\u0103\u00a0momentul \u00een care<\/p>\n","protected":false},"author":1,"featured_media":38456,"comment_status":"closed","ping_status":"closed","sticky":false,"template":"","format":"standard","meta":[],"categories":[1],"tags":[],"_links":{"self":[{"href":"http:\/\/calatorinromania.com\/index.php?rest_route=\/wp\/v2\/posts\/38455"}],"collection":[{"href":"http:\/\/calatorinromania.com\/index.php?rest_route=\/wp\/v2\/posts"}],"about":[{"href":"http:\/\/calatorinromania.com\/index.php?rest_route=\/wp\/v2\/types\/post"}],"author":[{"embeddable":true,"href":"http:\/\/calatorinromania.com\/index.php?rest_route=\/wp\/v2\/users\/1"}],"replies":[{"embeddable":true,"href":"http:\/\/calatorinromania.com\/index.php?rest_route=%2Fwp%2Fv2%2Fcomments&post=38455"}],"version-history":[{"count":1,"href":"http:\/\/calatorinromania.com\/index.php?rest_route=\/wp\/v2\/posts\/38455\/revisions"}],"predecessor-version":[{"id":38457,"href":"http:\/\/calatorinromania.com\/index.php?rest_route=\/wp\/v2\/posts\/38455\/revisions\/38457"}],"wp:featuredmedia":[{"embeddable":true,"href":"http:\/\/calatorinromania.com\/index.php?rest_route=\/wp\/v2\/media\/38456"}],"wp:attachment":[{"href":"http:\/\/calatorinromania.com\/index.php?rest_route=%2Fwp%2Fv2%2Fmedia&parent=38455"}],"wp:term":[{"taxonomy":"category","embeddable":true,"href":"http:\/\/calatorinromania.com\/index.php?rest_route=%2Fwp%2Fv2%2Fcategories&post=38455"},{"taxonomy":"post_tag","embeddable":true,"href":"http:\/\/calatorinromania.com\/index.php?rest_route=%2Fwp%2Fv2%2Ftags&post=38455"}],"curies":[{"name":"wp","href":"https:\/\/api.w.org\/{rel}","templated":true}]}}