{"id":38434,"date":"2025-04-11T08:09:44","date_gmt":"2025-04-11T08:09:44","guid":{"rendered":"https:\/\/calatorinromania.com\/?p=38434"},"modified":"2025-04-11T08:09:44","modified_gmt":"2025-04-11T08:09:44","slug":"%f0%9f%a5%98-caserola-sarata-de-cartofi-si-legume","status":"publish","type":"post","link":"http:\/\/calatorinromania.com\/?p=38434","title":{"rendered":"\ud83e\udd58 <strong>Caserol\u0103 S\u0103rat\u0103 de Cartofi \u0219i Legume<\/strong>"},"content":{"rendered":"\n<h2><\/h2>\n\n\n\n<p><strong>Timp total:<\/strong> 1h 35min | <strong>Por\u021bii:<\/strong> 6 | <strong>Calorii\/por\u021bie:<\/strong> ~350 kcal<\/p>\n\n\n\n<p><br><strong>Perfect\u0103 pentru:<\/strong> cin\u0103 \u00een familie, mese vegetariene, meal prep<\/p>\n\n\n\n<p><\/p>\n\n\n\n<h3>\ud83d\udd38 <strong>Ingrediente<\/strong><\/h3>\n\n\n\n<p><\/p>\n\n\n\n<h4>\ud83e\udd54 Legume:<\/h4>\n\n\n\n<ul>\n<li>3 cartofi mari, cur\u0103\u021ba\u021bi \u0219i <strong>r\u0103zui\u021bi<\/strong><\/li>\n\n\n\n<li>1 <strong>ceap\u0103<\/strong> tocat\u0103 fin<\/li>\n\n\n\n<li>1 <strong>morcov<\/strong> r\u0103zuit<\/li>\n\n\n\n<li>1 <strong>ardei<\/strong> (orice culoare), tocat m\u0103runt<\/li>\n\n\n\n<li><strong>Ulei de m\u0103sline<\/strong>, pentru sotat<\/li>\n\n\n\n<li><strong>Sare<\/strong>, dup\u0103 gust<\/li>\n\n\n\n<li><strong>Codi\u021be de ceap\u0103 verde<\/strong>, tocate<\/li>\n<\/ul>\n\n\n\n<p><\/p>\n\n\n\n<h4>\ud83e\udd5a Compozi\u021bie lichid\u0103:<\/h4>\n\n\n\n<ul>\n<li>3 <strong>ou\u0103<\/strong><\/li>\n\n\n\n<li>300 ml <strong>lapte<\/strong><\/li>\n<\/ul>\n\n\n\n<p><\/p>\n\n\n\n<h4>\ud83c\udf3e Uscate:<\/h4>\n\n\n\n<ul>\n<li>200 g <strong>f\u0103in\u0103 integral\u0103<\/strong><\/li>\n\n\n\n<li>2 linguri\u021be <strong>praf de copt<\/strong><\/li>\n<\/ul>\n\n\n\n<p><\/p>\n\n\n\n<h4>\ud83e\uddc0 Topping:<\/h4>\n\n\n\n<ul>\n<li>150 g <strong>br\u00e2nz\u0103 ras\u0103<\/strong> (cheddar\/mozzarella\/parmezan etc.)<\/li>\n<\/ul>\n\n\n\n<p><\/p>\n\n\n\n<h3>\ud83e\uddd1\u200d\ud83c\udf73 <strong>Mod de preparare<\/strong><\/h3>\n\n\n\n<p><\/p>\n\n\n\n<h4>1\ufe0f\u20e3 <em>Preg\u0103tirea legumelor<\/em><\/h4>\n\n\n\n<ol>\n<li>R\u0103zuie\u0219te \u0219i <strong>stoarce bine cartofii<\/strong> (pentru a evita excesul de lichid).<\/li>\n\n\n\n<li>Pune cartofii, ceapa, morcovul \u0219i ardeiul \u00eentr-o tigaie cu pu\u021bin ulei de m\u0103sline.<\/li>\n\n\n\n<li>G\u0103te\u0219te la foc mediu p\u00e2n\u0103 se \u00eenmoaie u\u0219or. Adaug\u0103 sare \u0219i codi\u021bele de ceap\u0103 verde.<\/li>\n<\/ol>\n\n\n\n<p><\/p>\n\n\n\n<h4>2\ufe0f\u20e3 <em>Prepararea compozi\u021biei<\/em><\/h4>\n\n\n\n<ol>\n<li>Bate ou\u0103le \u00eentr-un bol, apoi adaug\u0103 laptele.<\/li>\n\n\n\n<li>\u00cen alt bol, amestec\u0103 f\u0103ina cu praful de copt.<\/li>\n\n\n\n<li>\u00cencorporeaz\u0103 ingredientele lichide \u00een cele uscate.<\/li>\n\n\n\n<li>Adaug\u0103 legumele sotate. Amestec\u0103 totul bine.<\/li>\n\n\n\n<li>Las\u0103 aluatul s\u0103 se <strong>odihneasc\u0103 15 minute<\/strong>.<\/li>\n<\/ol>\n\n\n\n<p><\/p>\n\n\n\n<h4>3\ufe0f\u20e3 <em>Coacere<\/em><\/h4>\n\n\n\n<ol>\n<li>Pre\u00eenc\u0103lze\u0219te cuptorul la <strong>200\u00b0C<\/strong>.<\/li>\n\n\n\n<li>Unge o tav\u0103 cu ulei de m\u0103sline.<\/li>\n\n\n\n<li>Toarn\u0103 compozi\u021bia \u0219i <strong>coace 45 de minute<\/strong>, p\u00e2n\u0103 este ferm\u0103 \u0219i rumenit\u0103.<\/li>\n\n\n\n<li>Presar\u0103 br\u00e2nza deasupra \u0219i mai coace <strong>15 minute<\/strong>, p\u00e2n\u0103 se tope\u0219te frumos.<\/li>\n<\/ol>\n\n\n\n<p><\/p>\n\n\n\n<h3>\ud83e\udd44 <strong>Sugestii de servire<\/strong><\/h3>\n\n\n\n<ul>\n<li>Serve\u0219te cald\u0103, cu o <strong>salat\u0103 proasp\u0103t\u0103<\/strong>.<\/li>\n\n\n\n<li>Adaug\u0103 <strong>iaurt sau sm\u00e2nt\u00e2n\u0103<\/strong> al\u0103turi.<\/li>\n\n\n\n<li>Merg de minune cu o <strong>sup\u0103 crem\u0103<\/strong> sau chiar o friptur\u0103.<\/li>\n<\/ul>\n\n\n\n<h3>\u2705 <strong>Sfaturi utile<\/strong><\/h3>\n\n\n\n<ul>\n<li><strong>Stoarce bine cartofii<\/strong> \u2013 altfel, va ie\u0219i prea moale.<\/li>\n\n\n\n<li>Po\u021bi ad\u0103uga: <strong>spanac<\/strong>, <strong>dovlecei<\/strong>, <strong>ciuperci<\/strong>, chiar \u0219i porumb.<\/li>\n\n\n\n<li>Alege br\u00e2nza ta preferat\u0103 pentru topping \u2013 sau combin\u0103 mai multe pentru extra savoare.<\/li>\n<\/ul>\n\n\n\n<h3>\ud83e\udde0 <strong>Info Nutri\u021bional<\/strong><\/h3>\n\n\n\n<ul>\n<li><strong>F\u0103r\u0103 carne<\/strong><\/li>\n\n\n\n<li><strong>F\u0103r\u0103 nuci<\/strong><\/li>\n\n\n\n<li><strong>Surs\u0103 de fibre, proteine, vitamine<\/strong><\/li>\n\n\n\n<li><strong>Se potrive\u0219te unei diete vegetariene<\/strong><\/li>\n<\/ul>\n\n\n\n<h3>\ud83e\uddca <strong>Depozitare<\/strong><\/h3>\n\n\n\n<ul>\n<li>Frigider: p\u00e2n\u0103 la <strong>3 zile<\/strong>, \u00een recipient etan\u0219.<\/li>\n\n\n\n<li>Congelator: p\u00e2n\u0103 la <strong>1 lun\u0103<\/strong> (dezghea\u021b\u0103 la frigider \u0219i re\u00eenc\u0103lze\u0219te la cuptor).<\/li>\n<\/ul>\n\n\n\n<h3>\ud83d\udcac De ce o vei iubi:<\/h3>\n\n\n\n<ul>\n<li>Consistent\u0103, dar nu grea<\/li>\n\n\n\n<li>Super personalizabil\u0103<\/li>\n\n\n\n<li>Perfect\u0103 pentru leftover-uri \u0219i meal prep<\/li>\n\n\n\n<li>Br\u00e2nza gratinat\u0103 face totul mai bun \ud83d\ude0b<\/li>\n<\/ul>\n","protected":false},"excerpt":{"rendered":"<p>Timp total: 1h 35min | Por\u021bii: 6 | Calorii\/por\u021bie: ~350 kcal Perfect\u0103 pentru: cin\u0103 \u00een familie, mese vegetariene, meal prep \ud83d\udd38 Ingrediente \ud83e\udd54 Legume: \ud83e\udd5a<\/p>\n","protected":false},"author":1,"featured_media":38435,"comment_status":"closed","ping_status":"closed","sticky":false,"template":"","format":"standard","meta":[],"categories":[1],"tags":[],"_links":{"self":[{"href":"http:\/\/calatorinromania.com\/index.php?rest_route=\/wp\/v2\/posts\/38434"}],"collection":[{"href":"http:\/\/calatorinromania.com\/index.php?rest_route=\/wp\/v2\/posts"}],"about":[{"href":"http:\/\/calatorinromania.com\/index.php?rest_route=\/wp\/v2\/types\/post"}],"author":[{"embeddable":true,"href":"http:\/\/calatorinromania.com\/index.php?rest_route=\/wp\/v2\/users\/1"}],"replies":[{"embeddable":true,"href":"http:\/\/calatorinromania.com\/index.php?rest_route=%2Fwp%2Fv2%2Fcomments&post=38434"}],"version-history":[{"count":1,"href":"http:\/\/calatorinromania.com\/index.php?rest_route=\/wp\/v2\/posts\/38434\/revisions"}],"predecessor-version":[{"id":38436,"href":"http:\/\/calatorinromania.com\/index.php?rest_route=\/wp\/v2\/posts\/38434\/revisions\/38436"}],"wp:featuredmedia":[{"embeddable":true,"href":"http:\/\/calatorinromania.com\/index.php?rest_route=\/wp\/v2\/media\/38435"}],"wp:attachment":[{"href":"http:\/\/calatorinromania.com\/index.php?rest_route=%2Fwp%2Fv2%2Fmedia&parent=38434"}],"wp:term":[{"taxonomy":"category","embeddable":true,"href":"http:\/\/calatorinromania.com\/index.php?rest_route=%2Fwp%2Fv2%2Fcategories&post=38434"},{"taxonomy":"post_tag","embeddable":true,"href":"http:\/\/calatorinromania.com\/index.php?rest_route=%2Fwp%2Fv2%2Ftags&post=38434"}],"curies":[{"name":"wp","href":"https:\/\/api.w.org\/{rel}","templated":true}]}}