{"id":38432,"date":"2025-04-10T09:44:20","date_gmt":"2025-04-10T09:44:20","guid":{"rendered":"https:\/\/calatorinromania.com\/?p=38432"},"modified":"2025-04-10T09:44:20","modified_gmt":"2025-04-10T09:44:20","slug":"5-ani-a-plans-pentru-sotia-decedata-dar-intr-o-zi-intrand-in-bucatarie-barbatul-a-inghetat-vazand-in-vaza-florile-pe-care-abia-dimineata-le-dusese-la-mormantul-ei","status":"publish","type":"post","link":"http:\/\/calatorinromania.com\/?p=38432","title":{"rendered":"<strong>5 ani a pl\u00e2ns pentru so\u021bia decedat\u0103, dar \u00eentr-o zi, intr\u00e2nd \u00een buc\u0103t\u0103rie, b\u0103rbatul A \u00ceNGHE\u021aAT, v\u0103z\u00e2nd \u00een vaz\u0103 florile pe care abia diminea\u021b\u0103 le dusese LA MORM\u00c2NTUL EI\u2026<\/strong>"},"content":{"rendered":"\n<p>Mihai st\u0103tea \u00een\u021bepenit \u00een mijlocul buc\u0103t\u0103riei, privind vaza cu trandafiri ro\u0219ii care nu aveau ce s\u0103 caute acolo. Ana, fiica lui de \u0219aptesprezece ani, intr\u0103 \u00een \u00eenc\u0103pere \u0219i se opri brusc c\u00e2nd \u00eel v\u0103zu \u00een starea aceea.<\/p>\n\n\n\n<p>\u201eTat\u0103, ce s-a \u00eent\u00e2mplat?\u201d<\/p>\n\n\n\n<p>Cu m\u00e2na tremur\u00e2nd\u0103, Mihai ar\u0103t\u0103 spre buchetul de flori.<\/p>\n\n\n\n<p>\u201eAce\u0219ti trandafiri\u2026 sunt identici cu cei pe care i-am dus mamei tale la morm\u00e2nt azi diminea\u021b\u0103. Aceea\u0219i vaz\u0103, aceea\u0219i panglic\u0103\u2026\u201d<\/p>\n\n\n\n<p>Ana se apropie de mas\u0103 \u0219i privi florile cu aten\u021bie. Ochii ei mari, care sem\u0103nau at\u00e2t de mult cu cei ai mamei sale, se umplur\u0103 de confuzie.<\/p>\n\n\n\n<p>\u201ePoate cineva ne-a f\u0103cut o vizit\u0103 \u0219i a adus flori?\u201d suger\u0103 ea, de\u0219i \u0219tia c\u0103 nimeni nu intrase \u00een cas\u0103.<\/p>\n\n\n\n<p>\u201eU\u0219a era \u00eencuiat\u0103 c\u00e2nd am venit. Toate ferestrele sunt \u00eenchise.\u201d Mihai \u00ee\u0219i trecu m\u00e2na prin p\u0103rul \u00eenc\u0103run\u021bit prematur. \u201e\u0218i nu sunt doar asem\u0103n\u0103tori, Ana. Este exact acela\u0219i buchet. Uite,\u201d ar\u0103t\u0103 el spre unul dintre trandafiri, \u201eacesta are acea petal\u0103 u\u0219or \u00eendoit\u0103 pe care am observat-o la flor\u0103rie.\u201d<\/p>\n\n\n\n<p>Ana puse m\u00e2na pe um\u0103rul tat\u0103lui ei. \u201ePoate ar trebui s\u0103 mergem din nou la cimitir, s\u0103 verific\u0103m.\u201d<\/p>\n\n\n\n<p>Drumul p\u00e2n\u0103 la cimitir fu t\u0103cut, tensionat. Mihai conducea cu privirea fix\u0103 \u00eenainte, m\u00e2inile str\u00e2ng\u00e2nd volanul p\u00e2n\u0103 ce \u00eencheieturile degetelor i se albir\u0103. Ana se uita pe fereastr\u0103, \u00eencerc\u00e2nd s\u0103 g\u0103seasc\u0103 o explica\u021bie logic\u0103 pentru ceea ce se \u00eent\u00e2mpla.<\/p>\n\n\n\n<p>C\u00e2nd ajunser\u0103 la morm\u00e2ntul Elenei, so\u021bia lui Mihai \u0219i mama Anei, am\u00e2ndoi r\u0103maser\u0103 f\u0103r\u0103 cuvinte. Locul unde Mihai pusese vaza cu trandafiri diminea\u021b\u0103 era acum gol. Doar o urm\u0103 circular\u0103 \u00een iarba umed\u0103 ar\u0103ta c\u0103 acolo fusese a\u0219ezat ceva.<\/p>\n\n\n\n<p>\u201eNu \u00een\u021beleg,\u201d \u0219opti Mihai, \u00eengenunchind l\u00e2ng\u0103 piatra funerar\u0103 din marmur\u0103 neagr\u0103. \u201eCine ar face a\u0219a ceva? \u0218i cum au intrat \u00een casa noastr\u0103?\u201d<\/p>\n\n\n\n<p>Ana privea morm\u00e2ntul mamei sale, sim\u021bind un fior rece pe \u0219ira spin\u0103rii. \u201eTat\u0103, crezi c\u0103\u2026 mama \u00eencearc\u0103 s\u0103 ne spun\u0103 ceva?\u201d<\/p>\n\n\n\n<p>Mihai cl\u0103tin\u0103 din cap, de\u0219i un g\u00e2nd similar \u00eei trecuse \u0219i lui prin minte. Elena murise de cancer \u00een urm\u0103 cu cinci ani, l\u0103s\u00e2ndu-l pe Mihai devastat \u0219i pe Ana, atunci o fat\u0103 de doar doisprezece ani, f\u0103r\u0103 mam\u0103.<\/p>\n\n\n\n<p>\u201eMor\u021bii nu se \u00eentorc, Ana,\u201d spuse el, de\u0219i vocea \u00eei tremura.<\/p>\n\n\n\n<p>C\u00e2nd se \u00eentoarser\u0103 acas\u0103, buchetul era tot acolo, trandafirii proaspe\u021bi parc\u0103 str\u0103lucind \u00een lumina dup\u0103-amiezii. Mihai examin\u0103 vaza din toate unghiurile, c\u0103ut\u00e2nd vreun indiciu. Era exact vaza pe care o cump\u0103rase diminea\u021b\u0103 \u2013 de un albastru-cobalt, cu un model delicat de frunze gravate pe margini.<\/p>\n\n\n\n<p>\u201ePoate ar trebui s\u0103 \u00eentreb\u0103m vecinii dac\u0103 au v\u0103zut pe cineva intr\u00e2nd \u00een cas\u0103,\u201d suger\u0103 Ana.<\/p>\n\n\n\n<p><a href=\"https:\/\/usd24.ro\/alexandra-duli-adevarul-despre-apropierea-dintre-ea-si-zanni-a-recunoscut-in-fata-tuturor\/\" target=\"_blank\" rel=\"noreferrer noopener\"><\/a><\/p>\n\n\n\n<p><\/p>\n\n\n\n<p>Dar niciunul dintre vecini nu v\u0103zuse nimic neobi\u0219nuit. Nimeni nu intrase sau ie\u0219ise din casa familiei Popescu \u00een absen\u021ba lor.<\/p>\n\n\n\n<p>\u00cen acea noapte, Mihai nu putu dormi. Se tot \u00eentorcea, g\u00e2ndindu-se la trandafirii misterio\u0219i. Era ziua \u00een care Elena ar fi \u00eemplinit 45 de ani. O coinciden\u021b\u0103? Se ridic\u0103 din pat \u0219i merse \u00een buc\u0103t\u0103rie, unde vaza cu trandafiri st\u0103tea \u00een continuare pe mas\u0103. \u00cen lini\u0219tea nop\u021bii, parc\u0103 florile emanau un parfum mai puternic, mai dulce.<\/p>\n\n\n\n<p>Se a\u0219ez\u0103 la mas\u0103 \u0219i privi fotografia Elenei care st\u0103tea pe bufet. Z\u00e2mbetul ei bl\u00e2nd, ochii str\u0103lucitori\u2026 cinci ani, \u0219i durerea \u00eenc\u0103 nu se estompase complet.<\/p>\n\n\n\n<p>\u201eCe \u00eencerci s\u0103-mi spui, Elena?\u201d \u0219opti el \u00een \u00eentuneric.<\/p>\n\n\n\n<p>Un zgomot u\u0219or \u00eel f\u0103cu s\u0103 tresar\u0103. Venea din camera Anei. Mihai se ridic\u0103 \u0219i se apropie tiptil de u\u0219a fiicei sale. O auzi pl\u00e2ng\u00e2nd \u00eencet. B\u0103tu u\u0219or \u0219i intr\u0103.<\/p>\n\n\n\n<p>Ana st\u0103tea pe marginea patului, \u021bin\u00e2nd ceva \u00een m\u00e2ini.<\/p>\n\n\n\n<p>\u201eCe s-a \u00eent\u00e2mplat, scumpo?\u201d \u00eentreb\u0103 Mihai, a\u0219ez\u00e2ndu-se l\u00e2ng\u0103 ea.<\/p>\n\n\n\n<p>Ana \u00eei \u00eentinse ce \u021binea \u2013 un carne\u021bel cu coperte ro\u0219ii, uzate.<\/p>\n\n\n\n<p>\u201eL-am g\u0103sit sub pern\u0103 c\u00e2nd m-am culcat. Este jurnalul mamei.\u201d<\/p>\n\n\n\n<p>Mihai lu\u0103 carne\u021belul cu m\u00e2ini tremur\u00e2nde. Nu-l mai v\u0103zuse de ani de zile. Dup\u0103 moartea Elenei, nu g\u0103sise puterea s\u0103 citeasc\u0103 ce scrisese ea \u00een ultimele ei luni de via\u021b\u0103.<\/p>\n\n\n\n<p>\u201eEra \u00eentr-o cutie, \u00een podul casei,\u201d continu\u0103 Ana. \u201eNu l-am mai v\u0103zut de c\u00e2nd a murit mama. Cum a ajuns sub perna mea?\u201d<\/p>\n\n\n\n<p>Mihai deschise jurnalul. Caligrafia familiar\u0103 a Elenei p\u0103rea s\u0103 prind\u0103 via\u021b\u0103 pe pagini. R\u0103sfoi p\u00e2n\u0103 la ultima \u00eensemnare, datat\u0103 cu o s\u0103pt\u0103m\u00e2n\u0103 \u00eenainte de moartea ei:<\/p>\n\n\n\n<p>\u201eDragii mei Mihai \u0219i Ana, Dac\u0103 citi\u021bi aceste r\u00e2nduri, \u00eenseamn\u0103 c\u0103 nu mai sunt al\u0103turi de voi fizic. Dar vreau s\u0103 \u0219ti\u021bi c\u0103 sufletul meu nu v\u0103 va p\u0103r\u0103si niciodat\u0103. Ve\u021bi sim\u021bi prezen\u021ba mea \u00een momentele importante, \u00een zilele speciale. Nu v\u0103 \u00eengrijora\u021bi pentru mine \u2013 sunt bine acolo unde sunt. Vreau doar ca voi s\u0103 fi\u021bi ferici\u021bi, s\u0103 continua\u021bi s\u0103 tr\u0103i\u021bi, s\u0103 iubi\u021bi. Mihai, iubitul meu, nu te l\u0103sa consumat de durere. Ai grij\u0103 de feti\u021ba noastr\u0103 \u0219i, c\u00e2nd va veni timpul, deschide-\u021bi inima din nou. Meri\u021bi s\u0103 fii fericit. Ana, comoara mea, cre\u0219ti frumoas\u0103 \u0219i puternic\u0103. \u00cemi pare at\u00e2t de r\u0103u c\u0103 nu voi fi acolo s\u0103 te v\u0103d absolvind, \u00eendr\u0103gostindu-te, c\u0103s\u0103torindu-te, av\u00e2nd proprii t\u0103i copii. Dar voi fi mereu \u00een inima ta. V\u0103 iubesc mai mult dec\u00e2t pot exprima cuvintele. A voastr\u0103 pentru totdeauna, Elena\u201d<\/p>\n\n\n\n<p><a href=\"https:\/\/usd24.ro\/curs-valutar-31-octombrie-2022-cat-costa-euro-la-ultimul-curs-bnr-din-aceasta-luna\/\" target=\"_blank\" rel=\"noreferrer noopener\"><\/a><\/p>\n\n\n\n<p><\/p>\n\n\n\n<p>Lacrimile curgeau pe obrajii lui Mihai \u00een timp ce citea. Ana se lipi de el, pl\u00e2ng\u00e2nd \u0219i ea.<\/p>\n\n\n\n<p>\u201eCrezi c\u0103 mama\u2026\u201d \u00eencepu ea.<\/p>\n\n\n\n<p>\u201eNu \u0219tiu ce s\u0103 cred,\u201d r\u0103spunse Mihai sincer. \u201eDar ceva ciudat se \u00eent\u00e2mpl\u0103.\u201d<\/p>\n\n\n\n<p>\u00cen zilele urm\u0103toare, mai multe lucruri inexplicabile se \u00eent\u00e2mplar\u0103 \u00een casa familiei Popescu. Fotografii ale Elenei care fuseser\u0103 depozitate \u00een cutii ap\u0103reau pe noptiere \u0219i pe birouri. O melodie \u2013 c\u00e2ntecul preferat al Elenei \u2013 \u00eencepea s\u0103 se aud\u0103 la radio exact c\u00e2nd Mihai sau Ana intrau \u00een camer\u0103. Mirosul parfumului Elenei plutea uneori prin cas\u0103, de\u0219i sticlu\u021ba fusese goal\u0103 de ani de zile.<\/p>\n\n\n\n<p>\u00centr-o sear\u0103, la o s\u0103pt\u0103m\u00e2n\u0103 dup\u0103 incidentul cu trandafirii, Mihai g\u0103si pe masa din buc\u0103t\u0103rie o scrisoare pe care nu o recuno\u0219tea. Era adresat\u0103 unei anumite doctori\u021be Rusu, de la un centru oncologic experimental din str\u0103in\u0103tate. Scrisoarea men\u021biona un tratament nou pentru tipul de cancer de care suferise Elena, tratament care nu fusese disponibil \u00een timpul bolii ei.<\/p>\n\n\n\n<p>\u201eDe unde a ap\u0103rut asta?\u201d \u00eentreb\u0103 el c\u00e2nd Ana intr\u0103 \u00een buc\u0103t\u0103rie.<\/p>\n\n\n\n<p>Ana privi scrisoarea, confuz\u0103. \u201eNu \u0219tiu. Nu am v\u0103zut-o p\u00e2n\u0103 acum.\u201d<\/p>\n\n\n\n<p>\u00cen aceea\u0219i sear\u0103, telefonul sun\u0103. Era o veche prieten\u0103 a Elenei, pe care nu o mai v\u0103zuser\u0103 de la \u00eenmorm\u00e2ntare.<\/p>\n\n\n\n<p>\u201eMihai, nu o s\u0103 crezi! Am visat-o pe Elena azi-noapte. Mi-a spus s\u0103 te sun \u0219i s\u0103-\u021bi spun c\u0103 exist\u0103 o doctori\u021b\u0103, Rusu, care lucreaz\u0103 la un centru oncologic. Zicea c\u0103 ar trebui s\u0103 o contactezi. A fost at\u00e2t de vivid, \u00eenc\u00e2t am sim\u021bit c\u0103 Elena era chiar l\u00e2ng\u0103 mine!\u201d<\/p>\n\n\n\n<p>Mihai r\u0103mase mut de uimire, privind scrisoarea de pe mas\u0103.<\/p>\n\n\n\n<p>\u00cen ziua urm\u0103toare, dup\u0103 multe ezit\u0103ri, Mihai sun\u0103 la num\u0103rul de pe scrisoare. Doctori\u021ba Rusu exist\u0103 \u00eentr-adev\u0103r \u0219i conducea un program de cercetare pentru tratamentul cancerului. C\u00e2nd Mihai men\u021bion\u0103 numele Elenei, femeia p\u0103ru surprins\u0103.<\/p>\n\n\n\n<p>\u201eElena Popescu? Am primit un e-mail despre ea acum c\u00e2teva zile, de la o adres\u0103 necunoscut\u0103. Con\u021binea \u00eentregul ei dosar medical \u0219i o rug\u0103minte de a analiza cazul ei pentru cercet\u0103rile noastre. Este foarte ciudat, pentru c\u0103 studiem exact tipul de cancer de care a suferit so\u021bia dumneavoastr\u0103.\u201d<\/p>\n\n\n\n<p>Mihai \u00eenchise telefonul, sim\u021bindu-se ame\u021bit. E-mailuri trimise din neant, trandafiri care disp\u0103reau \u0219i reap\u0103reau, jurnalul g\u0103sit sub pern\u0103\u2026<\/p>\n\n\n\n<p>\u00cen acea noapte, se trezi brusc din somn. Camera era rece, de\u0219i era var\u0103. \u00cen col\u021bul camerei, parc\u0103 o umbr\u0103 se mi\u0219ca. Mihai se ridic\u0103 \u00een capul oaselor, inima b\u0103t\u00e2ndu-i cu putere.<\/p>\n\n\n\n<p>\u201eElena?\u201d \u0219opti el.<\/p>\n\n\n\n<p>Nu primi niciun r\u0103spuns, dar sim\u021bi o atingere u\u0219oar\u0103 pe obraz, ca o adiere. Parfumul ei umplu camera pentru o clip\u0103, apoi disp\u0103ru.<\/p>\n\n\n\n<p><a href=\"https:\/\/usd24.ro\/fratele-madalinei-manole-mesaj-emotionant-de-ziua-de-nastere-a-lui-petru-jr-baiatul-raposatei-artiste-a-implinit-13-ani\/\" target=\"_blank\" rel=\"noreferrer noopener\"><\/a><\/p>\n\n\n\n<p><\/p>\n\n\n\n<p>A doua zi, Mihai lu\u0103 o decizie. Intr\u0103 \u00een camera Anei \u0219i o g\u0103si citind jurnalul mamei sale.<\/p>\n\n\n\n<p>\u201eAna, cred c\u0103 mama ta \u00eencearc\u0103 s\u0103 ne spun\u0103 ceva. \u0218i cred c\u0103 \u0219tiu ce este.\u201d<\/p>\n\n\n\n<p>Ana \u00eel privi cu ochii mari. \u201eCe anume?\u201d<\/p>\n\n\n\n<p>\u201eDoctori\u021ba Rusu nu doar studiaz\u0103 tipul de cancer al mamei tale. Ea conduce un program pentru familiile pacien\u021bilor care au suferit de aceast\u0103 boal\u0103. Un fel de grup de sprijin, dar \u0219i un program de screening timpuriu pentru rudele de gradul \u00eent\u00e2i. Asta \u00eenseamn\u0103 tine, Ana.\u201d<\/p>\n\n\n\n<p>Fata p\u0103li. \u201eCrezi c\u0103\u2026 crezi c\u0103 a\u0219 putea avea \u0219i eu cancer?\u201d<\/p>\n\n\n\n<p>Mihai se a\u0219ez\u0103 l\u00e2ng\u0103 ea \u0219i o \u00eembr\u0103\u021bi\u0219\u0103. \u201eNu, scumpo. Dar exist\u0103 o predispozi\u021bie genetic\u0103 pentru acest tip de cancer. Doctori\u021ba Rusu spune c\u0103 prin testare \u0219i monitorizare regulat\u0103, riscul poate fi redus dramatic. Cred c\u0103 mama ta \u00eencearc\u0103 s\u0103 te protejeze, chiar \u0219i acum.\u201d<\/p>\n\n\n\n<p>Ana privi jurnalul din m\u00e2inile ei. \u201eDeci ea este \u00eenc\u0103 aici, \u00eentr-un fel.\u201d<\/p>\n\n\n\n<p>\u201eDa,\u201d r\u0103spunse Mihai, sim\u021bind pentru prima dat\u0103 \u00een cinci ani o anumit\u0103 pace. \u201eCred c\u0103 a fost mereu aici.\u201d<\/p>\n\n\n\n<p>\u00cen s\u0103pt\u0103m\u00e2nile urm\u0103toare, Mihai \u0219i Ana vizitar\u0103 centrul doctori\u021bei Rusu. Ana fu testat\u0103 \u0219i, de\u0219i rezultatele ar\u0103tar\u0103 o u\u0219oar\u0103 predispozi\u021bie genetic\u0103, doctori\u021ba \u00eei asigur\u0103 c\u0103 prin monitorizare regulat\u0103, riscul putea fi \u021binut sub control.<\/p>\n\n\n\n<p>Fenomenele ciudate din cas\u0103 continuar\u0103 un timp, apoi devenir\u0103 tot mai rare. Ultima manifestare fu \u00een ziua c\u00e2nd Ana \u00eemplini optsprezece ani. Pe tort ap\u0103ru o lum\u00e2nare \u00een plus fa\u021b\u0103 de cele pe care le pusese Mihai. Iar c\u00e2nd Ana o sufl\u0103, to\u021bi jurar\u0103 c\u0103 auzir\u0103 un r\u00e2s u\u0219or, muzical \u2013 r\u00e2sul inconfundabil al Elenei.<\/p>\n\n\n\n<p>Trandafirii din vaza albastr\u0103-cobalt r\u0103maser\u0103 proaspe\u021bi s\u0103pt\u0103m\u00e2ni \u00eentregi, sfid\u00e2nd legile naturii. C\u00e2nd, \u00een sf\u00e2r\u0219it, \u00eencepur\u0103 s\u0103 se ofileasc\u0103, Mihai \u0219i Ana \u00eei p\u0103strar\u0103, presa\u021bi \u00eentre paginile jurnalului Elenei.<\/p>\n\n\n\n<p>\u00cen acea var\u0103, pentru prima dat\u0103 \u00een cinci ani, Mihai accept\u0103 invita\u021bia la cin\u0103 a unei colege de la \u0219coala unde preda. Nu se sim\u021bea preg\u0103tit pentru o rela\u021bie, dar f\u0103cea un pas \u00eenainte. Iar c\u00e2nd se uit\u0103 la fotografia Elenei \u00eenainte de a pleca, ar fi putut jura c\u0103 z\u00e2mbetul ei p\u0103rea mai larg, mai luminos.<\/p>\n\n\n\n<p>\u201eMul\u021bumesc,\u201d \u0219opti el, ating\u00e2nd rama fotografiei. \u201ePentru tot.\u201d<\/p>\n\n\n\n<p>Iar undeva, \u00eentr-un loc \u00eentre lumi, Elena z\u00e2mbea, \u0219tiind c\u0103 cei doi oameni pe care \u00eei iubea cel mai mult erau \u00een sf\u00e2r\u0219it pe drumul spre vindecare.<\/p>\n\n\n\n<p>Dac\u0103 \u021bi-a pl\u0103cut povestea, nu uita s\u0103 o distribui cu prietenii t\u0103i! \u00cempreun\u0103 putem duce mai departe emo\u021bia \u0219i inspira\u021bia.<\/p>\n","protected":false},"excerpt":{"rendered":"<p>Mihai st\u0103tea \u00een\u021bepenit \u00een mijlocul buc\u0103t\u0103riei, privind vaza cu trandafiri ro\u0219ii care nu aveau ce s\u0103 caute acolo. Ana, fiica lui de \u0219aptesprezece ani, intr\u0103<\/p>\n","protected":false},"author":1,"featured_media":38421,"comment_status":"closed","ping_status":"closed","sticky":false,"template":"","format":"standard","meta":[],"categories":[1],"tags":[],"_links":{"self":[{"href":"http:\/\/calatorinromania.com\/index.php?rest_route=\/wp\/v2\/posts\/38432"}],"collection":[{"href":"http:\/\/calatorinromania.com\/index.php?rest_route=\/wp\/v2\/posts"}],"about":[{"href":"http:\/\/calatorinromania.com\/index.php?rest_route=\/wp\/v2\/types\/post"}],"author":[{"embeddable":true,"href":"http:\/\/calatorinromania.com\/index.php?rest_route=\/wp\/v2\/users\/1"}],"replies":[{"embeddable":true,"href":"http:\/\/calatorinromania.com\/index.php?rest_route=%2Fwp%2Fv2%2Fcomments&post=38432"}],"version-history":[{"count":1,"href":"http:\/\/calatorinromania.com\/index.php?rest_route=\/wp\/v2\/posts\/38432\/revisions"}],"predecessor-version":[{"id":38433,"href":"http:\/\/calatorinromania.com\/index.php?rest_route=\/wp\/v2\/posts\/38432\/revisions\/38433"}],"wp:featuredmedia":[{"embeddable":true,"href":"http:\/\/calatorinromania.com\/index.php?rest_route=\/wp\/v2\/media\/38421"}],"wp:attachment":[{"href":"http:\/\/calatorinromania.com\/index.php?rest_route=%2Fwp%2Fv2%2Fmedia&parent=38432"}],"wp:term":[{"taxonomy":"category","embeddable":true,"href":"http:\/\/calatorinromania.com\/index.php?rest_route=%2Fwp%2Fv2%2Fcategories&post=38432"},{"taxonomy":"post_tag","embeddable":true,"href":"http:\/\/calatorinromania.com\/index.php?rest_route=%2Fwp%2Fv2%2Ftags&post=38432"}],"curies":[{"name":"wp","href":"https:\/\/api.w.org\/{rel}","templated":true}]}}