{"id":38409,"date":"2025-04-10T08:41:57","date_gmt":"2025-04-10T08:41:57","guid":{"rendered":"https:\/\/calatorinromania.com\/?p=38409"},"modified":"2025-04-10T08:41:58","modified_gmt":"2025-04-10T08:41:58","slug":"mama-vinde-caruciorul-vechi-ca-sa-si-hraneasca-cei-4-copii","status":"publish","type":"post","link":"http:\/\/calatorinromania.com\/?p=38409","title":{"rendered":"Mama vinde c\u0103ruciorul vechi ca s\u0103-\u0219i hr\u0103neasc\u0103 cei 4 copii"},"content":{"rendered":"\n<h3>DISCLAIMER: Acest site este neutru din punct de vedere politic \u0219i nu sus\u021bine niciun partid sau ideologie politic\u0103.<\/h3>\n\n\n\n<p>Anne, o mam\u0103 \u00eens\u0103rcinat\u0103 cu trei copii, a fost nevoit\u0103 s\u0103 v\u00e2nd\u0103 c\u0103ruciorul pentru a-\u0219i hr\u0103ni cei trei copii dup\u0103 ce so\u021bul ei a abandonat-o.<br>Anne a stat pe podeaua buc\u0103t\u0103riei \u0219i a pl\u00e2ns. Era t\u00e2rziu \u00een noapte, \u0219i era singurul moment c\u00e2nd putea s\u0103-\u0219i arate durerea \u2013 c\u00e2nd cei trei copii erau \u00een sus, dormind.<\/p>\n\n\n\n<p>Anne sim\u021bea cum bebelu\u0219ul se mi\u0219ca \u0219i \u0219i-a pus o m\u00e2n\u0103 tandr\u0103 pe burt\u0103. \u201e\u00cemi pare r\u0103u,\u201d a \u0219optit ea c\u0103tre copilul nen\u0103scut. \u201eFac tot ce pot, dar nu este de ajuns\u2026\u201d<\/p>\n\n\n\n<p>Doar acum dou\u0103 luni, Anne fusese o so\u021bie \u0219i mam\u0103 foarte fericit\u0103, care a\u0219tepta cu \u00eencredere na\u0219terea celui de-al patrulea copil, \u0219i care era sigur\u0103 de locul ei \u00een lume \u0219i de iubirea so\u021bului ei. Acea femeie disp\u0103ruse acum.<br><img decoding=\"async\" src=\"https:\/\/indemnulinimii.ro\/wp-content\/uploads\/2024\/10\/23ov6vepso9.jpg\" alt=\"Anne st\u0103tea a\u0219tept\u00e2nd na\u0219terea celui de-al patrulea copil c\u00e2nd so\u021bul ei a plecat. Sursa fotografiei: Unsplash\"><\/p>\n\n\n\n<p>Derek venise acas\u0103 \u00eentr-o noapte \u0219i i-a spus c\u0103 pleac\u0103, doar at\u00e2t. \u201eDar de ce?\u201d, a \u00eentrebat Anne. \u201eNu \u00een\u021beleg, credeam c\u0103 suntem ferici\u021bi!\u201d<br>\u201eTU erai fericit\u0103!\u201d, a strigat Derek.<\/p>\n\n\n\n<p>\u201eTU, nu eu! Singurul lucru pe care-l f\u0103ceai era s\u0103 faci copii \u0219i s\u0103 te agi\u021bi \u00een jurul lor, acum vine unul \u00een plus!\u201d<br>\u201eDar VOIAI copii!\u201d, a protestat Anne. \u201eErai fericit de fiecare dat\u0103 c\u00e2nd eram \u00eens\u0103rcinat\u0103\u2026\u201d<\/p>\n\n\n\n<p>O familie se bazeaz\u0103 pe \u00een\u021belegere \u0219i respect reciproc.<br>\u201eFericit?\u201d, a strigat Derek. \u201eFericit c\u0103 \u00ee\u021bi d\u0103deai toat\u0103 dragostea \u0219i aten\u021bia copiilor? Pentru mine nu erai dec\u00e2t un cec de salariu! Ei bine, asta s-a TERMINAT!\u201d<\/p>\n\n\n\n<p>Deci, la trei luni dup\u0103 ce Anne \u0219i-a anun\u021bat a patra sarcin\u0103, Derek a plecat. Anne a mers imediat \u0219i \u0219i-a g\u0103sit un loc de munc\u0103 cu jum\u0103tate de norm\u0103 la un magazin alimentar din apropiere.<\/p>\n\n\n\n<p><img alt=\"&quot;Tot ce f\u0103ceai era s\u0103 faci copii \u0219i s\u0103 te agi\u021bi \u00een jurul lor!&quot; Sursa fotografiei: Unsplash\"><br>\u201eTot ce f\u0103ceai era s\u0103 faci copii \u0219i s\u0103 te agi\u021bi \u00een jurul lor!\u201d<\/p>\n\n\n\n<p>Proprietarul ar fi fost dispus s\u0103-i ofere un loc de munc\u0103 cu norm\u0103 \u00eentreag\u0103, dar pentru asta, Anne ar fi trebuit s\u0103 pl\u0103teasc\u0103 o bon\u0103 pentru cei trei b\u0103ie\u021bi, iar asta ar fi consumat cea mai mare parte din salariul ei, a\u0219a c\u0103 \u0219i-a folosit cu grij\u0103 salariul. Dar chiar \u0219i cu banii de \u00eentre\u021binere pe care Derek \u00eei trimitea, tot nu era suficient.<\/p>\n\n\n\n<p>Anne a \u00eenceput s\u0103 v\u00e2nd\u0103 ni\u0219te por\u021belanuri antice pe care le-a mo\u0219tenit de la bunica ei \u0219i asta i-a pl\u0103tit utilit\u0103\u021bile pentru c\u00e2teva luni. Apoi a v\u00e2ndut un set de perie \u0219i oglind\u0103 de argint pe care \u00eel avea de c\u00e2nd era mic\u0103 \u0219i asta i-a pl\u0103tit hrana. \u00cencetul cu \u00eencetul, pe m\u0103sur\u0103 ce burtica i se umfla, Anne a v\u00e2ndut comorile ei pentru a-\u0219i p\u0103stra familia \u00een siguran\u021b\u0103 \u0219i hr\u0103nit\u0103.<\/p>\n\n\n\n<p>Apoi, \u00eentr-o zi, nu mai avea nimic de v\u00e2nzare dec\u00e2t c\u00e2teva lucruri nesemnificative. Tot ce avea o valoare mai mare disp\u0103ruse. Anne s-a uitat la vechiul c\u0103rucior pe care \u00eel adusese din beci.<\/p>\n\n\n\n<p>A fost al ei c\u00e2nd era bebelu\u0219\u0103 \u0219i a fost folosit de fiecare dintre copiii ei la r\u00e2ndul lor. Era foarte vechi, probabil din anii \u0219aizeci, dar era \u00eentr-o stare impecabil\u0103.<br><img decoding=\"async\" src=\"https:\/\/indemnulinimii.ro\/wp-content\/uploads\/2024\/10\/l6ikscth7c.jpg\" alt=\"Anne a fost devastat\u0103 de atitudinea lui Derek. Sursa fotografiei: Unsplash\"><br>Anne a fost devastat\u0103 de atitudinea lui Derek. Sursa fotografiei: Unsplash<br>\u0218i-a trecut m\u00e2na peste trandafirii picta\u021bi pe lateral \u0219i \u0219i-a re\u021binut lacrimile. Avea nevoie de el pentru noul bebelu\u0219, dar avea nevoie \u0219i mai mare de bani.<\/p>\n\n\n\n<p>A \u00eenceput s\u0103 se g\u00e2ndeasc\u0103 cum ar putea ob\u021bine un pre\u021b bun pentru el la pia\u021ba de vechituri. Obiectele vintage erau \u00eentotdeauna populare\u2026 \u0218i a\u0219a c\u0103 a dus c\u0103ruciorul la pia\u021ba de vechituri, unde unul dintre comercian\u021bi i-a dat 50 de dolari pe el. Nu prea mult, dar fiecare cent conta.<br>Anne s-a \u00eendep\u0103rtat, convins\u0103 c\u0103 nu va mai vedea c\u0103ruciorul, dar s-a \u00een\u0219elat. Dou\u0103 zile mai t\u00e2r<\/p>\n\n\n\n<p>ziu, a deschis u\u0219a din fa\u021b\u0103 \u0219i a v\u0103zut c\u0103ruciorul pe verand\u0103!<br>\u00cen\u0103untru era o plicul \u0219i Anne l-a deschis \u0219i a citit: \u201eTe rog s\u0103 m\u0103 suni.\u201d Mesajul era urmat de un num\u0103r de telefon. Anne a sunat la num\u0103r \u0219i o femeie i-a r\u0103spuns la telefon.<\/p>\n\n\n\n<p>\u201eSalut?\u201d a spus Anne. \u201eE\u0219ti tu persoana care a l\u0103sat c\u0103ruciorul? Cum ai \u0219tiut cui apar\u021bine \u0219i unde locuiesc?\u201d<br><img alt=\"Anne \u0219i-a g\u0103sit un loc de munc\u0103 cu jum\u0103tate de norm\u0103. Sursa fotografiei: Pexels\"><br>Anne \u0219i-a g\u0103sit un loc de munc\u0103 cu jum\u0103tate de norm\u0103. Sursa fotografiei: Pexels<br>\u201eDerek mi-a spus,\u201d a spus femeia de cealalt\u0103 parte. \u201eSunt Grace Robbs. Cred c\u0103 ar trebui s\u0103 ne \u00eent\u00e2lnim.\u201d<\/p>\n\n\n\n<p>O or\u0103 mai t\u00e2rziu, Grace era a\u0219ezat\u0103 pe canapeaua Annei, sorbind ceai. Era o femeie frumoas\u0103, cu \u0219ase sau \u0219apte ani mai t\u00e2n\u0103r\u0103 dec\u00e2t Anne, \u0219i p\u0103rea foarte nefericit\u0103. Pielea ei palid\u0103 era \u00eennodat\u0103 \u0219i ochii \u00eei erau umfla\u021bi de parc\u0103 ar fi pl\u00e2ns.<\/p>\n\n\n\n<p>\u201eCum \u00eel cuno\u0219ti pe Derek?\u201d, l-a \u00eentrebat Anne, chiar dac\u0103 \u00een inima ei deja \u0219tia r\u0103spunsul.<\/p>\n\n\n\n<p>\u201eAm fost iubita lui\u201d, a spus Grace.<br>\u201eA fost?\u201d, a \u00eentrebat Anne. \u201eV-a\u021bi desp\u0103r\u021bit?\u201d<br><img decoding=\"async\" src=\"https:\/\/indemnulinimii.ro\/wp-content\/uploads\/2024\/10\/tx3sk6a4ewd.jpg\" alt=\"Ceea ce c\u00e2\u0219tiga Anne nu era suficient. Sursa fotografiei: Unsplash\"><br>Ceea ce c\u00e2\u0219tiga Anne nu era suficient. Sursa fotografiei: Unsplash<br>\u201eAst\u0103zi, de fapt,\u201d a spus Grace \u0219i a \u00eenceput s\u0103 pl\u00e2ng\u0103. \u201eNu \u0219tiam\u2026 nu \u0219tiam de tine sau de copii sau de bebelu\u0219\u2026 Am aflat c\u0103 sunt \u00eens\u0103rcinat\u0103, \u0219i nu \u0219tiam cum s\u0103-i spun lui\u2026\u201d<\/p>\n\n\n\n<p>\u201eA\u0219a c\u0103 am mers la pia\u021ba de vechituri cu o prieten\u0103 \u0219i am v\u0103zut acest c\u0103rucior adorabil \u0219i l-am cump\u0103rat. L-am pus \u00een mijlocul camerei \u0219i i-am legat de el ni\u0219te baloane cu un mesaj: \u201eBun\u0103, tati!\u201d\u201d<\/p>\n\n\n\n<p>\u201eDar el nu a fost fericit ca mine c\u0103 m\u0103 a\u0219tepta. A \u00eenceput s\u0103 \u021bipe \u0219i s\u0103 \u00eentrebe de unde am primit c\u0103ruciorul \u0219i dac\u0103 so\u021bia lui stupid\u0103 mi l-a dat mie. A \u00eentrebat dac\u0103 este o glum\u0103.\u201d<\/p>\n\n\n\n<p>\u201eMi-a spus s\u0103-l duc \u00eenapoi imediat, c\u0103 nu vrea s\u0103 \u0219tie nimic despre bebelu\u0219ul t\u0103u. A\u0219a c\u0103 i-am spus: \u2018Este pentru copilul nostru.\u2019 \u0219i atunci a devenit nebun.\u201d<\/p>\n\n\n\n<p>\u201eM-a acuzat c\u0103 vreau s\u0103-l prind \u0219i a spus c\u0103 deja avea trei pui cu tine \u0219i unul \u00een drum, \u0219i c\u0103 nu vrea copilul meu. Mi-a spus s\u0103 plec \u0219i s\u0103 vin la tine.\u201d<br><img alt=\"Anne a v\u00e2ndut c\u0103ruciorul vintage frumos la pia\u021ba de vechituri. Sursa fotografiei: Unsplash\"><br>Anne a v\u00e2ndut c\u0103ruciorul vintage frumos la pia\u021ba de vechituri. Sursa fotografiei: Unsplash<\/p>\n\n\n\n<p>\u201eA spus: \u2018Ar fi de ajuns s\u0103 avem toate vacile la umbra aceluia\u0219i acoperi\u0219.\u2019 \u00cemi pare foarte r\u0103u, nu \u0219tiam despre tine, cred c\u0103 nu \u00eel cuno\u0219team deloc!\u201d<br>Anne s-a ridicat \u0219i \u0219i-a pus bra\u021bul \u00een jurul fetei care pl\u00e2ngea. \u201eNu-i nimic. Totul va fi bine, o s\u0103 vezi.\u201d<\/p>\n\n\n\n<p>\u201eM-a dat afar\u0103,\u201d a spus Grace lini\u0219tit. \u201eNu am familie aici \u0219i nu am unde s\u0103 merg. Am un loc de munc\u0103, dar cu chiriile din acest ora\u0219, nu \u00eemi permit s\u0103 locuiesc singur\u0103, \u0219i cine o s\u0103 vrea o coleg\u0103 de camer\u0103 \u00eens\u0103rcinat\u0103?\u201d<br>\u201eEu o voi vrea!\u201d a spus Anne hot\u0103r\u00e2t. \u201eAm nevoie de un chiria\u0219 pentru c\u0103 ceea ce c\u00e2\u0219tig eu nu este suficient, \u0219i nu pot lucra cu norm\u0103 \u00eentreag\u0103 pentru c\u0103 nu \u00eemi pot permite o bon\u0103 dup\u0103 \u0219coal\u0103.\u201d<\/p>\n\n\n\n<p>\u201eDar\u2026\u201d Fa\u021ba lui Grace s-a luminat. \u201eLucrez online! Pot avea grij\u0103 de copii dup\u0103 \u0219coal\u0103. Iubesc copiii!\u201d<br><img decoding=\"async\" src=\"https:\/\/indemnulinimii.ro\/wp-content\/uploads\/2024\/10\/f112c2hm5n7.jpg\" alt=\"Anne \u0219i Grace s-au \u00eencurajat reciproc. Sursa fotografiei: Unsplash\"><br>Anne \u0219i Grace s-au \u00eencurajat reciproc. Sursa fotografiei: Unsplash<br>\u201eDeci pot avea un loc de munc\u0103 cu norm\u0103 \u00eentreag\u0103?\u201d a \u00eentrebat Anne, \u00eenc\u00e2ntat\u0103. \u201eProprietarul magazinului alimentar vrea s\u0103 \u00eel conduc\u0103 pentru el. Cu ajutorul t\u0103u, pot face asta!<\/p>\n\n\n\n<p>\u0218i nu trebuie s\u0103-\u021bi faci griji pentru lucrurile pentru bebelu\u0219. Dup\u0103 trei copii am destule pentru o armat\u0103.\u201d<br>Grace a z\u00e2mbit printre lacrimi. \u201e\u0218i avem \u0219i c\u0103ruciorul\u2026\u201d a remarcat ea. \u201eE\u0219ti sigur\u0103? E copilul lui Derek\u2026\u201d<br>\u201eNu,\u201d a scuturat Anne din cap. \u201eE copilul T\u0102U, \u0219i fratele sau sora copiilor mei, asta e tot ce conteaz\u0103.\u201d<\/p>\n\n\n\n<p>Cele dou\u0103 femei s-au a\u0219ezat \u00eentr-o nou\u0103 via\u021b\u0103 \u00eempreun\u0103, \u0219i c\u00e2nd bebelu\u0219ul Annei s-a n\u0103scut, Grace a fost acolo. C\u00e2nd a venit vremea lui Grace, patru luni mai t\u00e2rziu, Anne i-a \u021binut m\u00e2na. Au devenit o adev\u0103rat\u0103 familie \u0219i au crescut \u00eempreun\u0103 cei cinci copii.<br><img alt=\"Anne \u0219i Grace au crescut \u00eempreun\u0103 copiii lor. Sursa fotografiei: Unsplash\"><br>Anne \u0219i Grace au crescut \u00eempreun\u0103 copiii lor. Sursa fotografiei: Unsplash<br>\u00cen ceea ce prive\u0219te Derek, el a avut mai multe rela\u021bii e\u0219uate \u0219i, \u00een cele din urm\u0103, a venit s\u0103 bat\u0103 la u\u0219a Annei. A fost \u0219ocat c\u00e2nd a v\u0103zut-o pe Grace acolo \u0219i a cerut s\u0103 vorbeasc\u0103 cu Anne. \u201eCe vrei, Derek?\u201d l-a \u00eentrebat Anne.<\/p>\n\n\n\n<p>\u201eMi-e dor de tine, iubito\u2026\u201d a spus Derek.<br>Anne l-a privit \u00een t\u0103cere pentru c\u00e2teva clipe \u0219i apoi a spus: \u201eScuze, nu sunt interesat\u0103!\u201d \u0218i i-a \u00eenchis u\u0219a \u00een nas.<\/p>\n\n\n\n<p><strong>Ce putem \u00eenv\u0103\u021ba din aceast\u0103 poveste? Dac\u0103 lucr\u0103m \u00eempreun\u0103, putem dep\u0103\u0219i orice problem\u0103.<\/strong>&nbsp;Anne \u0219i Grace nu ar fi supravie\u021buit singure, dar \u00eempreun\u0103 au format o echip\u0103 imbatibil\u0103.&nbsp;<strong>O familie este construit\u0103 pe \u00een\u021belegere \u0219i respect reciproc.<\/strong>&nbsp;Anne \u0219i Grace au construit o familie bazat\u0103 pe prietenie \u0219i sprijin reciproc.&nbsp;<strong>\u00cemp\u0103rt\u0103\u0219e\u0219te aceast\u0103 poveste cu prietenii t\u0103i. S-ar putea s\u0103 le lumineze ziua \u0219i s\u0103-i inspire.<\/strong><\/p>\n\n\n\n<figure class=\"wp-block-image\"><img decoding=\"async\" src=\"https:\/\/indemnulinimii.ro\/wp-content\/uploads\/2024\/10\/tg5e5v9m4a.jpg\" alt=\"\"\/><\/figure>\n","protected":false},"excerpt":{"rendered":"<p>DISCLAIMER: Acest site este neutru din punct de vedere politic \u0219i nu sus\u021bine niciun partid sau ideologie politic\u0103. Anne, o mam\u0103 \u00eens\u0103rcinat\u0103 cu trei copii,<\/p>\n","protected":false},"author":1,"featured_media":38301,"comment_status":"closed","ping_status":"closed","sticky":false,"template":"","format":"standard","meta":[],"categories":[1],"tags":[],"_links":{"self":[{"href":"http:\/\/calatorinromania.com\/index.php?rest_route=\/wp\/v2\/posts\/38409"}],"collection":[{"href":"http:\/\/calatorinromania.com\/index.php?rest_route=\/wp\/v2\/posts"}],"about":[{"href":"http:\/\/calatorinromania.com\/index.php?rest_route=\/wp\/v2\/types\/post"}],"author":[{"embeddable":true,"href":"http:\/\/calatorinromania.com\/index.php?rest_route=\/wp\/v2\/users\/1"}],"replies":[{"embeddable":true,"href":"http:\/\/calatorinromania.com\/index.php?rest_route=%2Fwp%2Fv2%2Fcomments&post=38409"}],"version-history":[{"count":1,"href":"http:\/\/calatorinromania.com\/index.php?rest_route=\/wp\/v2\/posts\/38409\/revisions"}],"predecessor-version":[{"id":38410,"href":"http:\/\/calatorinromania.com\/index.php?rest_route=\/wp\/v2\/posts\/38409\/revisions\/38410"}],"wp:featuredmedia":[{"embeddable":true,"href":"http:\/\/calatorinromania.com\/index.php?rest_route=\/wp\/v2\/media\/38301"}],"wp:attachment":[{"href":"http:\/\/calatorinromania.com\/index.php?rest_route=%2Fwp%2Fv2%2Fmedia&parent=38409"}],"wp:term":[{"taxonomy":"category","embeddable":true,"href":"http:\/\/calatorinromania.com\/index.php?rest_route=%2Fwp%2Fv2%2Fcategories&post=38409"},{"taxonomy":"post_tag","embeddable":true,"href":"http:\/\/calatorinromania.com\/index.php?rest_route=%2Fwp%2Fv2%2Ftags&post=38409"}],"curies":[{"name":"wp","href":"https:\/\/api.w.org\/{rel}","templated":true}]}}