{"id":38407,"date":"2025-04-09T08:44:25","date_gmt":"2025-04-09T08:44:25","guid":{"rendered":"https:\/\/calatorinromania.com\/?p=38407"},"modified":"2025-04-09T08:44:26","modified_gmt":"2025-04-09T08:44:26","slug":"sotul-meu-a-facut-un-test-adn-si-a-spus-ca-fiica-noastra-nu-este-a-lui","status":"publish","type":"post","link":"http:\/\/calatorinromania.com\/?p=38407","title":{"rendered":"So\u021bul meu a f\u0103cut un test adn \u0219i a spus c\u0103 fiica noastr\u0103 nu este a lui"},"content":{"rendered":"\n<h3>DISCLAIMER: Acest site este neutru din punct de vedere politic \u0219i nu sus\u021bine niciun partid sau ideologie politic\u0103.<\/h3>\n\n\n\n<p><\/p>\n\n\n\n<p>So\u021bul unei femei a f\u0103cut un test de paternitate, iar rezultatele au indicat c\u0103 el nu era tat\u0103l fiicei lor, ceea ce a dus la o serie de descoperiri \u0219ocante care le-au schimbat vie\u021bile pentru totdeauna.<\/p>\n\n\n\n<h3>Dezv\u0103luirea ini\u021bial\u0103<\/h3>\n\n\n\n<p>O femeie de 29 de ani a \u00eemp\u0103rt\u0103\u0219it pe Reddit o poveste personal\u0103 despre cum via\u021ba ei s-a schimbat dup\u0103 ce so\u021bul ei, \u00een v\u00e2rst\u0103 de 31 de ani, a f\u0103cut un test de paternitate. C\u0103s\u0103tori\u021bi \u00eenc\u0103 din facultate, cei doi aveau o fiic\u0103 de 5 ani \u0219i duceau o via\u021b\u0103 armonioas\u0103, p\u00e2n\u0103 c\u00e2nd rezultatele testului au ar\u0103tat c\u0103 feti\u021ba nu era biologic a lui.<\/p>\n\n\n\n<p>B\u0103rbatul \u0219i-a justificat suspiciunile spun\u00e2nd c\u0103 am\u00e2ndoi au ochi alba\u0219tri, \u00een timp ce fiica lor are ochi c\u0103prui. Dup\u0103 primirea rezultatelor, comportamentul s\u0103u s-a schimbat drastic: a devenit rece, distant, petrecea tot mai mult timp la serviciu \u0219i evita s\u0103 vorbeasc\u0103 cu so\u021bia sa.<\/p>\n\n\n\n<p>De\u0219i \u0219ocat\u0103, femeia a negat categoric orice infidelitate, afirm\u00e2nd c\u0103 nu exist\u0103 alt posibil tat\u0103 pentru copil. Cei doi \u00ee\u0219i doriser\u0103 acest copil \u0219i planificaser\u0103 \u00eempreun\u0103 s\u0103 devin\u0103 p\u0103rin\u021bi, iar ea niciodat\u0103 nu s-ar fi g\u00e2ndit s\u0103-\u0219i tr\u0103deze so\u021bul.<\/p>\n\n\n\n<h3>O adev\u0103rat\u0103 surpriz\u0103<\/h3>\n\n\n\n<p>Dup\u0103 multe discu\u021bii, cuplul a decis s\u0103 fac\u0103 mai multe teste pentru a clarifica situa\u021bia. Ceea ce au descoperit \u00eens\u0103 a fost \u0219i mai \u0219ocant:&nbsp;<strong>niciunul dintre ei nu era, de fapt, p\u0103rintele biologic al feti\u021bei lor<\/strong>.<\/p>\n\n\n\n<p>Con\u0219tientiz\u00e2nd gravitatea situa\u021biei, femeia a raportat cazul autorit\u0103\u021bilor, care au ini\u021biat o investiga\u021bie la spitalul unde ea n\u0103scuse. S-a descoperit c\u0103&nbsp;<strong>avusese loc o \u00eencurc\u0103tur\u0103 la maternitate<\/strong>, iar bebelu\u0219ii fuseser\u0103 schimba\u021bi.<\/p>\n\n\n\n<h3>Reg\u0103sirea fiicei biologice<\/h3>\n\n\n\n<p>Cu ajutorul investiga\u021biilor, cuplul \u0219i-a g\u0103sit fiica biologic\u0103, care tr\u0103ia \u00eentr-un orfelinat. Copilul fusese luat acas\u0103 de o alt\u0103 familie, dar autorit\u0103\u021bile l-au preluat dup\u0103 ce s-a constatat c\u0103 nu era biologic al lor. De atunci, feti\u021ba tr\u0103ise sub \u00eengrijirea institu\u021biei.<\/p>\n\n\n\n<p>Femeia \u0219i so\u021bul ei au fost devasta\u021bi de situa\u021bie, dar s-au sim\u021bit u\u0219ura\u021bi c\u0103 fiica lor biologic\u0103 era \u00een siguran\u021b\u0103. Cuplul a demarat imediat procedurile de adop\u021bie pentru a o aduce acas\u0103 \u0219i a depus o pl\u00e2ngere \u00eempotriva spitalului pentru neglijen\u021b\u0103. \u00cen urma procesului, au primit o compensa\u021bie de aproximativ 2 milioane de dolari.<\/p>\n\n\n\n<p>\u00centr-o actualizare pe Reddit, femeia a povestit c\u0103 au explicat fiicei lor c\u0103 noua ei \u201esor\u0103\u201d va face parte din familie, asigur\u00e2nd-o c\u0103 va fi iubit\u0103 la fel de mult. Cuplul pl\u0103nuia s\u0103 se mute \u00eentr-un alt ora\u0219 pentru a \u00eencepe o via\u021b\u0103 nou\u0103 al\u0103turi de cele dou\u0103 fete.<\/p>\n\n\n\n<p>Aceasta este povestea lor despre pierdere, reg\u0103sire \u0219i un nou \u00eenceput.<\/p>\n","protected":false},"excerpt":{"rendered":"<p>DISCLAIMER: Acest site este neutru din punct de vedere politic \u0219i nu sus\u021bine niciun partid sau ideologie politic\u0103. So\u021bul unei femei a f\u0103cut un test<\/p>\n","protected":false},"author":1,"featured_media":38334,"comment_status":"closed","ping_status":"closed","sticky":false,"template":"","format":"standard","meta":[],"categories":[1],"tags":[],"_links":{"self":[{"href":"http:\/\/calatorinromania.com\/index.php?rest_route=\/wp\/v2\/posts\/38407"}],"collection":[{"href":"http:\/\/calatorinromania.com\/index.php?rest_route=\/wp\/v2\/posts"}],"about":[{"href":"http:\/\/calatorinromania.com\/index.php?rest_route=\/wp\/v2\/types\/post"}],"author":[{"embeddable":true,"href":"http:\/\/calatorinromania.com\/index.php?rest_route=\/wp\/v2\/users\/1"}],"replies":[{"embeddable":true,"href":"http:\/\/calatorinromania.com\/index.php?rest_route=%2Fwp%2Fv2%2Fcomments&post=38407"}],"version-history":[{"count":1,"href":"http:\/\/calatorinromania.com\/index.php?rest_route=\/wp\/v2\/posts\/38407\/revisions"}],"predecessor-version":[{"id":38408,"href":"http:\/\/calatorinromania.com\/index.php?rest_route=\/wp\/v2\/posts\/38407\/revisions\/38408"}],"wp:featuredmedia":[{"embeddable":true,"href":"http:\/\/calatorinromania.com\/index.php?rest_route=\/wp\/v2\/media\/38334"}],"wp:attachment":[{"href":"http:\/\/calatorinromania.com\/index.php?rest_route=%2Fwp%2Fv2%2Fmedia&parent=38407"}],"wp:term":[{"taxonomy":"category","embeddable":true,"href":"http:\/\/calatorinromania.com\/index.php?rest_route=%2Fwp%2Fv2%2Fcategories&post=38407"},{"taxonomy":"post_tag","embeddable":true,"href":"http:\/\/calatorinromania.com\/index.php?rest_route=%2Fwp%2Fv2%2Ftags&post=38407"}],"curies":[{"name":"wp","href":"https:\/\/api.w.org\/{rel}","templated":true}]}}