{"id":38389,"date":"2025-04-09T07:13:42","date_gmt":"2025-04-09T07:13:42","guid":{"rendered":"https:\/\/calatorinromania.com\/?p=38389"},"modified":"2026-02-03T10:48:01","modified_gmt":"2026-02-03T10:48:01","slug":"%f0%9f%a5%a3-faina-de-ovaz-coapta-cu-nuci-seminte-si-fructe","status":"publish","type":"post","link":"http:\/\/calatorinromania.com\/?p=38389","title":{"rendered":"\ud83e\udd63 <strong>F\u0103in\u0103 de Ov\u0103z Coapt\u0103 cu Nuci, Semin\u021be \u0219i Fructe<\/strong>"},"content":{"rendered":"\n<p><em>Un mic dejun sau gustare hr\u0103nitoare, u\u0219or de preparat \u0219i plin\u0103 de savoare natural\u0103.<\/em><\/p>\n\n\n\n<p><\/p>\n\n\n\n<h3>\u23f1 Timp de preparare:<\/h3>\n\n\n\n<ul>\n<li><strong>Preg\u0103tire:<\/strong> 10 minute<\/li>\n\n\n\n<li><strong>G\u0103tire:<\/strong> 30 minute<\/li>\n\n\n\n<li><strong>Total:<\/strong> 40 minute<\/li>\n<\/ul>\n\n\n\n<p><\/p>\n\n\n\n<h3>\ud83c\udf4e Ingrediente:<\/h3>\n\n\n\n<ul>\n<li>1 can\u0103 <strong>fulgi de ov\u0103z<\/strong><\/li>\n\n\n\n<li>\u00bd can\u0103 <strong>nuci tocate<\/strong> (nuci rom\u00e2ne\u0219ti, migdale, pecan etc.)<\/li>\n\n\n\n<li>1 lingur\u0103 <strong>\u00eendulcitor<\/strong> (miere, sirop de ar\u021bar, stevia \u2013 ce preferi)<\/li>\n\n\n\n<li>1 lingur\u0103 <strong>semin\u021be de susan<\/strong><\/li>\n\n\n\n<li>1 lingur\u0103 <strong>semin\u021be de floarea-soarelui<\/strong><\/li>\n\n\n\n<li>\u00bc linguri\u021b\u0103 <strong>scor\u021bi\u0219oar\u0103<\/strong><\/li>\n\n\n\n<li>1 <strong>m\u0103r<\/strong> cur\u0103\u021bat \u0219i t\u0103iat cubule\u021be<\/li>\n\n\n\n<li>1 <strong>banan\u0103 coapt\u0103<\/strong>, pisat\u0103<\/li>\n\n\n\n<li>\u00bd can\u0103 <strong>fulgi de ov\u0103z suplimentari<\/strong> (pentru legarea compozi\u021biei)<\/li>\n<\/ul>\n\n\n\n<p><\/p>\n\n\n\n<h3>\ud83e\uddd1\u200d\ud83c\udf73 Mod de preparare:<\/h3>\n\n\n\n<p><\/p>\n\n\n\n<h4>\ud83d\udd38 1. Pre\u00eenc\u0103lze\u0219te cuptorul:<\/h4>\n\n\n\n<ul>\n<li>Seteaz\u0103 cuptorul la <strong>180\u00b0C<\/strong> (360\u00b0F).<\/li>\n<\/ul>\n\n\n\n<p><\/p>\n\n\n\n<h4>\ud83d\udd38 2. Combin\u0103 ingredientele uscate:<\/h4>\n\n\n\n<ul>\n<li>\u00centr-un bol mare, amestec\u0103:<br><code>1 can\u0103 ov\u0103z + nucile + semin\u021bele + scor\u021bi\u0219oara<\/code><\/li>\n<\/ul>\n\n\n\n<p><\/p>\n\n\n\n<h4>\ud83d\udd38 3. Preg\u0103te\u0219te fructele:<\/h4>\n\n\n\n<ul>\n<li>Taie <strong>m\u0103rul<\/strong> cubule\u021be.<\/li>\n\n\n\n<li>Piseaz\u0103 <strong>banana<\/strong> cu o furculi\u021b\u0103.<\/li>\n<\/ul>\n\n\n\n<p><\/p>\n\n\n\n<h4>\ud83d\udd38 4. Amestec\u0103 totul:<\/h4>\n\n\n\n<ul>\n<li>Adaug\u0103 m\u0103rul \u0219i banana peste ingredientele uscate.<\/li>\n\n\n\n<li>Toarn\u0103 \u00eendulcitorul \u0219i amestec\u0103 bine.<\/li>\n\n\n\n<li>\u00cencorporeaz\u0103 <strong>\u00bd can\u0103 fulgi de ov\u0103z suplimentari<\/strong> pentru legare.<\/li>\n<\/ul>\n\n\n\n<p><\/p>\n\n\n\n<h4>\ud83d\udd38 5. Coacere:<\/h4>\n\n\n\n<ul>\n<li>Tapeteaz\u0103 o tav\u0103 cu h\u00e2rtie de copt sau unge cu pu\u021bin ulei.<\/li>\n\n\n\n<li>Toarn\u0103 amestecul \u0219i niveleaz\u0103.<\/li>\n\n\n\n<li>Coace timp de <strong>30 minute<\/strong>, p\u00e2n\u0103 c\u00e2nd devine <strong>auriu \u0219i bine legat<\/strong>.<\/li>\n<\/ul>\n\n\n\n<p><\/p>\n\n\n\n<h3>\ud83c\udf7d Sugestii de servire:<\/h3>\n\n\n\n<ul>\n<li>Serve\u0219te <strong>cald<\/strong> sau <strong>la temperatura camerei<\/strong>.<\/li>\n\n\n\n<li>Ideal cu un pahar de <strong>lapte vegetal<\/strong>, un <strong>iaurt cremos<\/strong> sau un <strong>strop de miere\/sirop de ar\u021bar<\/strong> deasupra.<\/li>\n<\/ul>\n\n\n\n<p><\/p>\n\n\n\n<h3>\u2705 Sfaturi utile:<\/h3>\n\n\n\n<ul>\n<li>Folose\u0219te <strong>banane bine coapte<\/strong> \u2013 ofer\u0103 dulcea\u021b\u0103 natural\u0103 \u0219i textur\u0103 cremoas\u0103.<\/li>\n\n\n\n<li>Po\u021bi ad\u0103uga: <strong>semin\u021be de dovleac<\/strong>, <strong>stafide<\/strong>, <strong>meri\u0219oare uscate<\/strong> sau chiar <strong>buc\u0103\u021bi de ciocolat\u0103 neagr\u0103<\/strong> \ud83d\ude0b<\/li>\n<\/ul>\n\n\n\n<p><\/p>\n\n\n\n<h3>\ud83d\udc9a Beneficii nutri\u021bionale:<\/h3>\n\n\n\n<ul>\n<li>Bogat\u0103 \u00een <strong>fibre, antioxidan\u021bi \u0219i gr\u0103simi bune<\/strong><\/li>\n\n\n\n<li>Ofer\u0103 <strong>energie constant\u0103<\/strong><\/li>\n\n\n\n<li>F\u0103r\u0103 zah\u0103r rafinat (dac\u0103 alegi un \u00eendulcitor natural)<\/li>\n\n\n\n<li>Potrivit\u0103 pentru <strong>diete vegane<\/strong>, <strong>f\u0103r\u0103 lactate<\/strong> \u0219i <strong>gluten-free<\/strong> (cu ov\u0103z certificat)<\/li>\n<\/ul>\n","protected":false},"excerpt":{"rendered":"<p>Un mic dejun sau gustare hr\u0103nitoare, u\u0219or de preparat \u0219i plin\u0103 de savoare natural\u0103. \u23f1 Timp de preparare: \ud83c\udf4e Ingrediente: \ud83e\uddd1\u200d\ud83c\udf73 Mod de preparare: \ud83d\udd38<\/p>\n","protected":false},"author":1,"featured_media":38390,"comment_status":"closed","ping_status":"closed","sticky":false,"template":"","format":"standard","meta":[],"categories":[1],"tags":[],"_links":{"self":[{"href":"http:\/\/calatorinromania.com\/index.php?rest_route=\/wp\/v2\/posts\/38389"}],"collection":[{"href":"http:\/\/calatorinromania.com\/index.php?rest_route=\/wp\/v2\/posts"}],"about":[{"href":"http:\/\/calatorinromania.com\/index.php?rest_route=\/wp\/v2\/types\/post"}],"author":[{"embeddable":true,"href":"http:\/\/calatorinromania.com\/index.php?rest_route=\/wp\/v2\/users\/1"}],"replies":[{"embeddable":true,"href":"http:\/\/calatorinromania.com\/index.php?rest_route=%2Fwp%2Fv2%2Fcomments&post=38389"}],"version-history":[{"count":1,"href":"http:\/\/calatorinromania.com\/index.php?rest_route=\/wp\/v2\/posts\/38389\/revisions"}],"predecessor-version":[{"id":38391,"href":"http:\/\/calatorinromania.com\/index.php?rest_route=\/wp\/v2\/posts\/38389\/revisions\/38391"}],"wp:featuredmedia":[{"embeddable":true,"href":"http:\/\/calatorinromania.com\/index.php?rest_route=\/wp\/v2\/media\/38390"}],"wp:attachment":[{"href":"http:\/\/calatorinromania.com\/index.php?rest_route=%2Fwp%2Fv2%2Fmedia&parent=38389"}],"wp:term":[{"taxonomy":"category","embeddable":true,"href":"http:\/\/calatorinromania.com\/index.php?rest_route=%2Fwp%2Fv2%2Fcategories&post=38389"},{"taxonomy":"post_tag","embeddable":true,"href":"http:\/\/calatorinromania.com\/index.php?rest_route=%2Fwp%2Fv2%2Ftags&post=38389"}],"curies":[{"name":"wp","href":"https:\/\/api.w.org\/{rel}","templated":true}]}}