{"id":38380,"date":"2025-04-08T11:01:16","date_gmt":"2025-04-08T11:01:16","guid":{"rendered":"https:\/\/calatorinromania.com\/?p=38380"},"modified":"2025-04-08T11:01:17","modified_gmt":"2025-04-08T11:01:17","slug":"vazand-ca-femeia-bogata-arunca-un-carucior-pentru-copii-fata-saraca-a-decis-sa-l-ia-pentru-ea","status":"publish","type":"post","link":"http:\/\/calatorinromania.com\/?p=38380","title":{"rendered":"V\u0103z\u00e2nd c\u0103 femeia bogat\u0103 arunc\u0103 un c\u0103rucior pentru copii, fata s\u0103rac\u0103 a decis s\u0103-l ia pentru ea"},"content":{"rendered":"\n<h3>DISCLAIMER: Acest site este neutru din punct de vedere politic \u0219i nu sus\u021bine niciun partid sau ideologie politic\u0103.<\/h3>\n\n\n\n<p>\u00cen c\u0103rucior nu era niciun bebelu\u0219. \u00cen locul lui se afla un ursule\u021b de plu\u0219, mare, cafeniu, cu ochii tri\u0219ti de sticl\u0103. Era \u00eembr\u0103cat \u00eentr-un costum albastru pentru bebelu\u0219i, cu cior\u0103pei minusculi \u0219i o bone\u021b\u0103 dulce cu urechi. L\u00e2ng\u0103 el era un plic, pecetluit cu cear\u0103 ro\u0219ie.<\/p>\n\n\n\n<p>Alina privi \u00een jur, dar femeia disp\u0103ruse complet. Se aplec\u0103 \u0219i lu\u0103 plicul. \u00cel deschise cu grij\u0103, m\u00e2inile tremur\u00e2ndu-i u\u0219or de emo\u021bie.<\/p>\n\n\n\n<p>\u00cen\u0103untru era o scrisoare scris\u0103 de m\u00e2n\u0103, cu un scris elegant, delicat:<\/p>\n\n\n\n<p>\u201ePentru persoana care va g\u0103si acest c\u0103rucior,<\/p>\n\n\n\n<p>Dac\u0103 cite\u0219ti aceste r\u00e2nduri, \u00eenseamn\u0103 c\u0103 ai decis s\u0103 salvezi ceea ce pentru mine a reprezentat un vis nerealizat. Acest c\u0103rucior l-am cump\u0103rat acum trei ani, c\u00e2nd am aflat c\u0103 sunt \u00eens\u0103rcinat\u0103. A fost un miracol, la v\u00e2rsta mea de 42 de ani, dup\u0103 zece ani de \u00eencerc\u0103ri \u0219i tratamente costisitoare.<\/p>\n\n\n\n<p>Am preg\u0103tit totul pentru venirea bebelu\u0219ului meu. Camera, hainele, juc\u0103riile, \u0219i acest c\u0103rucior de designer pe care l-am comandat special din Italia. Am crezut c\u0103 \u00een sf\u00e2r\u0219it voi deveni mam\u0103.<\/p>\n\n\n\n<p>Dar \u00een luna a opta, inima bebelu\u0219ului meu a \u00eencetat s\u0103 bat\u0103. Medicii nu au putut explica de ce.<\/p>\n\n\n\n<p>De atunci, acest c\u0103rucior a stat \u00een camera preg\u0103tit\u0103 pentru copilul meu, neatins. Nu am putut s\u0103-l v\u00e2nd, nici s\u0103-l d\u0103ruiesc. P\u0103rea c\u0103 dac\u0103 \u00eel p\u0103strez, \u00eentr-o zi voi avea curajul s\u0103 \u00eencerc din nou. Dar anii au trecut, \u0219i acum, la 45 de ani, am acceptat c\u0103 nu voi avea niciodat\u0103 propriul meu copil.<\/p>\n\n\n\n<p>Am decis c\u0103 e timpul s\u0103 merg mai departe. Poate c\u0103 tu, persoana care a g\u0103sit acest c\u0103rucior, ai nevoie de el mai mult dec\u00e2t mine. Poate ai un bebelu\u0219 sau a\u0219tep\u021bi unul. Poate c\u0103 acest c\u0103rucior va aduce bucurie unui copil real, nu doar viselor mele ne\u00eemplinite.<\/p>\n\n\n\n<p>Ursule\u021bul este primul cadou pe care l-am cump\u0103rat pentru copilul meu. Se nume\u0219te Teodor. Te rog, p\u0103streaz\u0103-l sau d\u0103ruie\u0219te-l cuiva care \u00eel va iubi.<\/p>\n\n\n\n<p>Cu speran\u021b\u0103 pentru tine \u0219i copilul t\u0103u, Elena\u201d<\/p>\n\n\n\n<p>Alina sim\u021bi cum i se umezesc ochii. Nu se a\u0219teptase la a\u0219a ceva. Venise s\u0103 ia un c\u0103rucior abandonat, \u0219i \u00een schimb primise povestea dureroas\u0103 a unei femei necunoscute.<\/p>\n\n\n\n<p>Privi din nou ursule\u021bul. Teodor p\u0103rea c\u0103 o prive\u0219te cu ochii lui de sticl\u0103, a\u0219tept\u00e2nd s\u0103 fie luat \u00een bra\u021be.<\/p>\n\n\n\n<p>Alina avea dou\u0103zeci \u0219i trei de ani \u0219i era \u00eens\u0103rcinat\u0103 \u00een luna a patra. Lucra ca v\u00e2nz\u0103toare la un magazin alimentar \u0219i abia reu\u0219ea s\u0103 pl\u0103teasc\u0103 chiria unei garsoniere mici. Tat\u0103l copilului disp\u0103ruse imediat ce aflase de sarcin\u0103. Nu-\u0219i permitea un c\u0103rucior nou, cu siguran\u021b\u0103 nu unul de designer. Planificase s\u0103 cumpere unul la m\u00e2na a doua, poate chiar s\u0103 \u00eemprumute unul de la vreo vecin\u0103.<\/p>\n\n\n\n<p>Dar acum, acest c\u0103rucior elegant, cu istoria lui dureroas\u0103, p\u0103rea s\u0103 o a\u0219tepte pe ea.<\/p>\n\n\n\n<p>Cu grij\u0103, Alina scoase ursule\u021bul \u0219i \u00eel str\u00e2nse la piept. Apoi, \u00eencet, \u00eempinse c\u0103ruciorul spre casa ei, sim\u021bind un amestec ciudat de emo\u021bii \u2013 bucurie pentru norocul nea\u0219teptat, triste\u021be pentru povestea Elenei, \u0219i un sentiment ciudat de responsabilitate.<\/p>\n\n\n\n<p>Acas\u0103, Alina cur\u0103\u021b\u0103 c\u0103ruciorul cu aten\u021bie, de\u0219i era impecabil. A\u0219ez\u0103 ursule\u021bul Teodor pe raftul de l\u00e2ng\u0103 pat \u0219i puse scrisoarea \u00eentr-un sertar, hot\u0103r\u00e2t\u0103 s\u0103 o p\u0103streze pentru totdeauna.<\/p>\n\n\n\n<p>\u00cen seara aceea, st\u00e2nd \u00een garsoniera ei mic\u0103, cu m\u00e2inile pe burtic\u0103, Alina sim\u021bi o mi\u0219care \u2013 primul \u0219ut al bebelu\u0219ului ei. Ochii i se umplur\u0103 din nou de lacrimi, dar de data aceasta erau lacrimi de bucurie.<\/p>\n\n\n\n<p>Lunile trecur\u0103, iar Alina n\u0103scu o feti\u021b\u0103 s\u0103n\u0103toas\u0103, pe care o numi Maria. De fiecare dat\u0103 c\u00e2nd o plimba \u00een c\u0103ruciorul elegant, sim\u021bea o recuno\u0219tin\u021b\u0103 profund\u0103 pentru femeia necunoscut\u0103 care \u00eei f\u0103cuse acest dar pre\u021bios. Teodor ursule\u021bul devenise juc\u0103ria favorit\u0103 a Mariei, care nu adormea niciodat\u0103 f\u0103r\u0103 el.<\/p>\n\n\n\n<p>\u00centr-o zi de prim\u0103var\u0103, c\u00e2nd Maria avea deja \u0219ase luni, Alina o plimba \u00een parcul din apropiere. Se a\u0219ez\u0103 pe o banc\u0103 pentru a-i da feti\u021bei s\u0103 m\u0103n\u00e2nce, c\u00e2nd observ\u0103 o femeie care o privea de pe o banc\u0103 din apropiere. Era elegant\u0103, \u00een jur de 45-50 de ani, cu o expresie trist\u0103 dar cald\u0103. Alina o recunoscu imediat \u2013 era femeia care l\u0103sase c\u0103ruciorul.<\/p>\n\n\n\n<p>Inima \u00eencepu s\u0103-i bat\u0103 mai repede. Se ridic\u0103, lu\u0103 feti\u021ba \u00een bra\u021be \u0219i se apropie de femeie.<\/p>\n\n\n\n<p>\u201eDumneavoastr\u0103 sunte\u021bi Elena?\u201d \u00eentreb\u0103 ea timid.<\/p>\n\n\n\n<p>Femeia tres\u0103ri surprins\u0103, apoi privi c\u0103ruciorul \u0219i ursule\u021bul pe care Maria \u00eel str\u00e2ngea \u00een bra\u021be.<\/p>\n\n\n\n<p>\u201eDa,\u201d r\u0103spunse ea \u00eencet. \u201eTu ai g\u0103sit c\u0103ruciorul meu.\u201d<\/p>\n\n\n\n<p>\u201eV\u0103 mul\u021bumesc,\u201d spuse Alina, cu vocea tremur\u00e2nd de emo\u021bie. \u201eA \u00eensemnat enorm pentru mine. Eu sunt Alina, iar ea este Maria.\u201d<\/p>\n\n\n\n<p>Elena privi la bebelu\u0219 cu ochii umezi. \u201eE minunat\u0103,\u201d \u0219opti ea.<\/p>\n\n\n\n<p>\u201eVre\u021bi\u2026 vre\u021bi s-o \u021bine\u021bi \u00een bra\u021be?\u201d \u00eentreb\u0103 Alina.<\/p>\n\n\n\n<p>Elena ezit\u0103, apoi \u00eentinse bra\u021bele. Maria o privi curioas\u0103, apoi \u00eei z\u00e2mbi, \u00eentinz\u00e2ndu-i ursule\u021bul.<\/p>\n\n\n\n<p>\u201eSe pare c\u0103 Teodor are grij\u0103 de ea,\u201d spuse Elena, z\u00e2mbind prin lacrimi.<\/p>\n\n\n\n<p>\u201e\u00cen fiecare zi,\u201d confirm\u0103 Alina. \u201eNu adoarme f\u0103r\u0103 el.\u201d<\/p>\n\n\n\n<p>Se a\u0219ezar\u0103 \u00eempreun\u0103 pe banc\u0103, vorbind despre Maria, despre na\u0219tere, despre primele ei luni de via\u021b\u0103. Elena p\u0103rea s\u0103 absoarb\u0103 fiecare detaliu, fiecare poveste mic\u0103 despre bebelu\u0219.<\/p>\n\n\n\n<p>\u201eLocui\u021bi \u00een apropiere?\u201d \u00eentreb\u0103 Alina \u00een cele din urm\u0103.<\/p>\n\n\n\n<p>\u201eDa, la dou\u0103 str\u0103zi distan\u021b\u0103. Vin des \u00een acest parc\u2026 m\u0103 ajut\u0103 s\u0103 m\u0103 lini\u0219tesc.\u201d<\/p>\n\n\n\n<p>Alina ezit\u0103, apoi spuse: \u201eDac\u0103 dori\u021bi\u2026 a\u021bi putea s\u0103 o vizita\u021bi pe Maria din c\u00e2nd \u00een c\u00e2nd. Ea nu are bunici \u00een ora\u0219 \u0219i\u2026\u201d<\/p>\n\n\n\n<p>Nu termin\u0103 propozi\u021bia, dar nu era nevoie. Elena o \u00een\u021belese perfect.<\/p>\n\n\n\n<p>\u201eMi-ar pl\u0103cea foarte mult,\u201d r\u0103spunse ea cu o voce care vibra de emo\u021bie.<\/p>\n\n\n\n<p>\u0218i astfel, din \u00eent\u00e2mplarea unui c\u0103rucior abandonat, se n\u0103scu o prietenie nea\u0219teptat\u0103. Elena deveni o prezen\u021b\u0103 constant\u0103 \u00een via\u021ba Alinei \u0219i a Mariei. Le ajuta cu sfaturi, cu cadouri ocazionale, \u0219i mai ales cu dragoste. Pentru Maria, \u201eTanti Elena\u201d era ca o bunic\u0103, iar pentru Elena, feti\u021ba era o raz\u0103 de lumin\u0103 care \u00eei vindecase, m\u0103car par\u021bial, durerea pierderii.<\/p>\n\n\n\n<p>C\u00e2teodat\u0103, via\u021ba ne ia ceva pre\u021bios, dar dac\u0103 suntem deschi\u0219i s\u0103 primim, ne ofer\u0103 altceva \u00een schimb \u2013 nu ca \u00eenlocuitor, ci ca o nou\u0103 form\u0103 de iubire, o nou\u0103 \u0219ans\u0103 la bucurie.<\/p>\n\n\n\n<p>Dac\u0103 \u021bi-a pl\u0103cut povestea, nu uita s\u0103 o distribui cu prietenii t\u0103i! \u00cempreun\u0103 putem duce mai departe emo\u021bia \u0219i inspira\u021bia.<\/p>\n","protected":false},"excerpt":{"rendered":"<p>DISCLAIMER: Acest site este neutru din punct de vedere politic \u0219i nu sus\u021bine niciun partid sau ideologie politic\u0103. \u00cen c\u0103rucior nu era niciun bebelu\u0219. \u00cen<\/p>\n","protected":false},"author":1,"featured_media":38301,"comment_status":"closed","ping_status":"closed","sticky":false,"template":"","format":"standard","meta":[],"categories":[1],"tags":[],"_links":{"self":[{"href":"http:\/\/calatorinromania.com\/index.php?rest_route=\/wp\/v2\/posts\/38380"}],"collection":[{"href":"http:\/\/calatorinromania.com\/index.php?rest_route=\/wp\/v2\/posts"}],"about":[{"href":"http:\/\/calatorinromania.com\/index.php?rest_route=\/wp\/v2\/types\/post"}],"author":[{"embeddable":true,"href":"http:\/\/calatorinromania.com\/index.php?rest_route=\/wp\/v2\/users\/1"}],"replies":[{"embeddable":true,"href":"http:\/\/calatorinromania.com\/index.php?rest_route=%2Fwp%2Fv2%2Fcomments&post=38380"}],"version-history":[{"count":1,"href":"http:\/\/calatorinromania.com\/index.php?rest_route=\/wp\/v2\/posts\/38380\/revisions"}],"predecessor-version":[{"id":38381,"href":"http:\/\/calatorinromania.com\/index.php?rest_route=\/wp\/v2\/posts\/38380\/revisions\/38381"}],"wp:featuredmedia":[{"embeddable":true,"href":"http:\/\/calatorinromania.com\/index.php?rest_route=\/wp\/v2\/media\/38301"}],"wp:attachment":[{"href":"http:\/\/calatorinromania.com\/index.php?rest_route=%2Fwp%2Fv2%2Fmedia&parent=38380"}],"wp:term":[{"taxonomy":"category","embeddable":true,"href":"http:\/\/calatorinromania.com\/index.php?rest_route=%2Fwp%2Fv2%2Fcategories&post=38380"},{"taxonomy":"post_tag","embeddable":true,"href":"http:\/\/calatorinromania.com\/index.php?rest_route=%2Fwp%2Fv2%2Ftags&post=38380"}],"curies":[{"name":"wp","href":"https:\/\/api.w.org\/{rel}","templated":true}]}}