{"id":38373,"date":"2025-04-08T08:28:33","date_gmt":"2025-04-08T08:28:33","guid":{"rendered":"https:\/\/calatorinromania.com\/?p=38373"},"modified":"2025-04-08T08:28:34","modified_gmt":"2025-04-08T08:28:34","slug":"draga-mea-ma-bucur-ca-esti-insarcinata-dar-cu-ce-ai-de-gand-sa-o-intretii-acum-pe-mama-mea-s-a-revoltat-barbatul-dar-masha-a-gasit-imediat-o-solutie-la-problema-asta-toti-au","status":"publish","type":"post","link":"http:\/\/calatorinromania.com\/?p=38373","title":{"rendered":"\u2014 Draga mea, m\u0103 bucur c\u0103 e\u0219ti \u00eens\u0103rcinat\u0103, dar cu ce ai de g\u00e2nd s\u0103 o \u00eentre\u021bii acum pe mama mea?! \u2014 s-a revoltat b\u0103rbatul. Dar Masha a g\u0103sit imediat o solu\u021bie la problema asta. To\u021bi au r\u0103mas cu gura c\u0103scat\u0103&#8230;"},"content":{"rendered":"\n<p>Ma\u0219a o urm\u0103rea cu privirea pe Serafima Ghermanovna, care p\u0103\u0219ea spre ie\u0219ire cu o \u021binut\u0103 de parc\u0103 tocmai ie\u0219ise dintr-un palat regal, nu dintr-o cafenea cu pr\u0103jituri la reducere. \u00cen sufletul Ma\u0219ei clocotea totul \u2014 de la sup\u0103rare, la uimire \u0219i hot\u0103r\u00e2re.<\/p>\n\n\n\n<p>\u201eEi bine, m\u0103car acum e clar ce vrea de la so\u021bul meu&#8230; \u0219i ce&nbsp;<em>nu<\/em>&nbsp;vrea de la mine. Minunat,\u201d g\u00e2ndi Ma\u0219a, sco\u021b\u00e2nd telefonul.<\/p>\n\n\n\n<p>L-a sunat pe Denis.<\/p>\n\n\n\n<p>\u2014 Iubire, trebuie s\u0103 vorbim. Serios, dar f\u0103r\u0103 ceart\u0103. Po\u021bi s\u0103 vii dup\u0103 munc\u0103?<\/p>\n\n\n\n<p>\u2014 S-a \u00eent\u00e2mplat ceva?<\/p>\n\n\n\n<p>\u2014 Doar vino, te rog. \u0218i cump\u0103r\u0103 \u0219i ni\u0219te p\u00e2ine.<\/p>\n\n\n\n<p>Seara, c\u00e2nd Denis a intrat \u00een apartament cu o pung\u0103 de p\u00e2ine \u0219i o cutie de bomboane complet inutil\u0103 (\u201epentru \u00eemp\u0103care, \u00een caz c\u0103 e nevoie\u201d), Ma\u0219a deja st\u0103tea cu laptopul \u00een poal\u0103 \u0219i o fa\u021b\u0103 serioas\u0103.<\/p>\n\n\n\n<p>\u2014 Hai, a\u0219az\u0103-te. Trebuie s\u0103 stabilim ni\u0219te priorit\u0103\u021bi.<\/p>\n\n\n\n<p>\u2014 E din cauza mamei?<\/p>\n\n\n\n<p>\u2014 \u0218i din cauza ei. Dar nu doar. Denis, \u00een cur\u00e2nd o s\u0103 fim p\u0103rin\u021bi. \u0218i dac\u0103 nu punem ni\u0219te limite clare acum, mai t\u00e2rziu o s\u0103 fie prea t\u00e2rziu. Mama ta vrea s\u0103 o \u00eentre\u021bii, s\u0103 tr\u0103ie\u0219ti dup\u0103 cum zice ea \u0219i, \u00een plus, s\u0103 m\u0103 convingi s\u0103 nasc \u201edup\u0103 program\u201d.<\/p>\n\n\n\n<p>\u2014 Hai c\u0103 ea e doar mai&#8230; emotiv\u0103&#8230;<\/p>\n\n\n\n<p>\u2014 A zis c\u0103 copiii no\u0219tri sunt o gaur\u0103 neagr\u0103 pentru bani. C\u0103 ea&nbsp;<em>merit\u0103<\/em>&nbsp;mai mult banii t\u0103i dec\u00e2t tine. Vrea s\u0103 tr\u0103iasc\u0103 pe spatele nostru, \u00een timp ce noi abia ne descurc\u0103m cu rata, apartamentul, bebelu\u0219ul care vine\u2026 \u0219i ie\u0219irile ei la expozi\u021bii.<\/p>\n\n\n\n<p>Denis a oftat \u0219i a cobor\u00e2t privirea. Se vedea c\u0103 \u0219tia \u0219i el, doar c\u0103 nu voia s\u0103 cread\u0103.<\/p>\n\n\n\n<p>\u2014 O iubesc pe mama, Ma\u0219a. Dar te iubesc \u0219i pe tine. \u0218i vreau s\u0103 fiu tat\u0103, cu adev\u0103rat. Vreau s\u0103 dau de m\u00e2ncare copilului noaptea, s\u0103 schimb scutece, s\u0103 fug la farmacie \u0219i s\u0103 te \u021bin de m\u00e2n\u0103 c\u00e2nd \u00ee\u021bi va fi greu. Nu s\u0103 fug la cel\u0103lalt cap\u0103t al ora\u0219ului cu bani pentru \u00eenc\u0103 o \u201eexpozi\u021bie la Rivne\u201d.<\/p>\n\n\n\n<p>\u2014 Atunci ce facem?<\/p>\n\n\n\n<p>Ma\u0219a a dat click pe un document deschis pe laptop.<\/p>\n\n\n\n<p>\u2014 Am f\u0103cut un plan. Uite: deschidem un cont separat \u2013 \u201econtul familiei\u201d. Acolo intr\u0103 banii no\u0219tri de baz\u0103: pentru copil, pentru noi, pentru cas\u0103. \u0218i doar&nbsp;<em>dup\u0103<\/em>&nbsp;ce r\u0103m\u00e2ne ceva, putem ajuta \u0219i pe mama ta. Dar f\u0103r\u0103 obliga\u021bii \u0219i f\u0103r\u0103 manipul\u0103ri. Dac\u0103 nu-i convine \u2014 asta e.<\/p>\n\n\n\n<p>\u2014 Crezi c\u0103 o s\u0103 accepte?<\/p>\n\n\n\n<p>\u2014 Nu. Dar asta e deja problema ei.<\/p>\n\n\n\n<p>\u0218i, \u00eentr-adev\u0103r, Serafima Ghermanovna&nbsp;<em>nu<\/em>&nbsp;a acceptat.<\/p>\n\n\n\n<p>\u2014 Ce?! Acum trebuie, scuza\u021bi-m\u0103, s\u0103 stau&nbsp;<em>la coad\u0103<\/em>&nbsp;pentru mila propriului fiu?! Copii nerecunosc\u0103tori! Ce-i cu documentul \u0103sta?! V-a\u021bi pierdut min\u021bile, probabil!<\/p>\n\n\n\n<p>A tr\u00e2ntit u\u0219a \u0219i n-a r\u0103spuns la telefon o s\u0103pt\u0103m\u00e2n\u0103. Apoi, \u00eenc\u0103 o s\u0103pt\u0103m\u00e2n\u0103, a postat pe Facebook citate triste cu sub\u00een\u021beles. Dar p\u00e2n\u0103 la urm\u0103, v\u0103z\u00e2nd c\u0103 nici scandalul, nici t\u0103cerea nu func\u021bioneaz\u0103, \u0219i-a schimbat strategia. A venit la ei acas\u0103 cu o pl\u0103cint\u0103.<\/p>\n\n\n\n<p>\u2014 M-am g\u00e2ndit&#8230; poate am exagerat pu\u021bin. Vre\u021bi s\u0103 v\u0103 ajut cu bebelu\u0219ul? \u00cenc\u0103 nu-s chiar a\u0219a b\u0103tr\u00e2n\u0103&#8230;<\/p>\n\n\n\n<p>Ma\u0219a s-a uitat la Denis. El era surprins, dar se bucura c\u0103 se mai lini\u0219tise conflictul.<\/p>\n\n\n\n<p>\u2014 Dac\u0103 stabilim c\u0103&nbsp;<em>ajutor<\/em>&nbsp;nu \u00eenseamn\u0103&nbsp;<em>manipulare<\/em>, \u2014 i-a r\u0103spuns Ma\u0219a \u2014 atunci o s\u0103 fim bucuro\u0219i.<\/p>\n\n\n\n<p>C\u00e2nd s-a n\u0103scut micul Timofei, to\u021bi aveau ceva de f\u0103cut. Ma\u0219a \u2014 cu grijile de mam\u0103, Denis \u2014 \u00een turele de noapte ale tat\u0103lui devotat, iar Serafima Ghermanovna \u2014 \u00een noul ei rol. Nu s-a obi\u0219nuit u\u0219or cu schimbarea. Dar ceva \u00een privirea nepo\u021belului, felul cum \u00ee\u0219i b\u0103ga pumni\u0219orul \u00een gur\u0103 \u0219i str\u0103nuta amuzant&#8230; a topit-o.<\/p>\n\n\n\n<p>\u00centr-o zi, c\u00e2nd ie\u0219iser\u0103 la plimbare to\u021bi trei prin parc, Serafima Ghermanovna i-a \u0219optit:<\/p>\n\n\n\n<p>\u2014 \u0218tii, Ma\u0219a&#8230; ai avut dreptate. S\u0103 fii bunic\u0103 nu e o pedeaps\u0103. E un privilegiu.<\/p>\n\n\n\n<p>Ma\u0219a a z\u00e2mbit \u0219i i-a \u00eentins un termos cu cafea.<\/p>\n\n\n\n<p>\u2014 Acum v\u0103 pute\u021bi bucura de via\u021b\u0103. Doar c\u0103&#8230; pu\u021bin altfel dec\u00e2t a\u021bi planificat.<\/p>\n\n\n\n<p>\u2014 \u0218i poate chiar mai frumos.<\/p>\n","protected":false},"excerpt":{"rendered":"<p>Ma\u0219a o urm\u0103rea cu privirea pe Serafima Ghermanovna, care p\u0103\u0219ea spre ie\u0219ire cu o \u021binut\u0103 de parc\u0103 tocmai ie\u0219ise dintr-un palat regal, nu dintr-o cafenea<\/p>\n","protected":false},"author":1,"featured_media":38334,"comment_status":"closed","ping_status":"closed","sticky":false,"template":"","format":"standard","meta":[],"categories":[1],"tags":[],"_links":{"self":[{"href":"http:\/\/calatorinromania.com\/index.php?rest_route=\/wp\/v2\/posts\/38373"}],"collection":[{"href":"http:\/\/calatorinromania.com\/index.php?rest_route=\/wp\/v2\/posts"}],"about":[{"href":"http:\/\/calatorinromania.com\/index.php?rest_route=\/wp\/v2\/types\/post"}],"author":[{"embeddable":true,"href":"http:\/\/calatorinromania.com\/index.php?rest_route=\/wp\/v2\/users\/1"}],"replies":[{"embeddable":true,"href":"http:\/\/calatorinromania.com\/index.php?rest_route=%2Fwp%2Fv2%2Fcomments&post=38373"}],"version-history":[{"count":1,"href":"http:\/\/calatorinromania.com\/index.php?rest_route=\/wp\/v2\/posts\/38373\/revisions"}],"predecessor-version":[{"id":38374,"href":"http:\/\/calatorinromania.com\/index.php?rest_route=\/wp\/v2\/posts\/38373\/revisions\/38374"}],"wp:featuredmedia":[{"embeddable":true,"href":"http:\/\/calatorinromania.com\/index.php?rest_route=\/wp\/v2\/media\/38334"}],"wp:attachment":[{"href":"http:\/\/calatorinromania.com\/index.php?rest_route=%2Fwp%2Fv2%2Fmedia&parent=38373"}],"wp:term":[{"taxonomy":"category","embeddable":true,"href":"http:\/\/calatorinromania.com\/index.php?rest_route=%2Fwp%2Fv2%2Fcategories&post=38373"},{"taxonomy":"post_tag","embeddable":true,"href":"http:\/\/calatorinromania.com\/index.php?rest_route=%2Fwp%2Fv2%2Ftags&post=38373"}],"curies":[{"name":"wp","href":"https:\/\/api.w.org\/{rel}","templated":true}]}}