{"id":38365,"date":"2025-04-08T08:10:27","date_gmt":"2025-04-08T08:10:27","guid":{"rendered":"https:\/\/calatorinromania.com\/?p=38365"},"modified":"2025-04-08T08:10:28","modified_gmt":"2025-04-08T08:10:28","slug":"nepoata-lui-arsenie-boca-dezvaluiri-inedite-desprecelebrul-duhovnic","status":"publish","type":"post","link":"http:\/\/calatorinromania.com\/?p=38365","title":{"rendered":"Nepoata lui Arsenie Boca, dezv\u0103luiri inedite desprecelebrul duhovnic"},"content":{"rendered":"\n<p>Zoe D\u0103ian, singura rud\u0103 de s\u00e2nge a p\u0103rintelui Arsenie Boca, \u0219i-a petrecut ultimii ani \u00eentr-un<br>c\u0103min de b\u0103tr\u00e2ni din Bihor, pe care \u00eel nume\u0219te cu drag \u201eCasa Mea Eden\u201d. La 90 de ani, cu emo\u021bie<br>\u00een glas \u0219i lacrimi \u00een ochi, ea vorbe\u0219te despre omul care a crescut-o \u0219i despre inuen\u021ba puternic\u0103 pe<br>care acesta a avut-o asupra vie\u021bii sale.<\/p>\n\n\n\n<p>Zoe \u00ee\u0219i aminte\u0219te c\u0103, \u00eenc\u0103 din copil\u0103rie, unchiul s\u0103u manifesta o profunzime aparte.\u201eTot ceea ce<br>f\u0103cea m-a marcat, pentru c\u0103 avea reac\u021bii ie\u0219ite din comun pentru lumea de atunci\u201d, poveste\u0219te ea.<\/p>\n\n\n\n<p>Un om modest, dedicat rug\u0103ciunii \u0219i artei<br>Oaspe\u021bii care vin s\u0103 o viziteze pe Zoe sunt impresiona\u021bi de pove\u0219tile ei despre Arsenie Boca.\u00cel<br>descrie ca ind un om introvertit, modest, cu o \u00eenclina\u021bie profund\u0103 spre rug\u0103ciune, lectur\u0103 \u0219i<br>pictur\u0103 de icoane. De asemenea, Zoe m\u0103rturise\u0219te c\u0103 acesta avea un dar aparte al premoni\u021biilor.<\/p>\n\n\n\n<p>\u201eEram student\u0103 la Cluj \u0219i, \u00eentr-o zi, am primit o scrisoare de la el.\u00cemi spunea: \u00abNu umbla cu capul<br>descoperit, nu-\u021bi pune fular la g\u00e2t, \u0219i acum e\u0219ti r\u0103cit\u0103\u00bb.A\u0219a era el, sim\u021bea lucruri dinainte s\u0103 se<br>\u00eent\u00e2mple\u201d, poveste\u0219te nepoata duhovnicului.<\/p>\n\n\n\n<p>Dup\u0103 instalarea regimului comunist, p\u0103rintele a intrat \u00een vizorul autorit\u0103\u021bilor, iar pentru a o<br>proteja pe Zoe, i-a cerut s\u0103 nu-l mai caute.Ultima oar\u0103 l-a v\u0103zut \u00een anii \u201980.<\/p>\n\n\n\n<p>Localitatea bihorean\u0103 \u0218oimi, unde Zoe locuie\u0219te, a devenit un loc de pelerinaj pentru cei care \u00eel<br>cinstesc pe Arsenie Boca. Pe 29 septembrie se \u00eemplinesc 111 ani de la na\u0219terea sa, iar amintirile<br>despre el sunt vii \u00een suetul nepoatei sale.<\/p>\n\n\n\n<p>\u00ce\u0219i aminte\u0219te o vizit\u0103 f\u0103cut\u0103 la M\u0103n\u0103stirea S\u00e2mb\u0103ta de Sus, \u00eempreun\u0103 cu mama sa. Pe drum,<br>obosite de c\u0103l\u0103toria grea, mama sa s-a pl\u00e2ns, rostind cuvinte nepotrivite.Ajunse la destina\u021bie,<br>Arsenie Boca a mustrat-o bl\u00e2nd: \u201eM\u0103rioara, de ce ai dr\u0103cuit de dou\u0103 ori?\u201d. Momentul a r\u0103mas<br>ad\u00e2nc \u00eentip\u0103rit \u00een memoria lui Zoe, care era uimit\u0103 de intui\u021bia unchiului s\u0103u.<\/p>\n\n\n\n<p>Sprijin nev\u0103zut \u00een momente grele<br>De-a lungul vie\u021bii, Zoe a trecut prin momente dicile.A supravie\u021buit unui atac cerebral care a<br>\u021binut-o patru s\u0103pt\u0103m\u00e2ni \u00een com\u0103 \u0219i, recent, s-a luptat cu o form\u0103 sever\u0103 de COVID-19.<br>Convingerea sa este c\u0103 unchiul s\u0103u a vegheat mereu asupra ei.<\/p>\n\n\n\n<p>\u201eDup\u0103 acel COVID cumplit, care mi-a l\u0103sat urme, m-am rugat lui \u0219i am sim\u021bit o lini\u0219te<br>inexplicabil\u0103. Parc\u0103 \u00eemi spunea: \u00abFii lini\u0219tit\u0103, sunt l\u00e2ng\u0103 tine\u00bb\u201d, m\u0103rturise\u0219te ea.<\/p>\n\n\n\n<p>O dorin\u021b\u0103 ne\u00eemplinit\u0103<br>Dup\u0103 ce a trecut printr-un divor\u021b dicil, Zoe \u0219i-ar dorit s\u0103 se retrag\u0103 la M\u0103n\u0103stirea Prislop,<br>sper\u00e2nd s\u0103 \u00ee\u0219i doarm\u0103 somnul de veci aproape de unchiul s\u0103u.\u00cens\u0103 aceast\u0103 dorin\u021b\u0103 nu i-a fost<br>\u00eendeplinit\u0103.<\/p>\n\n\n\n<p>\u201eStare\u021ba mi-a spus c\u0103 nu pot \u00eenmorm\u00e2ntat\u0103 l\u00e2ng\u0103 el.A\u0219a c\u0103 am plecat. Dar \u0219tiu c\u0103 se va g\u0103si<br>cineva s\u0103 m\u0103 \u00eengroape undeva\u201d, spune cu resemnare Zoe D\u0103ian.<\/p>\n\n\n\n<p>De\u0219i via\u021ba a pus-o la multe \u00eencerc\u0103ri, nepoata lui Arsenie Boca r\u0103m\u00e2ne puternic\u0103, purt\u00e2nd cu ea<br>amintirea \u0219i lec\u021biile pre\u021bioase l\u0103sate de duhovnicul at\u00e2t de iubit de rom\u00e2ni.<\/p>\n\n\n\n<h2><\/h2>\n","protected":false},"excerpt":{"rendered":"<p>Zoe D\u0103ian, singura rud\u0103 de s\u00e2nge a p\u0103rintelui Arsenie Boca, \u0219i-a petrecut ultimii ani \u00eentr-unc\u0103min de b\u0103tr\u00e2ni din Bihor, pe care \u00eel nume\u0219te cu drag<\/p>\n","protected":false},"author":1,"featured_media":38366,"comment_status":"closed","ping_status":"closed","sticky":false,"template":"","format":"standard","meta":[],"categories":[1],"tags":[],"_links":{"self":[{"href":"http:\/\/calatorinromania.com\/index.php?rest_route=\/wp\/v2\/posts\/38365"}],"collection":[{"href":"http:\/\/calatorinromania.com\/index.php?rest_route=\/wp\/v2\/posts"}],"about":[{"href":"http:\/\/calatorinromania.com\/index.php?rest_route=\/wp\/v2\/types\/post"}],"author":[{"embeddable":true,"href":"http:\/\/calatorinromania.com\/index.php?rest_route=\/wp\/v2\/users\/1"}],"replies":[{"embeddable":true,"href":"http:\/\/calatorinromania.com\/index.php?rest_route=%2Fwp%2Fv2%2Fcomments&post=38365"}],"version-history":[{"count":1,"href":"http:\/\/calatorinromania.com\/index.php?rest_route=\/wp\/v2\/posts\/38365\/revisions"}],"predecessor-version":[{"id":38367,"href":"http:\/\/calatorinromania.com\/index.php?rest_route=\/wp\/v2\/posts\/38365\/revisions\/38367"}],"wp:featuredmedia":[{"embeddable":true,"href":"http:\/\/calatorinromania.com\/index.php?rest_route=\/wp\/v2\/media\/38366"}],"wp:attachment":[{"href":"http:\/\/calatorinromania.com\/index.php?rest_route=%2Fwp%2Fv2%2Fmedia&parent=38365"}],"wp:term":[{"taxonomy":"category","embeddable":true,"href":"http:\/\/calatorinromania.com\/index.php?rest_route=%2Fwp%2Fv2%2Fcategories&post=38365"},{"taxonomy":"post_tag","embeddable":true,"href":"http:\/\/calatorinromania.com\/index.php?rest_route=%2Fwp%2Fv2%2Ftags&post=38365"}],"curies":[{"name":"wp","href":"https:\/\/api.w.org\/{rel}","templated":true}]}}