{"id":38338,"date":"2025-04-07T08:09:24","date_gmt":"2025-04-07T08:09:24","guid":{"rendered":"https:\/\/calatorinromania.com\/?p=38338"},"modified":"2025-04-07T08:09:25","modified_gmt":"2025-04-07T08:09:25","slug":"sta-pe-capul-meu-as-da-o-afara-dar-mi-e-mila-s-ar-pierde","status":"publish","type":"post","link":"http:\/\/calatorinromania.com\/?p=38338","title":{"rendered":"\u201eST\u0102 PE CAPUL MEU, A\u0218 DA-O AFAR\u0102, DAR MI-E MIL\u0102, S-AR PIERDE!"},"content":{"rendered":"\n<p>Olga a inspirat ad\u00e2nc, \u0219i-a \u0219ters rapid o lacrim\u0103 care i se prelingea pe obraz \u0219i s-a ridicat cu demnitate de la mas\u0103. C\u00e2\u021biva invita\u021bi \u0219i-au \u00eentors privirile spre ea, dar majoritatea continuau s\u0103 se bucure de petrecere, neobserv\u00e2nd drama care se desf\u0103\u0219ura.<\/p>\n\n\n\n<p>\u201eV\u0103 rog s\u0103 m\u0103 scuza\u021bi\u201d, a spus ea cu voce calm\u0103, adres\u00e2ndu-se tuturor. \u201eTrebuie s\u0103 fac un anun\u021b.\u201d<\/p>\n\n\n\n<p>Taras a privit-o surprins, cu ochii \u00eenro\u0219i\u021bi de alcool. Irina p\u0103rea st\u00e2njenit\u0103 \u0219i \u00ee\u0219i ferea privirea.<\/p>\n\n\n\n<p>Elena s-a \u00eendreptat spre scena unde c\u00e2nta forma\u021bia \u0219i a cerut un microfon. Muzicienii s-au oprit, iar \u00een sal\u0103 s-a l\u0103sat lini\u0219tea. To\u021bi ochii erau acum a\u021binti\u021bi asupra ei.<\/p>\n\n\n\n<p>\u201eDragii mei invita\u021bi,\u201d a \u00eenceput ea cu o voce remarcabil de ferm\u0103. \u201eV\u0103 mul\u021bumesc tuturor c\u0103 a\u021bi venit s\u0103 s\u0103rb\u0103torim aniversarea so\u021bului meu, Taras. Cum \u0219ti\u021bi, eu am organizat aceast\u0103 petrecere, am pl\u0103tit pentru acest restaurant frumos, pentru m\u00e2ncare, b\u0103utur\u0103 \u0219i muzic\u0103.\u201d<\/p>\n\n\n\n<p>Privirea ei s-a oprit pentru o clip\u0103 asupra lui Taras, care o privea confuz.<\/p>\n\n\n\n<p>\u201eDup\u0103 cum vede\u021bi, so\u021bul meu s-a bucurat de b\u0103utur\u0103 \u0219i a devenit foarte sincer \u00een aceast\u0103 sear\u0103. Tocmai l-am auzit spun\u00e2ndu-i colegei sale c\u00e2t de mult regret\u0103 c\u0103s\u0103toria cu mine, cum stau pe capul lui, cum nu fac cur\u0103\u021benie \u0219i g\u0103tesc doar \u2018l\u0103turi\u2019.\u201d<\/p>\n\n\n\n<p>Un murmur a str\u0103b\u0103tut sala. C\u00e2\u021biva invita\u021bi au \u00eenceput s\u0103 schimbe priviri st\u00e2njenite.<\/p>\n\n\n\n<p>\u201eDe asemenea, am aflat c\u0103 pl\u0103nuie\u0219te s\u0103 m\u0103 duc\u0103 acas\u0103 \u0219i apoi s\u0103 se \u00eentoarc\u0103 pentru a petrece noaptea cu Irina, care, dup\u0103 cum ne-a informat el, este mai t\u00e2n\u0103r\u0103 \u0219i mai frumoas\u0103 dec\u00e2t mine.\u201d<\/p>\n\n\n\n<p>Irina s-a f\u0103cut ro\u0219ie ca focul \u0219i a cobor\u00e2t privirea spre farfuria ei.<\/p>\n\n\n\n<p>\u201eDar \u0219ti\u021bi ce e interesant?\u201d a continuat Olga, z\u00e2mbind pentru prima dat\u0103. \u201e\u00cen cei cinci ani de c\u0103snicie, eu am fost cea care a pl\u0103tit pentru apartamentul nostru. Eu sunt cea care g\u0103te\u0219te \u00een fiecare zi, de\u0219i lucrez mai multe ore dec\u00e2t el. Eu sunt cea care face cur\u0103\u021benie \u00een weekend, \u00een timp ce el se uit\u0103 la fotbal. \u0218i eu sunt cea care i-a oferit o petrecere de aniversare, de\u0219i el a uitat complet de ziua mea de na\u0219tere anul trecut.\u201d<\/p>\n\n\n\n<p>Taras a \u00eencercat s\u0103 se ridice, dar s-a \u00eempiedicat \u0219i a c\u0103zut \u00eenapoi pe scaun. C\u00e2\u021biva invita\u021bi au \u00eenceput s\u0103 r\u00e2d\u0103.<\/p>\n\n\n\n<p>\u201eA\u0219a c\u0103 am un anun\u021b de f\u0103cut. Taras, dragul meu, \u021bi-am preg\u0103tit un cadou special de aniversare.\u201d Elena a scos din geant\u0103 un plic \u0219i l-a ridicat ca to\u021bi s\u0103-l vad\u0103. \u201eSunt actele de divor\u021b. Le-am preg\u0103tit acum o s\u0103pt\u0103m\u00e2n\u0103, dup\u0103 ce am descoperit conversa\u021biile tale cu Irina pe telefon. Voiam s\u0103 a\u0219tept p\u00e2n\u0103 dup\u0103 petrecere s\u0103 \u021bi le dau, dar se pare c\u0103 nu mai are rost s\u0103 am\u00e2n\u0103m inevitabilul.\u201d<\/p>\n\n\n\n<p>Sala a r\u0103mas mut\u0103 de uimire. Taras s-a albit la fa\u021b\u0103, \u00een ciuda alcoolului care \u00eei colora obrajii.<\/p>\n\n\n\n<p>\u201eDar nu te \u00eengrijora,\u201d a continuat Elena cu un z\u00e2mbet calm. \u201eNu vei sta pe capul meu. De fapt, vei primi exact ce meri\u021bi. Am l\u0103sat deja toate lucrurile tale la mama ta. Po\u021bi merge acolo dup\u0103 petrecere, sau poate Irina te va g\u0103zdui. Sunt sigur\u0103 c\u0103 o femeie at\u00e2t de t\u00e2n\u0103r\u0103 \u0219i frumoas\u0103 nu va avea probleme s\u0103 \u00eengrijeasc\u0103 de un b\u0103rbat ca tine.\u201d<\/p>\n\n\n\n<p>A cobor\u00e2t de pe scen\u0103 \u00een aplauzele c\u00e2torva femei din sal\u0103 \u0219i s-a \u00eendreptat spre mas\u0103. A pus plicul \u00een fa\u021ba lui Taras, \u0219i-a luat geanta \u0219i haina.<\/p>\n\n\n\n<p>\u201ePetrecere frumoas\u0103 \u00een continuare, dragi invita\u021bi. M\u00e2ncarea \u0219i b\u0103utura sunt pl\u0103tite p\u00e2n\u0103 la sf\u00e2r\u0219itul serii. Bucura\u021bi-v\u0103 de ele.\u201d<\/p>\n\n\n\n<p>Ultimul lucru pe care l-a v\u0103zut \u00eenainte de a ie\u0219i din restaurant a fost fa\u021ba lui Taras, complet deformat\u0103 de \u0219oc \u0219i ru\u0219ine. Acel r\u00e2s arogant de mai devreme disp\u0103ruse complet.<\/p>\n\n\n\n<p>Afar\u0103, aerul rece al nop\u021bii i-a m\u00e2ng\u00e2iat fa\u021ba. Elena a respirat ad\u00e2nc, sim\u021bind un amestec ciudat de durere \u0219i eliberare. Telefonul a \u00eenceput s\u0103-i vibreze \u00een geant\u0103 \u2013 probabil rudele sau prietenii care r\u0103m\u0103seser\u0103 \u00een\u0103untru. L-a ignorat.<\/p>\n\n\n\n<p>\u00cen timp ce a\u0219tepta un taxi, \u0219i-a promis un lucru: nu va mai permite niciodat\u0103 nim\u0103nui s\u0103 o fac\u0103 s\u0103 se simt\u0103 nevrednic\u0103. Via\u021ba ei abia \u00eencepea, \u0219i pentru prima dat\u0103 dup\u0103 mul\u021bi ani, se sim\u021bea liber\u0103.<\/p>\n\n\n\n<p>R\u00e2sul lui Taras durase exact 7 minute. Dar eliberarea ei va dura toat\u0103 via\u021ba.<\/p>\n\n\n\n<p>Trei ani mai t\u00e2rziu, Elena st\u0103tea la o mas\u0103 \u00eentr-o cafenea elegant\u0103 din centrul ora\u0219ului. Afacerea ei de design interior \u00eenflorea, iar echipa ei tocmai finalizase un proiect major pentru un hotel de lux.<\/p>\n\n\n\n<p>\u00ce\u0219i sorbea cafeaua \u0219i r\u0103sfoia o revist\u0103 de design care prezenta ultimul ei proiect, c\u00e2nd o voce familiar\u0103 i-a atras aten\u021bia.<\/p>\n\n\n\n<p>\u201eElena?\u201d<\/p>\n\n\n\n<p>A ridicat privirea \u0219i l-a v\u0103zut pe Taras, st\u00e2nd \u00een fa\u021ba ei. Ar\u0103ta mai b\u0103tr\u00e2n, mai obosit, dar \u00eenc\u0103 \u00eencerca s\u0103 p\u0103streze acea atitudine de superioritate pe care o \u0219tia at\u00e2t de bine.<\/p>\n\n\n\n<p>\u201ePot s\u0103 m\u0103 a\u0219ez?\u201d a \u00eentrebat el, ar\u0103t\u00e2nd spre scaunul liber de la masa ei.<\/p>\n\n\n\n<p>Elena a ezitat o clip\u0103, apoi a \u00eencuviin\u021bat din cap. Nu mai sim\u021bea nici m\u0103car o urm\u0103 din durerea sau resentimentele de odinioar\u0103.<\/p>\n\n\n\n<p>\u201eTe v\u0103d bine,\u201d a spus el, evident st\u00e2njenit. \u201eAm auzit c\u0103 afacerea ta merge excelent.\u201d<\/p>\n\n\n\n<p>\u201eMul\u021bumesc,\u201d a r\u0103spuns ea simplu. \u201eCe mai faci, Taras?\u201d<\/p>\n\n\n\n<p>El a oftat, privind \u00een jos spre cafeaua pe care tocmai \u0219i-o comandase.<\/p>\n\n\n\n<p>\u201eNu prea bine, ca s\u0103 fiu sincer. Irina\u2026 ei bine, nu a durat mult cu ea. Apoi au fost c\u00e2teva rela\u021bii scurte. Acum lucrez la aceea\u0219i companie, dar nu am avansat. De fapt, am venit s\u0103 te \u00eentreb ceva.\u201d<\/p>\n\n\n\n<p>Elena \u00eel privea cu curiozitate.<\/p>\n\n\n\n<p>\u201ePo\u021bi s\u0103 m\u0103 ier\u021bi vreodat\u0103 pentru felul \u00een care te-am tratat?\u201d<\/p>\n\n\n\n<p>\u00centrebarea plutea \u00eentre ei, iar Elena s-a g\u00e2ndit la ultimii trei ani \u2013 la libertatea descoperit\u0103, la succesul profesional, la noua ei via\u021b\u0103 fericit\u0103 al\u0103turi de un b\u0103rbat care o respecta cu adev\u0103rat.<\/p>\n\n\n\n<p>\u201eTe-am iertat demult, Taras,\u201d a spus ea \u00een cele din urm\u0103. \u201eNu pentru tine, ci pentru mine. Nu puteam merge mai departe purt\u00e2nd acea povar\u0103.\u201d<\/p>\n\n\n\n<p>Taras p\u0103rea sincer surprins.<\/p>\n\n\n\n<p>\u201eDar vreau s\u0103 \u0219tii ceva,\u201d a continuat ea, privindu-l direct \u00een ochi. \u201eAcea sear\u0103, oric\u00e2t de dureroas\u0103 a fost, a fost cel mai bun lucru care mi s-a \u00eent\u00e2mplat vreodat\u0103. Mi-a dat curajul s\u0103 m\u0103 eliberez \u0219i s\u0103-mi construiesc via\u021ba pe care o merit.\u201d<\/p>\n\n\n\n<p>S-a ridicat, \u0219i-a luat revista \u0219i geanta.<\/p>\n\n\n\n<p>\u201e\u00ce\u021bi doresc s\u0103 g\u0103se\u0219ti \u0219i tu fericirea, Taras. Dar prima dat\u0103, va trebui s\u0103 \u00eenve\u021bi s\u0103 respec\u021bi femeile din via\u021ba ta.\u201d<\/p>\n\n\n\n<p>A plecat din cafenea cu capul sus, l\u0103s\u00e2ndu-l pe Taras privind \u00een urma ei. R\u00e2sul lui durase 7 minute \u00een acea sear\u0103 fatidic\u0103. Dar victoria ei va dura o via\u021b\u0103 \u00eentreag\u0103.<\/p>\n\n\n\n<p><strong>Dac\u0103 \u021bi-a pl\u0103cut povestea, nu uita s\u0103 o distribui cu prietenii t\u0103i! \u00cempreun\u0103 putem duce mai departe emo\u021bia \u0219i inspira\u021bia.<\/strong><\/p>\n","protected":false},"excerpt":{"rendered":"<p>Olga a inspirat ad\u00e2nc, \u0219i-a \u0219ters rapid o lacrim\u0103 care i se prelingea pe obraz \u0219i s-a ridicat cu demnitate de la mas\u0103. C\u00e2\u021biva invita\u021bi<\/p>\n","protected":false},"author":1,"featured_media":38334,"comment_status":"closed","ping_status":"closed","sticky":false,"template":"","format":"standard","meta":[],"categories":[1],"tags":[],"_links":{"self":[{"href":"http:\/\/calatorinromania.com\/index.php?rest_route=\/wp\/v2\/posts\/38338"}],"collection":[{"href":"http:\/\/calatorinromania.com\/index.php?rest_route=\/wp\/v2\/posts"}],"about":[{"href":"http:\/\/calatorinromania.com\/index.php?rest_route=\/wp\/v2\/types\/post"}],"author":[{"embeddable":true,"href":"http:\/\/calatorinromania.com\/index.php?rest_route=\/wp\/v2\/users\/1"}],"replies":[{"embeddable":true,"href":"http:\/\/calatorinromania.com\/index.php?rest_route=%2Fwp%2Fv2%2Fcomments&post=38338"}],"version-history":[{"count":1,"href":"http:\/\/calatorinromania.com\/index.php?rest_route=\/wp\/v2\/posts\/38338\/revisions"}],"predecessor-version":[{"id":38339,"href":"http:\/\/calatorinromania.com\/index.php?rest_route=\/wp\/v2\/posts\/38338\/revisions\/38339"}],"wp:featuredmedia":[{"embeddable":true,"href":"http:\/\/calatorinromania.com\/index.php?rest_route=\/wp\/v2\/media\/38334"}],"wp:attachment":[{"href":"http:\/\/calatorinromania.com\/index.php?rest_route=%2Fwp%2Fv2%2Fmedia&parent=38338"}],"wp:term":[{"taxonomy":"category","embeddable":true,"href":"http:\/\/calatorinromania.com\/index.php?rest_route=%2Fwp%2Fv2%2Fcategories&post=38338"},{"taxonomy":"post_tag","embeddable":true,"href":"http:\/\/calatorinromania.com\/index.php?rest_route=%2Fwp%2Fv2%2Ftags&post=38338"}],"curies":[{"name":"wp","href":"https:\/\/api.w.org\/{rel}","templated":true}]}}