{"id":38288,"date":"2025-04-05T07:56:18","date_gmt":"2025-04-05T07:56:18","guid":{"rendered":"https:\/\/calatorinromania.com\/?p=38288"},"modified":"2025-04-05T07:56:19","modified_gmt":"2025-04-05T07:56:19","slug":"acum-ca-sotia-ta-lucreaza-nu-mai-ai-nevoie-de-asta","status":"publish","type":"post","link":"http:\/\/calatorinromania.com\/?p=38288","title":{"rendered":"\u201eAcum c\u0103 so\u021bia ta lucreaz\u0103, nu mai ai nevoie de asta.\u201d"},"content":{"rendered":"\n<p>Lena a l\u0103sat geanta jos pe podea, s-a \u00eendreptat de spate \u0219i a vorbit at\u00e2t de calm, c\u0103 mi s-a f\u0103cut pielea de g\u0103in\u0103:<\/p>\n\n\n\n<p>\u2014 Asta a fost pic\u0103tura care a umplut paharul, Tamara Ivanovna. Eu \u0219i Sergiu nu mai tr\u0103im dup\u0103 cum \u00ee\u021bi convine \u021bie. L-ai controlat ani la r\u00e2nd, dar de azi totul se schimb\u0103. \u0218tiu c\u00e2t c\u00e2\u0219tig\u0103 \u0219i \u0219tiu c\u0103 banii \u0103ia trebuiau s\u0103 fie pentru via\u021ba noastr\u0103, nu pentru trusa ta de medicamente sau prietenele tale de la vil\u0103.<\/p>\n\n\n\n<p>\u2014 Cum \u00eendr\u0103zne\u0219ti?! \u2014 a izbucnit mama, ridic\u00e2ndu-se din fotoliu. \u2014 E apartamentul meu! E fiul meu! Eu mi-am dedicat via\u021ba lui!<\/p>\n\n\n\n<p>\u2014 Exact, \u2014 a r\u0103spuns Lena calm. \u2014 \u021ai-ai dedicat via\u021ba lui, dar nu l-ai l\u0103sat niciodat\u0103 s\u0103 fie b\u0103rbat. Ai f\u0103cut din el un b\u0103iat care nu \u0219tie s\u0103 spun\u0103 \u201enu\u201d. Dar el nu e doar fiul t\u0103u. E so\u021bul meu. \u0218i nu o s\u0103 te mai las s\u0103 distrugi ce construim \u00eempreun\u0103.<\/p>\n\n\n\n<p>Sergiu st\u0103tea ca lovit de tr\u0103snet. Buzele i se mi\u0219cau, dar nu scotea niciun cuv\u00e2nt. Avea senza\u021bia c\u0103 tr\u0103ie\u0219te un vis\u2026 unul pe care \u00eel a\u0219tepta de mult, dar nu avea curajul s\u0103-l viseze.<\/p>\n\n\n\n<p>\u2014 Sergiu, \u2014 a zis Lena \u00eencet, \u00eentorc\u00e2ndu-se spre el. \u2014 Spune-mi sincer, vrei s\u0103 tr\u0103ie\u0219ti cu mama sau cu mine?<\/p>\n\n\n\n<p>S-a l\u0103sat o lini\u0219te grea, de parc\u0103 cineva ar fi aruncat o p\u0103tur\u0103 ap\u0103s\u0103toare peste camer\u0103. Ochii mamei ardeau de furie, ai Lenei str\u0103luceau de speran\u021b\u0103. Iar el\u2026 el deodat\u0103 a v\u0103zut totul clar. A v\u0103zut cum mama lui l-a \u021binut ani \u00eentregi \u00eentr-o cu\u0219c\u0103 \u0219i cum Lena era singura care chiar voia s\u0103-l vad\u0103 fericit.<\/p>\n\n\n\n<p>\u2014 Mam\u0103, \u2014 a zis el \u00een sf\u00e2r\u0219it. \u2014 Te iubesc. Dar nu mai pot tr\u0103i a\u0219a. Nu e corect. Eu \u0219i Lena ne mut\u0103m.<\/p>\n\n\n\n<p>\u2014 Ce?! \u2014 a \u021bipat Tamara Ivanovna. \u2014 \u0218i apartamentul? \u0218i eu?! Eu v-am dat toat\u0103 via\u021ba mea!<\/p>\n\n\n\n<p>\u2014 \u0218i nimeni nu spune c\u0103 nu-\u021bi suntem recunosc\u0103tori, \u2014 a r\u0103spuns Lena, din nou cu voce sigur\u0103. \u2014 Dar recuno\u0219tin\u021ba nu \u00eenseamn\u0103 sclavie.<\/p>\n\n\n\n<p>\u2014 Am g\u0103sit deja un apartament, \u2014 a ad\u0103ugat Sergiu, iar \u00een glasul lui, pentru prima dat\u0103 dup\u0103 mult timp, se sim\u021bea curajul. \u2014 \u00cenchiriem o garsonier\u0103 aproape de serviciul meu. O pl\u0103tesc eu. \u0218i eu decid ce fac cu salariul meu.<\/p>\n\n\n\n<p>\u2014 A\u021bi luat-o razna! \u2014 urla soacra. \u2014 \u021ai-a b\u0103gat prostii \u00een cap \u0219i tu, ca un\u2026<\/p>\n\n\n\n<p>\u2014 Nu, mam\u0103. M-am trezit, \u00een sf\u00e2r\u0219it. \u0218i \u00eei mul\u021bumesc Lenei pentru asta.<\/p>\n\n\n\n<p>Lena s-a apropiat de Sergiu \u0219i i-a luat m\u00e2na. M\u00e2na ei era cald\u0103 \u0219i hot\u0103r\u00e2t\u0103. \u00cempreun\u0103 au ridicat geanta \u2014 \u00een ea erau actele pentru noul apartament \u00eenchiriat, un fierb\u0103tor electric nou \u0219i c\u00e2teva lucruri esen\u021biale.<\/p>\n\n\n\n<p>Tamara Ivanovna a r\u0103mas \u00een picioare, n\u0103ucit\u0103. Pentru prima dat\u0103 dup\u0103 mul\u021bi ani, \u00een casa ei era lini\u0219te. Fiul ei nu mai era acolo, \u0219i abia acum a \u00een\u021beles c\u0103 a pierdut puterea pe care o \u021binea at\u00e2t de str\u00e2ns, \u00eenc\u00e2t se pierduse \u00een ea.<\/p>\n\n\n\n<p>Dup\u0103 c\u00e2teva s\u0103pt\u0103m\u00e2ni, \u00een noul apartament mirosea a cafea proasp\u0103t\u0103 \u0219i biscui\u021bi. Lena r\u00e2dea \u00een buc\u0103t\u0103rie, preg\u0103tind ceva, iar Sergiu monta rafturi \u00eentr-un dulap.<\/p>\n\n\n\n<p>\u2014 \u0218tii\u2026 n-am crezut niciodat\u0103 c\u0103 o s\u0103 pot respira a\u0219a de liber, \u2014 i-a spus el, venind din spate \u0219i \u00eembr\u0103\u021bi\u0219\u00e2nd-o.<\/p>\n\n\n\n<p>\u2014 Pentru c\u0103 asta \u00eenseamn\u0103 via\u021b\u0103. F\u0103r\u0103 fric\u0103. F\u0103r\u0103 control. Doar noi doi, ca o echip\u0103.<\/p>\n\n\n\n<p>El a s\u0103rutat-o pe obraz \u0219i i-a \u0219optit:<\/p>\n\n\n\n<p>\u2014 Mul\u021bumesc c\u0103 n-ai renun\u021bat.<\/p>\n\n\n\n<p>\u2014 \u0218i eu \u00ee\u021bi mul\u021bumesc c\u0103 te-ai trezit, \u00een sf\u00e2r\u0219it.<\/p>\n\n\n\n<p>Afar\u0103 se \u00eensera, \u0219i luminile blocurilor se aprindeau una c\u00e2te una. Pove\u0219tile care odat\u0103 p\u0103reau basme stricate s-au transformat \u00een via\u021b\u0103 real\u0103 \u2014 complicat\u0103, dar sincer\u0103. \u0218i \u00een ea, \u00een sf\u00e2r\u0219it, era loc pentru fericire.<\/p>\n","protected":false},"excerpt":{"rendered":"<p>Lena a l\u0103sat geanta jos pe podea, s-a \u00eendreptat de spate \u0219i a vorbit at\u00e2t de calm, c\u0103 mi s-a f\u0103cut pielea de g\u0103in\u0103: \u2014<\/p>\n","protected":false},"author":1,"featured_media":38289,"comment_status":"closed","ping_status":"closed","sticky":false,"template":"","format":"standard","meta":[],"categories":[1],"tags":[],"_links":{"self":[{"href":"http:\/\/calatorinromania.com\/index.php?rest_route=\/wp\/v2\/posts\/38288"}],"collection":[{"href":"http:\/\/calatorinromania.com\/index.php?rest_route=\/wp\/v2\/posts"}],"about":[{"href":"http:\/\/calatorinromania.com\/index.php?rest_route=\/wp\/v2\/types\/post"}],"author":[{"embeddable":true,"href":"http:\/\/calatorinromania.com\/index.php?rest_route=\/wp\/v2\/users\/1"}],"replies":[{"embeddable":true,"href":"http:\/\/calatorinromania.com\/index.php?rest_route=%2Fwp%2Fv2%2Fcomments&post=38288"}],"version-history":[{"count":1,"href":"http:\/\/calatorinromania.com\/index.php?rest_route=\/wp\/v2\/posts\/38288\/revisions"}],"predecessor-version":[{"id":38290,"href":"http:\/\/calatorinromania.com\/index.php?rest_route=\/wp\/v2\/posts\/38288\/revisions\/38290"}],"wp:featuredmedia":[{"embeddable":true,"href":"http:\/\/calatorinromania.com\/index.php?rest_route=\/wp\/v2\/media\/38289"}],"wp:attachment":[{"href":"http:\/\/calatorinromania.com\/index.php?rest_route=%2Fwp%2Fv2%2Fmedia&parent=38288"}],"wp:term":[{"taxonomy":"category","embeddable":true,"href":"http:\/\/calatorinromania.com\/index.php?rest_route=%2Fwp%2Fv2%2Fcategories&post=38288"},{"taxonomy":"post_tag","embeddable":true,"href":"http:\/\/calatorinromania.com\/index.php?rest_route=%2Fwp%2Fv2%2Ftags&post=38288"}],"curies":[{"name":"wp","href":"https:\/\/api.w.org\/{rel}","templated":true}]}}