{"id":38261,"date":"2025-04-03T06:42:39","date_gmt":"2025-04-03T06:42:39","guid":{"rendered":"https:\/\/calatorinromania.com\/?p=38261"},"modified":"2025-04-03T06:42:39","modified_gmt":"2025-04-03T06:42:39","slug":"am-gasit-o-fetita-pe-strada-nimeni-nu-o-cauta-asa-ca-am-avut-grija-de-ea-ca-si-cum-ar-fi-fost-a-mea-2","status":"publish","type":"post","link":"http:\/\/calatorinromania.com\/?p=38261","title":{"rendered":"Am g\u0103sit o feti\u021b\u0103 pe strad\u0103, nimeni nu o c\u0103uta, a\u0219a c\u0103 am avut grij\u0103 de ea ca \u0219i cum ar fi fost a mea"},"content":{"rendered":"\n<h3>DISCLAIMER: Acest site este neutru din punct de vedere politic \u0219i nu sus\u021bine niciun partid sau ideologie politic\u0103.<\/h3>\n\n\n\n<p>Destinul uneori ne ofer\u0103 surprize care ne las\u0103 pentru toat\u0103 via\u021ba s\u0103 ne \u00eentreb\u0103m cum s-au \u00eent\u00e2mplat lucrurile. \u00cemi amintesc \u00eenc\u0103 acea zi gri de octombrie, c\u00e2nd m\u0103 \u00eentorceam de la pia\u021ba unui sat din apropiere. Autobuzele treceau doar din c\u00e2nd \u00een c\u00e2nd, a\u0219a c\u0103 trebuia s\u0103 merg pe jos, \u00eenjur\u00e2nd \u00een sinea mea pentru drumul denivelat \u0219i pentru saco\u0219ele grele cu cartofi.<\/p>\n\n\n\n<p>La patruzeci \u0219i doi de ani tr\u0103iam singur\u0103, dac\u0103 nu \u00eel punem la socoteal\u0103 pe motanul Barsik, care sincer p\u0103rea mai mult o pernu\u021b\u0103 mic\u0103 cu o fa\u021b\u0103 obraznic\u0103. Dup\u0103 divor\u021b, nu mai avusesem noroc nici cu via\u021ba sentimental\u0103, nici cu copiii. Lucram \u00eentr-o bibliotec\u0103 de la sat, seara tricotam \u0219i m\u0103 uitam la seriale \u2013 pe scurt, o via\u021b\u0103 normal\u0103 pentru o femeie obi\u0219nuit\u0103 de la \u021bar\u0103.<\/p>\n\n\n\n<p>Tocmai m\u0103 g\u00e2ndeam dac\u0103 voi avea suficient\u0103 putere s\u0103 duc acele saco\u0219e nenorocite acas\u0103, c\u00e2nd am v\u0103zut-o. O figur\u0103 mic\u0103, \u00eentr-o jachet\u0103 sub\u021bire, st\u0103tea sub un stejar b\u0103tr\u00e2n, cu genunchii str\u00e2n\u0219i \u00een bra\u021be. La \u00eenceput am crezut c\u0103 e o iluzie \u2013 cine, cu mintea \u00eentreag\u0103, las\u0103 un copil singur \u00eentre sate pe o astfel de vreme?<\/p>\n\n\n\n<p>\u2014 Feti\u021bo, a cui e\u0219ti? \u2014 am strigat, apropiindu-m\u0103.<\/p>\n\n\n\n<p>\u0218i-a ridicat capul \u2013 fa\u021ba palid\u0103, ochii speria\u021bi, dar nu a spus nimic. Doar s-a str\u00e2ns \u0219i mai tare \u00een jachet\u0103.<\/p>\n\n\n\n<p>\u2014 Te-ai pierdut? Unde sunt p\u0103rin\u021bii t\u0103i?<\/p>\n\n\n\n<p>T\u0103cere. Doar buzele \u00eei tremurau.<\/p>\n\n\n\n<p>\u2014 Dumnezeule, e\u0219ti complet \u00eenghe\u021bat\u0103! \u2014 am pus jos saco\u0219ele \u0219i m-am a\u0219ezat l\u00e2ng\u0103 ea. \u2014 M\u0103 numesc Tatiana Ivanovna. \u0218i tu cum te nume\u0219ti?<\/p>\n\n\n\n<p>\u2014 S-Sonia, \u2014 a \u0219optit cu greu.<\/p>\n\n\n\n<p>\u2014 Sonia, vrei s\u0103 vii la mine acas\u0103? \u00ce\u021bi voi face un ceai cald, te vei \u00eenc\u0103lzi \u0219i apoi vom vedea de unde e\u0219ti.<\/p>\n\n\n\n<p>Ea a dat timid din cap, iar eu, lu\u00e2nd o saco\u0219\u0103 cu o m\u00e2n\u0103 \u0219i m\u00e2na ei \u00eenghe\u021bat\u0103 cu cealalt\u0103, am pornit la drum. Eu g\u00e2f\u00e2ind sub greutatea cartofilor, iar ea merg\u00e2nd \u0219chiop\u0103t\u00e2nd l\u00e2ng\u0103 mine, ca un mic vr\u0103bioi.<\/p>\n\n\n\n<p>Ajuns\u0103 acas\u0103, am \u00eenvelit-o imediat cu o p\u0103tur\u0103, am aprins caloriferul \u0219i am pus ibricul cu ap\u0103 pe foc. Barsik, care de obicei era indiferent cu oaspe\u021bii, a s\u0103rit imediat \u00een bra\u021bele ei \u0219i a tors ca un tractor.<\/p>\n\n\n\n<p>\u2014 Uite, i-ai pl\u0103cut, \u2014 am z\u00e2mbit, sco\u021b\u00e2nd ni\u0219te biscui\u021bi. \u2014 \u0218i el e cam preten\u021bios, nu merge la oricine f\u0103r\u0103 motiv.<\/p>\n\n\n\n<p>Sonia a m\u00e2ng\u00e2iat timid motanul \u0219i am observat cum umerii ei se relaxau pu\u021bin.<\/p>\n\n\n\n<p>\u2014 Sonia, c\u00e2\u021bi ani ai?<\/p>\n\n\n\n<p>\u2014 Cinci\u2026 poate.<\/p>\n\n\n\n<p>\u2014 \u0218tii cum te cheam\u0103 de familie? Sau unde locuie\u0219ti?<\/p>\n\n\n\n<p>Ea a cl\u0103tinat din cap, iar eu am sim\u021bit cum ceva mi s-a str\u00e2ns \u00een piept. Ceva era \u00een mod clar \u00een neregul\u0103.<\/p>\n\n\n\n<p>\u00cen acea sear\u0103 i-am dat sup\u0103 \u0219i pl\u0103cinte (datorit\u0103 obiceiului meu de a g\u0103ti din timp), am culcat-o \u00een camera mea, iar eu m-am a\u0219ezat pe canapea. Nu am reu\u0219it s\u0103 dorm toat\u0103 noaptea \u2014 am sunat la poli\u021bie, la administra\u021bia satelor din jur, dar nimeni nu raportase dispari\u021bia unui copil.<\/p>\n\n\n\n<p>A trecut o s\u0103pt\u0103m\u00e2n\u0103, apoi dou\u0103. Sonia a \u00eenceput s\u0103 se deschid\u0103, s\u0103 z\u00e2mbeasc\u0103, mai ales c\u00e2nd \u00eei citeam pove\u0219ti \u00eenainte de culcare. Dar despre cum ajunsese pe drum nu \u00ee\u0219i amintea nimic \u2013 sau poate nu voia s\u0103-\u0219i aminteasc\u0103.<\/p>\n\n\n\n<p>C\u00e2nd inspectorul pentru protec\u021bia copilului a ridicat din umeri \u00eenc\u0103 o dat\u0103, am \u00een\u021beles c\u0103 trebuia s\u0103 iau o decizie. Orfelinat? Mi se f\u0103cea r\u0103u doar g\u00e2ndindu-m\u0103 la asta.<\/p>\n\n\n\n<p>\u2014 Sonia, \u2014 am chemat-o \u00eentr-o sear\u0103, \u00een timp ce desena la mas\u0103, cu limba scoas\u0103 de concentrare. \u2014 Vrei s\u0103 vii s\u0103 locuie\u0219ti cu mine? Pentru totdeauna?<\/p>\n\n\n\n<p>Ea s-a oprit, str\u00e2ng\u00e2nd creionul, apoi a ridicat privirea:<\/p>\n\n\n\n<p>\u2014 Se poate?<\/p>\n\n\n\n<p>\u2014 Se poate. Vei fi fiica mea.<\/p>\n\n\n\n<p>\u2014 \u0218i pot s\u0103-l las pe Barsik?<\/p>\n\n\n\n<p>Am r\u00e2s:<\/p>\n\n\n\n<p>\u2014 Po\u021bi s\u0103-l la\u0219i \u0219i pe Barsik.<\/p>\n\n\n\n<p>S-a ridicat de pe scaun, a venit spre mine \u0219i m-a \u00eembr\u0103\u021bi\u0219at str\u00e2ns. \u0218i eu, m\u00e2ng\u00e2indu-i p\u0103rul, m-am g\u00e2ndit: \u201eVa fi bine, vom reu\u0219i\u201d.<\/p>\n\n\n\n<p>Apoi au \u00eenceput vizitele la birouri, str\u00e2ngerea documentelor, controalele. Dar asta e o alt\u0103 poveste.<\/p>\n","protected":false},"excerpt":{"rendered":"<p>DISCLAIMER: Acest site este neutru din punct de vedere politic \u0219i nu sus\u021bine niciun partid sau ideologie politic\u0103. Destinul uneori ne ofer\u0103 surprize care ne<\/p>\n","protected":false},"author":1,"featured_media":38229,"comment_status":"closed","ping_status":"closed","sticky":false,"template":"","format":"standard","meta":[],"categories":[1],"tags":[],"_links":{"self":[{"href":"http:\/\/calatorinromania.com\/index.php?rest_route=\/wp\/v2\/posts\/38261"}],"collection":[{"href":"http:\/\/calatorinromania.com\/index.php?rest_route=\/wp\/v2\/posts"}],"about":[{"href":"http:\/\/calatorinromania.com\/index.php?rest_route=\/wp\/v2\/types\/post"}],"author":[{"embeddable":true,"href":"http:\/\/calatorinromania.com\/index.php?rest_route=\/wp\/v2\/users\/1"}],"replies":[{"embeddable":true,"href":"http:\/\/calatorinromania.com\/index.php?rest_route=%2Fwp%2Fv2%2Fcomments&post=38261"}],"version-history":[{"count":1,"href":"http:\/\/calatorinromania.com\/index.php?rest_route=\/wp\/v2\/posts\/38261\/revisions"}],"predecessor-version":[{"id":38262,"href":"http:\/\/calatorinromania.com\/index.php?rest_route=\/wp\/v2\/posts\/38261\/revisions\/38262"}],"wp:featuredmedia":[{"embeddable":true,"href":"http:\/\/calatorinromania.com\/index.php?rest_route=\/wp\/v2\/media\/38229"}],"wp:attachment":[{"href":"http:\/\/calatorinromania.com\/index.php?rest_route=%2Fwp%2Fv2%2Fmedia&parent=38261"}],"wp:term":[{"taxonomy":"category","embeddable":true,"href":"http:\/\/calatorinromania.com\/index.php?rest_route=%2Fwp%2Fv2%2Fcategories&post=38261"},{"taxonomy":"post_tag","embeddable":true,"href":"http:\/\/calatorinromania.com\/index.php?rest_route=%2Fwp%2Fv2%2Ftags&post=38261"}],"curies":[{"name":"wp","href":"https:\/\/api.w.org\/{rel}","templated":true}]}}