{"id":35077,"date":"2024-10-23T07:07:59","date_gmt":"2024-10-23T07:07:59","guid":{"rendered":"https:\/\/calatorinromania.com\/?p=35077"},"modified":"2025-03-16T08:08:08","modified_gmt":"2025-03-16T08:08:08","slug":"reteta-pentru-prajitura-cu-cafea-si-nuca","status":"publish","type":"post","link":"http:\/\/calatorinromania.com\/?p=35077","title":{"rendered":"Re\u021bet\u0103 pentru pr\u0103jitura cu cafea \u0219i nuc\u0103"},"content":{"rendered":"\n<h2><strong>Pr\u0103jitur\u0103 Delicioas\u0103 cu Cafea \u0219i Nuc\u0103<\/strong><\/h2>\n\n\n\n<p><\/p>\n\n\n\n<p><strong>Dac\u0103 \u00ee\u021bi plac aromele de nuc\u0103 \u0219i cafea, aceast\u0103 pr\u0103jitur\u0103 va deveni rapid preferata ta! Perfect\u0103 pentru orice ocazie, este \u0219i o gustare delicioas\u0103.<\/strong><\/p>\n\n\n\n<p><\/p>\n\n\n\n<h3><strong>Ingrediente:<\/strong><\/h3>\n\n\n\n<p><\/p>\n\n\n\n<h4><strong>Pentru blat:<\/strong><\/h4>\n\n\n\n<ul>\n<li><strong>6 ou\u0103 (separate)<\/strong><\/li>\n\n\n\n<li><strong>3 linguri de zah\u0103r<\/strong><\/li>\n\n\n\n<li><strong>3 linguri de f\u0103in\u0103<\/strong><\/li>\n\n\n\n<li><strong>1 plic de praf de copt<\/strong><\/li>\n\n\n\n<li><strong>150 g nuc\u0103 m\u0103cinat\u0103<\/strong><\/li>\n<\/ul>\n\n\n\n<p><\/p>\n\n\n\n<h4><strong>Pentru crem\u0103:<\/strong><\/h4>\n\n\n\n<ul>\n<li><strong>1 plic de budinc\u0103 de vanilie (sau 3 linguri de f\u0103in\u0103)<\/strong><\/li>\n\n\n\n<li><strong>1 lingur\u0103 de cafea m\u0103cinat\u0103<\/strong><\/li>\n\n\n\n<li><strong>300 ml lapte<\/strong><\/li>\n\n\n\n<li><strong>1 plic de zah\u0103r vanilat<\/strong><\/li>\n\n\n\n<li><strong>250 g unt<\/strong><\/li>\n\n\n\n<li><strong>200 g zah\u0103r pudr\u0103<\/strong><\/li>\n\n\n\n<li><strong>5 linguri de nuc\u0103 m\u0103cinat\u0103<\/strong><\/li>\n<\/ul>\n\n\n\n<p><\/p>\n\n\n\n<h4><strong>Pentru glazura de ciocolat\u0103:<\/strong><\/h4>\n\n\n\n<ul>\n<li><strong>1 tablet\u0103 de ciocolat\u0103 neagr\u0103 (70% cacao)<\/strong><\/li>\n\n\n\n<li><strong>1 linguri\u021b\u0103 de ulei<\/strong><\/li>\n<\/ul>\n\n\n\n<p><\/p>\n\n\n\n<h3><strong>Mod de preparare:<\/strong><\/h3>\n\n\n\n<ol>\n<li><strong>Prepararea blatului:<\/strong>\n<ul>\n<li>Bate albu\u0219urile spum\u0103 cu zah\u0103rul, apoi adaug\u0103 g\u0103lbenu\u0219urile pe r\u00e2nd.<\/li>\n\n\n\n<li>\u00cencorporeaz\u0103 u\u0219or f\u0103ina, praful de copt \u0219i nuca m\u0103cinat\u0103.<\/li>\n\n\n\n<li>Toarn\u0103 amestecul \u00eentr-o tav\u0103 de <strong>25\u00d734 cm<\/strong>, tapetat\u0103 cu h\u00e2rtie de copt.<\/li>\n\n\n\n<li>Coace la <strong>180\u00b0C<\/strong> timp de <strong>25-30 minute<\/strong>. Verific\u0103 cu o scobitoare dac\u0103 este copt.<\/li>\n<\/ul>\n<\/li>\n\n\n\n<li><strong>Prepararea cremei:<\/strong>\n<ul>\n<li>Amestec\u0103 praful de budinc\u0103 sau f\u0103ina cu cafeaua m\u0103cinat\u0103, laptele \u0219i zah\u0103rul vanilat.<\/li>\n\n\n\n<li>Fierbe amestecul p\u00e2n\u0103 devine o crem\u0103 groas\u0103. Las\u0103 s\u0103 se r\u0103ceasc\u0103.<\/li>\n\n\n\n<li>\u00centr-un alt bol, bate untul cu zah\u0103rul pudr\u0103 \u0219i nuca m\u0103cinat\u0103, apoi \u00eencorporeaz\u0103 crema de cafea r\u0103cit\u0103.<\/li>\n<\/ul>\n<\/li>\n\n\n\n<li><strong>Asamblarea pr\u0103jiturii:<\/strong>\n<ul>\n<li>\u00centinde crema de cafea peste blatul r\u0103cit \u0219i las\u0103 pr\u0103jitura la frigider p\u00e2n\u0103 se \u00eent\u0103re\u0219te.<\/li>\n<\/ul>\n<\/li>\n\n\n\n<li><strong>Prepararea glazurii:<\/strong>\n<ul>\n<li>Tope\u0219te ciocolata \u00eempreun\u0103 cu uleiul pe bain-marie.<\/li>\n\n\n\n<li>Toarn\u0103 uniform glazura peste pr\u0103jitur\u0103 \u0219i pune din nou la frigider p\u00e2n\u0103 se \u00eent\u0103re\u0219te.<\/li>\n<\/ul>\n<\/li>\n\n\n\n<li><strong>Servirea:<\/strong>\n<ul>\n<li>Dup\u0103 ce glazura s-a \u00eent\u0103rit, taie pr\u0103jitura cu un cu\u021bit umezit.<\/li>\n<\/ul>\n<\/li>\n<\/ol>\n\n\n\n<h3><strong>Poft\u0103 bun\u0103!<\/strong><\/h3>\n\n\n\n<p>Sper c\u0103 aceast\u0103 variant\u0103 \u00ee\u021bi place! Dac\u0103 dore\u0219ti alte modific\u0103ri sau ad\u0103ugiri, nu ezita s\u0103-mi spui!<\/p>\n","protected":false},"excerpt":{"rendered":"<p>Pr\u0103jitur\u0103 Delicioas\u0103 cu Cafea \u0219i Nuc\u0103 Dac\u0103 \u00ee\u021bi plac aromele de nuc\u0103 \u0219i cafea, aceast\u0103 pr\u0103jitur\u0103 va deveni rapid preferata ta! Perfect\u0103 pentru orice ocazie,<\/p>\n","protected":false},"author":1,"featured_media":35078,"comment_status":"closed","ping_status":"closed","sticky":false,"template":"","format":"standard","meta":[],"categories":[1],"tags":[],"_links":{"self":[{"href":"http:\/\/calatorinromania.com\/index.php?rest_route=\/wp\/v2\/posts\/35077"}],"collection":[{"href":"http:\/\/calatorinromania.com\/index.php?rest_route=\/wp\/v2\/posts"}],"about":[{"href":"http:\/\/calatorinromania.com\/index.php?rest_route=\/wp\/v2\/types\/post"}],"author":[{"embeddable":true,"href":"http:\/\/calatorinromania.com\/index.php?rest_route=\/wp\/v2\/users\/1"}],"replies":[{"embeddable":true,"href":"http:\/\/calatorinromania.com\/index.php?rest_route=%2Fwp%2Fv2%2Fcomments&post=35077"}],"version-history":[{"count":1,"href":"http:\/\/calatorinromania.com\/index.php?rest_route=\/wp\/v2\/posts\/35077\/revisions"}],"predecessor-version":[{"id":35079,"href":"http:\/\/calatorinromania.com\/index.php?rest_route=\/wp\/v2\/posts\/35077\/revisions\/35079"}],"wp:featuredmedia":[{"embeddable":true,"href":"http:\/\/calatorinromania.com\/index.php?rest_route=\/wp\/v2\/media\/35078"}],"wp:attachment":[{"href":"http:\/\/calatorinromania.com\/index.php?rest_route=%2Fwp%2Fv2%2Fmedia&parent=35077"}],"wp:term":[{"taxonomy":"category","embeddable":true,"href":"http:\/\/calatorinromania.com\/index.php?rest_route=%2Fwp%2Fv2%2Fcategories&post=35077"},{"taxonomy":"post_tag","embeddable":true,"href":"http:\/\/calatorinromania.com\/index.php?rest_route=%2Fwp%2Fv2%2Ftags&post=35077"}],"curies":[{"name":"wp","href":"https:\/\/api.w.org\/{rel}","templated":true}]}}