{"id":34847,"date":"2024-10-16T06:43:01","date_gmt":"2024-10-16T06:43:01","guid":{"rendered":"https:\/\/calatorinromania.com\/?p=34847"},"modified":"2025-03-13T10:23:55","modified_gmt":"2025-03-13T10:23:55","slug":"salata-de-vinete-cu-iaurt-si-susan-deliciu-cremos-si-aromat","status":"publish","type":"post","link":"http:\/\/calatorinromania.com\/?p=34847","title":{"rendered":"<strong>Salat\u0103 de vinete cu iaurt \u0219i susan \u2013 Deliciu cremos \u0219i aromat!<\/strong>"},"content":{"rendered":"\n<p>Dac\u0103 \u00ee\u021bi dore\u0219ti un aperitiv u\u0219or, cremos \u0219i plin de savoare, aceast\u0103 <strong>salat\u0103 de vinete cu iaurt \u0219i susan<\/strong> este alegerea perfect\u0103! Vinetele coapte cap\u0103t\u0103 un gust profund \u0219i delicios, iar combina\u021bia cu iaurt grecesc aduce o textur\u0103 fin\u0103 \u0219i r\u0103coritoare. Ad\u0103ugarea de past\u0103 de susan (tahini) \u0219i semin\u021bele de susan pr\u0103jite dau o not\u0103 oriental\u0103 \u0219i o arom\u0103 deosebit\u0103. Preparatul este ideal pentru a fi servit pe tartine sau ca dip pentru legume, perfect pentru orice mas\u0103, fie ea casual sau festiv\u0103.<\/p>\n\n\n\n<p><\/p>\n\n\n\n<p><strong>Ingrediente:<\/strong><\/p>\n\n\n\n<ul>\n<li><strong>2 vinete mari<\/strong><\/li>\n\n\n\n<li><strong>250 g iaurt grecesc<\/strong> (cu 10% gr\u0103sime)<\/li>\n\n\n\n<li><strong>30 ml ulei<\/strong><\/li>\n\n\n\n<li><strong>2-3 c\u0103\u021bei de usturoi<\/strong>, zdrobi\u021bi<\/li>\n\n\n\n<li><strong>1 lingur\u0103 past\u0103 de susan (tahini)<\/strong><\/li>\n\n\n\n<li><strong>2-3 linguri de semin\u021be de susan<\/strong>, pr\u0103jite<\/li>\n\n\n\n<li><strong>Zeama de la 1\/2 l\u0103m\u00e2ie<\/strong><\/li>\n\n\n\n<li><strong>Sare<\/strong>, dup\u0103 gust<\/li>\n<\/ul>\n\n\n\n<p><\/p>\n\n\n\n<h3><strong>Mod de preparare:<\/strong><\/h3>\n\n\n\n<p><\/p>\n\n\n\n<ol>\n<li><strong>Coace vinetele:<\/strong><br>Coace vinetele pe un gr\u0103tar \u00een aer liber pentru un gust autentic. Dup\u0103 ce sunt gata, cur\u0103\u021b\u0103-le de coaj\u0103 \u0219i las\u0103-le s\u0103 se scurg\u0103 \u00eentr-o sit\u0103 timp de cel pu\u021bin <strong>30 de minute<\/strong>.<\/li>\n\n\n\n<li><strong>Toac\u0103 vinetele:<\/strong><br>Dup\u0103 ce s-au scurs, toac\u0103 vinetele m\u0103runt.<\/li>\n\n\n\n<li><strong>Amestec\u0103 ingredientele:<\/strong><br>Folose\u0219te un mixer \u0219i bate vinetele \u00eempreun\u0103 cu uleiul \u0219i pasta de susan (tahini). Apoi, adaug\u0103 treptat <strong>iaurtul<\/strong>, <strong>zeama de l\u0103m\u00e2ie<\/strong>, <strong>usturoiul zdrobit<\/strong> \u0219i sare dup\u0103 gust.<\/li>\n\n\n\n<li><strong>Pr\u0103je\u0219te susanul:<\/strong><br>Pr\u0103je\u0219te semin\u021bele de susan \u00eentr-o tigaie uscat\u0103 (f\u0103r\u0103 ulei) p\u00e2n\u0103 devin u\u0219or rumenite.<\/li>\n\n\n\n<li><strong>Asamblare:<\/strong><br>\u00centinde salata de vinete pe tartine \u0219i presar\u0103 deasupra <strong>semin\u021bele de susan pr\u0103jite<\/strong>.<\/li>\n<\/ol>\n\n\n\n<h3><strong>Savura\u021bi cu poft\u0103! \ud83d\ude0b<\/strong><\/h3>\n\n\n\n<p>Acest preparat cremos \u0219i aromat este perfect pentru gust\u0103ri sau aperitive! <strong>Poft\u0103 bun\u0103!<\/strong> \ud83e\udd56<\/p>\n","protected":false},"excerpt":{"rendered":"<p>Dac\u0103 \u00ee\u021bi dore\u0219ti un aperitiv u\u0219or, cremos \u0219i plin de savoare, aceast\u0103 salat\u0103 de vinete cu iaurt \u0219i susan este alegerea perfect\u0103! Vinetele coapte cap\u0103t\u0103<\/p>\n","protected":false},"author":1,"featured_media":34848,"comment_status":"closed","ping_status":"closed","sticky":false,"template":"","format":"standard","meta":[],"categories":[1],"tags":[],"_links":{"self":[{"href":"http:\/\/calatorinromania.com\/index.php?rest_route=\/wp\/v2\/posts\/34847"}],"collection":[{"href":"http:\/\/calatorinromania.com\/index.php?rest_route=\/wp\/v2\/posts"}],"about":[{"href":"http:\/\/calatorinromania.com\/index.php?rest_route=\/wp\/v2\/types\/post"}],"author":[{"embeddable":true,"href":"http:\/\/calatorinromania.com\/index.php?rest_route=\/wp\/v2\/users\/1"}],"replies":[{"embeddable":true,"href":"http:\/\/calatorinromania.com\/index.php?rest_route=%2Fwp%2Fv2%2Fcomments&post=34847"}],"version-history":[{"count":1,"href":"http:\/\/calatorinromania.com\/index.php?rest_route=\/wp\/v2\/posts\/34847\/revisions"}],"predecessor-version":[{"id":34849,"href":"http:\/\/calatorinromania.com\/index.php?rest_route=\/wp\/v2\/posts\/34847\/revisions\/34849"}],"wp:featuredmedia":[{"embeddable":true,"href":"http:\/\/calatorinromania.com\/index.php?rest_route=\/wp\/v2\/media\/34848"}],"wp:attachment":[{"href":"http:\/\/calatorinromania.com\/index.php?rest_route=%2Fwp%2Fv2%2Fmedia&parent=34847"}],"wp:term":[{"taxonomy":"category","embeddable":true,"href":"http:\/\/calatorinromania.com\/index.php?rest_route=%2Fwp%2Fv2%2Fcategories&post=34847"},{"taxonomy":"post_tag","embeddable":true,"href":"http:\/\/calatorinromania.com\/index.php?rest_route=%2Fwp%2Fv2%2Ftags&post=34847"}],"curies":[{"name":"wp","href":"https:\/\/api.w.org\/{rel}","templated":true}]}}