{"id":33492,"date":"2024-08-19T10:26:01","date_gmt":"2024-08-19T10:26:01","guid":{"rendered":"https:\/\/calatorinromania.com\/?p=33492"},"modified":"2025-03-20T10:50:07","modified_gmt":"2025-03-20T10:50:07","slug":"asa-fac-aivarul-de-mai-bine-de-20-de-ani-si-toata-lumea-ma-intreaba-de-reteta-%f0%9f%98%8b","status":"publish","type":"post","link":"http:\/\/calatorinromania.com\/?p=33492","title":{"rendered":"A\u0219a fac aiv\u0103rul de mai bine de 20 de ani, \u0219i toat\u0103 lumea m\u0103 \u00eentreab\u0103 de re\u021bet\u0103\u2026 \ud83d\ude0b"},"content":{"rendered":"\n<h3><\/h3>\n\n\n\n<p>Dac\u0103 vrei s\u0103 prepari un aiv\u0103r delicios, f\u0103r\u0103 b\u0103taie de cap cu cur\u0103\u021batul legumelor, atunci aceast\u0103 re\u021bet\u0103 este perfect\u0103 pentru tine! Iat\u0103 ce \u00ee\u021bi trebuie:<\/p>\n\n\n\n<h4>Ingrediente necesare:<\/h4>\n\n\n\n<ul>\n<li><strong>4 kg de ardei ro\u0219ii<\/strong>, cur\u0103\u021ba\u021bi de semin\u021be \u0219i t\u0103ia\u021bi grosier<\/li>\n\n\n\n<li><strong>1 kg de vinete<\/strong>, cur\u0103\u021bate \u0219i t\u0103iate \u00een rondele<\/li>\n\n\n\n<li><strong>5 c\u0103\u021bei de usturoi<\/strong><\/li>\n\n\n\n<li><strong>1-2 ardei iu\u021bi<\/strong> (op\u021bional, \u00een func\u021bie de preferin\u021bele tale)<\/li>\n\n\n\n<li>Pu\u021bin\u0103 <strong>sare<\/strong> \u0219i pu\u021bin <strong>zah\u0103r<\/strong><\/li>\n\n\n\n<li><strong>500 ml de ulei<\/strong><\/li>\n<\/ul>\n\n\n\n<h4>Pentru marinada de fiert:<\/h4>\n\n\n\n<ul>\n<li><strong>3 litri de ap\u0103<\/strong> clocotit\u0103<\/li>\n\n\n\n<li><strong>100 ml de ulei<\/strong><\/li>\n\n\n\n<li><strong>50 ml de o\u021bet<\/strong><\/li>\n\n\n\n<li><strong>3 linguri de sare<\/strong><\/li>\n\n\n\n<li><strong>5 cuburi de zah\u0103r<\/strong> (sau 5 linguri\u021be)<\/li>\n<\/ul>\n\n\n\n<h3>Mod de preparare:<\/h3>\n\n\n\n<ol>\n<li><strong>Fierberea legumelor:<\/strong>\n<ul>\n<li>\u00centr-o oal\u0103 mare, pune la fiert cei 3 litri de ap\u0103. Adaug\u0103 <strong>uleiul<\/strong>, <strong>o\u021betul<\/strong>, <strong>sarea<\/strong> \u0219i <strong>zah\u0103rul<\/strong>. Aduce marinada la punctul de fierbere.<\/li>\n\n\n\n<li>Pune ardeii \u00een marinada clocotit\u0103, c\u00e2te un lot pe r\u00e2nd, \u0219i fierbe-i c\u00e2teva minute, p\u00e2n\u0103 se \u00eenmoaie. Scoate-i cu o spumier\u0103 \u0219i repet\u0103 procedura pentru vinete.<\/li>\n<\/ul>\n<\/li>\n\n\n\n<li><strong>M\u0103run\u021birea:<\/strong>\n<ul>\n<li>Dup\u0103 ce toate legumele au fost fierte, m\u0103run\u021be\u0219te-le \u00eentr-un robot de buc\u0103t\u0103rie \u00eempreun\u0103 cu usturoiul \u0219i ardeiul iute.<\/li>\n<\/ul>\n<\/li>\n\n\n\n<li><strong>G\u0103tirea aiv\u0103rului:<\/strong>\n<ul>\n<li>\u00centr-o crati\u021b\u0103 mare, \u00eenc\u0103lze\u0219te <strong>uleiul<\/strong>. Adaug\u0103 legumele m\u0103run\u021bite \u0219i adu totul la punctul de fierbere.<\/li>\n\n\n\n<li>C\u00e2nd \u00eencepe s\u0103 fiarb\u0103, redu focul \u0219i fierbe aiv\u0103rul la temperatur\u0103 mic\u0103, timp de aproximativ <strong>o or\u0103<\/strong>. Nu trebuie s\u0103 amesteci constant, doar din c\u00e2nd \u00een c\u00e2nd.<\/li>\n<\/ul>\n<\/li>\n\n\n\n<li><strong>Finalizarea:<\/strong>\n<ul>\n<li>La final, adaug\u0103 <strong>sare dup\u0103 gust<\/strong>. Dac\u0103 vrei o textur\u0103 mai fin\u0103, po\u021bi pasa aiv\u0103rul cu un blender manual (dar nu este obligatoriu).<\/li>\n<\/ul>\n<\/li>\n<\/ol>\n\n\n\n<p>\ud83c\udf89 <strong>Gata! Aiv\u0103rul t\u0103u delicios este preg\u0103tit.<\/strong> Po\u021bi s\u0103-l serve\u0219ti pe p\u00e2ine pr\u0103jit\u0103, ca garnitur\u0103 l\u00e2ng\u0103 carne sau chiar ca aperitiv. Poft\u0103 bun\u0103!<\/p>\n","protected":false},"excerpt":{"rendered":"<p>Dac\u0103 vrei s\u0103 prepari un aiv\u0103r delicios, f\u0103r\u0103 b\u0103taie de cap cu cur\u0103\u021batul legumelor, atunci aceast\u0103 re\u021bet\u0103 este perfect\u0103 pentru tine! Iat\u0103 ce \u00ee\u021bi trebuie:<\/p>\n","protected":false},"author":1,"featured_media":33494,"comment_status":"closed","ping_status":"closed","sticky":false,"template":"","format":"standard","meta":[],"categories":[1],"tags":[],"_links":{"self":[{"href":"http:\/\/calatorinromania.com\/index.php?rest_route=\/wp\/v2\/posts\/33492"}],"collection":[{"href":"http:\/\/calatorinromania.com\/index.php?rest_route=\/wp\/v2\/posts"}],"about":[{"href":"http:\/\/calatorinromania.com\/index.php?rest_route=\/wp\/v2\/types\/post"}],"author":[{"embeddable":true,"href":"http:\/\/calatorinromania.com\/index.php?rest_route=\/wp\/v2\/users\/1"}],"replies":[{"embeddable":true,"href":"http:\/\/calatorinromania.com\/index.php?rest_route=%2Fwp%2Fv2%2Fcomments&post=33492"}],"version-history":[{"count":1,"href":"http:\/\/calatorinromania.com\/index.php?rest_route=\/wp\/v2\/posts\/33492\/revisions"}],"predecessor-version":[{"id":33495,"href":"http:\/\/calatorinromania.com\/index.php?rest_route=\/wp\/v2\/posts\/33492\/revisions\/33495"}],"wp:featuredmedia":[{"embeddable":true,"href":"http:\/\/calatorinromania.com\/index.php?rest_route=\/wp\/v2\/media\/33494"}],"wp:attachment":[{"href":"http:\/\/calatorinromania.com\/index.php?rest_route=%2Fwp%2Fv2%2Fmedia&parent=33492"}],"wp:term":[{"taxonomy":"category","embeddable":true,"href":"http:\/\/calatorinromania.com\/index.php?rest_route=%2Fwp%2Fv2%2Fcategories&post=33492"},{"taxonomy":"post_tag","embeddable":true,"href":"http:\/\/calatorinromania.com\/index.php?rest_route=%2Fwp%2Fv2%2Ftags&post=33492"}],"curies":[{"name":"wp","href":"https:\/\/api.w.org\/{rel}","templated":true}]}}