{"id":33466,"date":"2024-08-19T05:29:01","date_gmt":"2024-08-19T05:29:01","guid":{"rendered":"https:\/\/calatorinromania.com\/?p=33466"},"modified":"2025-10-23T08:14:08","modified_gmt":"2025-10-23T08:14:08","slug":"prajitura-alba-ca-zapada-desertul-perfect-pentru-orice-ocazie","status":"publish","type":"post","link":"http:\/\/calatorinromania.com\/?p=33466","title":{"rendered":"Pr\u0103jitura \u201eAlb\u0103 ca Z\u0103pada\u201d \u2013 Desertul Perfect pentru Orice Ocazie"},"content":{"rendered":"\n<p>Dac\u0103 vrei s\u0103 impresionezi cu un desert cu adev\u0103rat special, pr\u0103jitura \u201eAlb\u0103 ca Z\u0103pada\u201d este alegerea perfect\u0103! Acest desert spectaculos combin\u0103 texturi crocante cu o crem\u0103 fin\u0103 \u0219i o glazur\u0103 de ciocolat\u0103 care \u00eel face s\u0103 fie irezistibil. De\u0219i necesit\u0103 pu\u021bin\u0103 aten\u021bie la detalii, rezultatul va merita fiecare efort! \ud83d\ude0d<\/p>\n\n\n\n<p><\/p>\n\n\n\n<h3>Ingrediente<\/h3>\n\n\n\n<p><\/p>\n\n\n\n<h4>Pentru Aluat:<\/h4>\n\n\n\n<ul>\n<li><strong>550 g f\u0103in\u0103<\/strong><\/li>\n\n\n\n<li><strong>200 g unt<\/strong><\/li>\n\n\n\n<li><strong>165 g zah\u0103r<\/strong><\/li>\n\n\n\n<li><strong>2 ou\u0103<\/strong><\/li>\n\n\n\n<li><strong>3 linguri lapte<\/strong><\/li>\n\n\n\n<li><strong>1 plic bicarbonat de sodiu<\/strong><\/li>\n\n\n\n<li><strong>Un v\u00e2rf de sare<\/strong><\/li>\n<\/ul>\n\n\n\n<p><\/p>\n\n\n\n<h4>Pentru Crem\u0103:<\/h4>\n\n\n\n<ul>\n<li><strong>1 l lapte<\/strong><\/li>\n\n\n\n<li><strong>200 g unt<\/strong><\/li>\n\n\n\n<li><strong>90 g amidon de porumb<\/strong><\/li>\n\n\n\n<li><strong>10 linguri zah\u0103r<\/strong><\/li>\n\n\n\n<li><strong>3 linguri zah\u0103r pudr\u0103<\/strong><\/li>\n\n\n\n<li><strong>3 g\u0103lbenu\u0219uri<\/strong><\/li>\n\n\n\n<li><strong>Suc de l\u0103m\u00e2ie (dup\u0103 gust)<\/strong> \ud83c\udf4b<\/li>\n<\/ul>\n\n\n\n<p><\/p>\n\n\n\n<h4>Pentru Glazur\u0103:<\/h4>\n\n\n\n<ul>\n<li><strong>100 g ciocolat\u0103 alb\u0103<\/strong><\/li>\n\n\n\n<li><strong>1 tablet\u0103 ciocolat\u0103 cu lapte<\/strong><\/li>\n\n\n\n<li><strong>4 linguri fri\u0219c\u0103<\/strong><\/li>\n<\/ul>\n\n\n\n<p><\/p>\n\n\n\n<h3>Instruc\u021biuni<\/h3>\n\n\n\n<h4>1\ufe0f\u20e3 Preg\u0103tirea Aluatului:<\/h4>\n\n\n\n<p>\u00centr-un bol mare, <strong>bate untul moale<\/strong> \u00eempreun\u0103 cu zah\u0103rul, sarea \u0219i ou\u0103le p\u00e2n\u0103 ob\u021bii o spum\u0103 fin\u0103. Adaug\u0103 laptele, f\u0103ina cernut\u0103 \u0219i bicarbonatul de sodiu, amestec\u00e2nd p\u00e2n\u0103 c\u00e2nd se formeaz\u0103 un <strong>aluat neted<\/strong> \u0219i nelipicios. Acoper\u0103 aluatul cu un prosop \u0219i las\u0103-l s\u0103 se odihneasc\u0103 aproximativ <strong>20 de minute<\/strong> la temperatura camerei.<\/p>\n\n\n\n<p>\u00cemparte aluatul \u00een <strong>patru p\u0103r\u021bi egale<\/strong> \u0219i \u00eentinde fiecare parte \u00eentr-o foaie sub\u021bire. Taie foile \u00een dreptunghiuri egale \u0219i a\u0219az\u0103-le pe h\u00e2rtie de copt. <strong>Coace-le \u00een cuptorul pre\u00eenc\u0103lzit la 180\u00b0C<\/strong> pentru 8-10 minute, p\u00e2n\u0103 devin u\u0219or aurii.<\/p>\n\n\n\n<p><\/p>\n\n\n\n<h4>2\ufe0f\u20e3 Preg\u0103tirea Cremei:<\/h4>\n\n\n\n<p>\u00centr-o oal\u0103, bate g\u0103lbenu\u0219urile cu amidonul de porumb \u0219i zah\u0103rul. Adaug\u0103 laptele, amestec\u00e2nd continuu, \u0219i las\u0103 compozi\u021bia pe foc mic p\u00e2n\u0103 c\u00e2nd crema se \u00eengroa\u0219\u0103. Dup\u0103 ce s-a \u00eengro\u0219at, <strong>adaug\u0103 untul, zah\u0103rul pudr\u0103 \u0219i sucul de l\u0103m\u00e2ie<\/strong>, amestec\u00e2nd p\u00e2n\u0103 devine fin\u0103 \u0219i cremoas\u0103. Las\u0103 crema s\u0103 se r\u0103ceasc\u0103 complet.<\/p>\n\n\n\n<p><\/p>\n\n\n\n<h4>3\ufe0f\u20e3 Prepararea Glazurii:<\/h4>\n\n\n\n<p>Tope\u0219te <strong>ciocolata alb\u0103<\/strong> \u00eentr-o baie de aburi \u0219i amestec-o cu fri\u0219ca. \u00centr-un alt bol, tope\u0219te <strong>ciocolata cu lapte<\/strong> \u0219i amestec-o cu restul de fri\u0219c\u0103. Aceast\u0103 glazur\u0103 va ad\u0103uga o not\u0103 elegant\u0103 \u0219i un gust divin pr\u0103jiturii.<\/p>\n\n\n\n<p><\/p>\n\n\n\n<h4>4\ufe0f\u20e3 Asamblarea Pr\u0103jiturii:<\/h4>\n\n\n\n<ul>\n<li><strong>A\u0219az\u0103 prima foaie<\/strong> pe un platou \u0219i \u00eentinde o treime din crem\u0103 pe toat\u0103 suprafa\u021ba.<\/li>\n\n\n\n<li>Continu\u0103 cu a doua foaie, un alt strat de crem\u0103, a treia foaie \u0219i restul de crem\u0103.<\/li>\n\n\n\n<li>A\u0219az\u0103 ultima foaie \u0219i \u00eentinde glazura de ciocolat\u0103 alb\u0103 pe deasupra.<\/li>\n\n\n\n<li>Decoreaz\u0103 cu ciocolata cu lapte topit\u0103, pentru un aspect atr\u0103g\u0103tor.<\/li>\n<\/ul>\n\n\n\n<p>\ud83d\udd12 <strong>Las\u0103 pr\u0103jitura s\u0103 se r\u0103ceasc\u0103 bine<\/strong>, apoi pune-o la frigider pentru <strong>cel pu\u021bin 24 de ore<\/strong> \u2013 astfel aromele se vor \u00eentrep\u0103trunde perfect, iar pr\u0103jitura va deveni fraged\u0103 \u0219i u\u0219or de por\u021bionat.<\/p>\n\n\n\n<p><\/p>\n\n\n\n<h3>\ud83c\udf74 Servire:<\/h3>\n\n\n\n<p>Taie pr\u0103jitura \u00een cuburi \u0219i serve\u0219te-o al\u0103turi de o cafea sau un ceai de calitate! Savureaz\u0103 fiecare strat delicios \u0219i \u00eemp\u0103rt\u0103\u0219e\u0219te momentele dulci cu cei dragi! \ud83d\ude0b\ud83c\udf6b<\/p>\n","protected":false},"excerpt":{"rendered":"<p>Dac\u0103 vrei s\u0103 impresionezi cu un desert cu adev\u0103rat special, pr\u0103jitura \u201eAlb\u0103 ca Z\u0103pada\u201d este alegerea perfect\u0103! Acest desert spectaculos combin\u0103 texturi crocante cu o<\/p>\n","protected":false},"author":1,"featured_media":33467,"comment_status":"closed","ping_status":"closed","sticky":false,"template":"","format":"standard","meta":[],"categories":[1],"tags":[],"_links":{"self":[{"href":"http:\/\/calatorinromania.com\/index.php?rest_route=\/wp\/v2\/posts\/33466"}],"collection":[{"href":"http:\/\/calatorinromania.com\/index.php?rest_route=\/wp\/v2\/posts"}],"about":[{"href":"http:\/\/calatorinromania.com\/index.php?rest_route=\/wp\/v2\/types\/post"}],"author":[{"embeddable":true,"href":"http:\/\/calatorinromania.com\/index.php?rest_route=\/wp\/v2\/users\/1"}],"replies":[{"embeddable":true,"href":"http:\/\/calatorinromania.com\/index.php?rest_route=%2Fwp%2Fv2%2Fcomments&post=33466"}],"version-history":[{"count":2,"href":"http:\/\/calatorinromania.com\/index.php?rest_route=\/wp\/v2\/posts\/33466\/revisions"}],"predecessor-version":[{"id":35639,"href":"http:\/\/calatorinromania.com\/index.php?rest_route=\/wp\/v2\/posts\/33466\/revisions\/35639"}],"wp:featuredmedia":[{"embeddable":true,"href":"http:\/\/calatorinromania.com\/index.php?rest_route=\/wp\/v2\/media\/33467"}],"wp:attachment":[{"href":"http:\/\/calatorinromania.com\/index.php?rest_route=%2Fwp%2Fv2%2Fmedia&parent=33466"}],"wp:term":[{"taxonomy":"category","embeddable":true,"href":"http:\/\/calatorinromania.com\/index.php?rest_route=%2Fwp%2Fv2%2Fcategories&post=33466"},{"taxonomy":"post_tag","embeddable":true,"href":"http:\/\/calatorinromania.com\/index.php?rest_route=%2Fwp%2Fv2%2Ftags&post=33466"}],"curies":[{"name":"wp","href":"https:\/\/api.w.org\/{rel}","templated":true}]}}