{"id":32170,"date":"2024-07-05T08:20:53","date_gmt":"2024-07-05T08:20:53","guid":{"rendered":"https:\/\/calatorinromania.com\/?p=32170"},"modified":"2025-03-05T23:04:28","modified_gmt":"2025-03-05T23:04:28","slug":"reteta-rapida-si-delicioasa-prajitura-cu-mere-pentru-momentele-cand-vrei-ceva-bun-fara-efort","status":"publish","type":"post","link":"http:\/\/calatorinromania.com\/?p=32170","title":{"rendered":"Re\u021bet\u0103 rapid\u0103 \u0219i delicioas\u0103: Prajitura cu mere pentru momentele c\u00e2nd vrei ceva bun f\u0103r\u0103 efort"},"content":{"rendered":"\n<p>Descoper\u0103 secretul unei pr\u0103jituri cu mere pentru lenesi, o re\u021bet\u0103 simpl\u0103 perfect\u0103 pentru momentele \u00een care dore\u0219ti s\u0103 preg\u0103te\u0219ti ceva rapid \u0219i savuros. Iat\u0103 ingredientele de care ai nevoie:<\/p>\n\n\n\n<p><strong>Ingrediente<\/strong>:<\/p>\n\n\n\n<ul>\n<li>4 ou\u0103<\/li>\n\n\n\n<li>1 can\u0103 de zah\u0103r<\/li>\n\n\n\n<li>1 can\u0103 iaurt<\/li>\n\n\n\n<li>9 linguri de ulei vegetal<\/li>\n\n\n\n<li>2 cani f\u0103in\u0103<\/li>\n\n\n\n<li>1 praf de copt<\/li>\n<\/ul>\n\n\n\n<p><strong>Pentru umplutur\u0103:<\/strong><\/p>\n\n\n\n<ul>\n<li>1 kg mere<\/li>\n\n\n\n<li>3 linguri de ulei vegetal<\/li>\n\n\n\n<li>3 linguri de gri\u0219<\/li>\n\n\n\n<li>1 can\u0103 de zah\u0103r (sau dup\u0103 gust)<\/li>\n\n\n\n<li>1 linguri\u021b\u0103 scor\u021bi\u0219oar\u0103<\/li>\n<\/ul>\n\n\n\n<p><strong>Mod de preparare:<\/strong><\/p>\n\n\n\n<ol>\n<li>Bateti ou\u0103le cu zah\u0103rul p\u00e2n\u0103 c\u00e2nd zah\u0103rul se tope\u0219te bine. Adauga\u021bi uleiul \u0219i iaurtul, apoi incorpora\u021bi f\u0103ina \u0219i praful de copt. \u00cemp\u0103r\u021bi\u021bi amestecul \u00een dou\u0103 p\u0103r\u021bi egale.<\/li>\n\n\n\n<li>Pune\u021bi o parte din amestec \u00eentr-o tav\u0103 uns\u0103 cu dimensiunea de 25\u00d735 cm \u0219i coace\u021bi \u00eentr-un cuptor pre\u00eenc\u0103lzit la 190 de grade timp de aproximativ 10 minute.<\/li>\n\n\n\n<li>\u00cen acest timp, c\u0103li\u021bi merele rase cu zah\u0103rul, apoi ad\u0103uga\u021bi gri\u0219ul \u0219i scor\u021bi\u0219oara. Scoate\u021bi tava din cuptor, a\u0219eza\u021bi uniform umplutura de mere pe \u00eentregul aluat aproape copt, apoi ad\u0103uga\u021bi a doua parte a amestecului de aluat.<\/li>\n\n\n\n<li>Coace\u021bi p\u00e2n\u0103 c\u00e2nd pr\u0103jitura cap\u0103t\u0103 o culoare frumoas\u0103 de caramelizare. Pres\u0103ra\u021bi pr\u0103jitura cu zah\u0103r pudr\u0103, l\u0103sa\u021bi s\u0103 se r\u0103ceasc\u0103, t\u0103ia\u021bi \u00een cuburi \u0219i servi\u021bi. Bucura\u021bi-v\u0103 de o delicates\u0103 delicioas\u0103, f\u0103r\u0103 prea mult efort!<\/li>\n<\/ol>\n","protected":false},"excerpt":{"rendered":"<p>Descoper\u0103 secretul unei pr\u0103jituri cu mere pentru lenesi, o re\u021bet\u0103 simpl\u0103 perfect\u0103 pentru momentele \u00een care dore\u0219ti s\u0103 preg\u0103te\u0219ti ceva rapid \u0219i savuros. Iat\u0103 ingredientele<\/p>\n","protected":false},"author":1,"featured_media":32171,"comment_status":"closed","ping_status":"closed","sticky":false,"template":"","format":"standard","meta":[],"categories":[1],"tags":[],"_links":{"self":[{"href":"http:\/\/calatorinromania.com\/index.php?rest_route=\/wp\/v2\/posts\/32170"}],"collection":[{"href":"http:\/\/calatorinromania.com\/index.php?rest_route=\/wp\/v2\/posts"}],"about":[{"href":"http:\/\/calatorinromania.com\/index.php?rest_route=\/wp\/v2\/types\/post"}],"author":[{"embeddable":true,"href":"http:\/\/calatorinromania.com\/index.php?rest_route=\/wp\/v2\/users\/1"}],"replies":[{"embeddable":true,"href":"http:\/\/calatorinromania.com\/index.php?rest_route=%2Fwp%2Fv2%2Fcomments&post=32170"}],"version-history":[{"count":1,"href":"http:\/\/calatorinromania.com\/index.php?rest_route=\/wp\/v2\/posts\/32170\/revisions"}],"predecessor-version":[{"id":32172,"href":"http:\/\/calatorinromania.com\/index.php?rest_route=\/wp\/v2\/posts\/32170\/revisions\/32172"}],"wp:featuredmedia":[{"embeddable":true,"href":"http:\/\/calatorinromania.com\/index.php?rest_route=\/wp\/v2\/media\/32171"}],"wp:attachment":[{"href":"http:\/\/calatorinromania.com\/index.php?rest_route=%2Fwp%2Fv2%2Fmedia&parent=32170"}],"wp:term":[{"taxonomy":"category","embeddable":true,"href":"http:\/\/calatorinromania.com\/index.php?rest_route=%2Fwp%2Fv2%2Fcategories&post=32170"},{"taxonomy":"post_tag","embeddable":true,"href":"http:\/\/calatorinromania.com\/index.php?rest_route=%2Fwp%2Fv2%2Ftags&post=32170"}],"curies":[{"name":"wp","href":"https:\/\/api.w.org\/{rel}","templated":true}]}}